{"id":35384,"date":"2015-07-10T00:00:32","date_gmt":"2015-07-10T03:00:32","guid":{"rendered":"http:\/\/notinor.com\/jujuy\/?p=35384"},"modified":"2015-07-09T22:48:57","modified_gmt":"2015-07-10T01:48:57","slug":"hoy-podemos-venir-a-tucuman-a-hablar-de-independencia-en-serio","status":"publish","type":"post","link":"https:\/\/notinor.com\/jujuy\/hoy-podemos-venir-a-tucuman-a-hablar-de-independencia-en-serio\/","title":{"rendered":"\"Hoy podemos venir a Tucum\u00e1n a hablar de Independencia en serio\""},"content":{"rendered":"<p>La Presidenta visit\u00f3 la Casa de Tucum\u00e1n y encabez\u00f3 un acto en el que llam\u00f3 a profundizar el proyecto pol\u00edtico y econ\u00f3mico del kirchnerismo<\/p>\n<p>La presidenta Cristina Kirchner hizo un llamado en Tucum\u00e1n, donde encabez\u00f3 los festejos por el 9 de Julio, a \"defender los construido para no volver a pol\u00edticas neoliberales\" y destac\u00f3 que su Gobierno \"puede hablar de independencia en serio\".<\/p>\n<p>La mandataria pidi\u00f3 repensar la actual situaci\u00f3n econ\u00f3mica de Grecia y las negociaciones con sus acreedores. \"En ese espejo podemos vernos los argentinos si en vez de elaborar un proyecto de reindustralizaci\u00f3n, trabajo e inclusi\u00f3n estar\u00edamos igual que esos otros pa\u00edses. Que no nos vengan a contar cosas que vivimos\", argument\u00f3.<\/p>\n<p>All\u00ed estuvieron presentes el precandidato a presidente del FPV, Daniel Scioli; los precandidatos a gobernador de Buenos Aires, An\u00edbal Fern\u00e1ndez y Juli\u00e1n Dom\u00ednguez; y ministros del gabinete nacional.<\/p>\n<p>Al respecto, la Presidenta destac\u00f3 la pol\u00edtica soberana de desendeudamiento y pidi\u00f3 que \"nunca m\u00e1s la Argentina se vuelva a endeudar para pagar deuda\". \"Va a haber muchos intentos en la regi\u00f3n de volver a pol\u00edticas neoliberales en donde el Estado desaparezca para permitir que otros hagan sus negocios\", complet\u00f3.<\/p>\n<p>Cristina Kirchner defendi\u00f3 a su proyecto pol\u00edtico como \"inclusivo en serio, no s\u00f3lo para los pobres sino para los 40 millones de argentinos. Nunca estuvimos tan integrados con el mundo, nunca creci\u00f3 tanto nuestro producto y nunca ganaron tanto los empresarios y comerciantes\".<\/p>\n<p>Asimismo hizo un llamado a profundizar el proyecto pol\u00edtico del kirchnerismo. \"No estoy satisfecha, un pol\u00edtico nunca puede estar satisfecho. Todav\u00eda faltan muchas cosas por hacer, hay que seguir profundizando la industrializaci\u00f3n, la inclusi\u00f3n y las pol\u00edticas para generar trabajo\", explic\u00f3.<\/p>\n<p>M\u00e1s temprano, durante el tedeum en la Capital provincial, el arzobispo local, frente al gobernador Jos\u00e9 Alperovich, critic\u00f3 al oficialismo. \"\u00bfDe qu\u00e9 democracia hablamos si se convierte en enemigo al que discrepa?\", dijo durante un mensaje en el que critic\u00f3 el protocolo del aborto y la ley de fertilizaci\u00f3n asistida.<\/p>\n","protected":false},"excerpt":{"rendered":"<p>La Presidenta visit\u00f3 la Casa de Tucum\u00e1n y encabez\u00f3 un acto en el que llam\u00f3 a profundizar el proyecto pol\u00edtico y econ\u00f3mico del kirchnerismo La presidenta Cristina Kirchner hizo un llamado en Tucum\u00e1n, donde encabez\u00f3 los festejos por el 9 de Julio, a \"defender los construido para no volver a pol\u00edticas neoliberales\" y destac\u00f3 que [&hellip;]<\/p>\n","protected":false},"author":1,"featured_media":35385,"comment_status":"open","ping_status":"open","sticky":false,"template":"","format":"standard","meta":{"_stopmodifiedupdate":false,"_modified_date":"","inline_featured_image":false},"categories":[5],"tags":[],"jetpack_featured_media_url":"https:\/\/notinor.com\/jujuy\/wp-content\/uploads\/2015\/07\/cristina-independencia.jpg","_links":{"self":[{"href":"https:\/\/notinor.com\/jujuy\/wp-json\/wp\/v2\/posts\/35384"}],"collection":[{"href":"https:\/\/notinor.com\/jujuy\/wp-json\/wp\/v2\/posts"}],"about":[{"href":"https:\/\/notinor.com\/jujuy\/wp-json\/wp\/v2\/types\/post"}],"author":[{"embeddable":true,"href":"https:\/\/notinor.com\/jujuy\/wp-json\/wp\/v2\/users\/1"}],"replies":[{"embeddable":true,"href":"https:\/\/notinor.com\/jujuy\/wp-json\/wp\/v2\/comments?post=35384"}],"version-history":[{"count":1,"href":"https:\/\/notinor.com\/jujuy\/wp-json\/wp\/v2\/posts\/35384\/revisions"}],"predecessor-version":[{"id":35386,"href":"https:\/\/notinor.com\/jujuy\/wp-json\/wp\/v2\/posts\/35384\/revisions\/35386"}],"wp:featuredmedia":[{"embeddable":true,"href":"https:\/\/notinor.com\/jujuy\/wp-json\/wp\/v2\/media\/35385"}],"wp:attachment":[{"href":"https:\/\/notinor.com\/jujuy\/wp-json\/wp\/v2\/media?parent=35384"}],"wp:term":[{"taxonomy":"category","embeddable":true,"href":"https:\/\/notinor.com\/jujuy\/wp-json\/wp\/v2\/categories?post=35384"},{"taxonomy":"post_tag","embeddable":true,"href":"https:\/\/notinor.com\/jujuy\/wp-json\/wp\/v2\/tags?post=35384"}],"curies":[{"name":"wp","href":"https:\/\/api.w.org\/{rel}","templated":true}]}}