{"id":353833,"date":"2022-09-13T12:28:09","date_gmt":"2022-09-13T15:28:09","guid":{"rendered":"https:\/\/notinor.com\/jujuy\/?p=353833"},"modified":"2022-09-13T12:28:15","modified_gmt":"2022-09-13T15:28:15","slug":"comienza-en-la-catedral-basilica-el-triduo-del-milagro-con-la-solemnidad-a-la-virgen","status":"publish","type":"post","link":"https:\/\/notinor.com\/jujuy\/comienza-en-la-catedral-basilica-el-triduo-del-milagro-con-la-solemnidad-a-la-virgen\/","title":{"rendered":"Comienza en la Catedral Bas\u00edlica el Triduo del Milagro con la Solemnidad a la Virgen"},"content":{"rendered":"\n<p class=\"has-medium-font-size\"><em><strong>La fiesta patronal en Salta tendr\u00e1 a partir de este martes las ceremonias del Triduo del Milagro en la Catedral Bas\u00edlica. En la fecha, est\u00e1 prevista la Solemnidad de la Bienaventurada Virgen del Milagro.<\/strong><\/em><\/p>\n\n\n\n<div class=\"wp-block-image\"><figure class=\"aligncenter size-large\"><img decoding=\"async\" loading=\"lazy\" width=\"840\" height=\"322\" src=\"https:\/\/notinor.com\/jujuy\/wp-content\/uploads\/2022\/09\/catedral-de-salta-840x322.jpg\" alt=\"\" class=\"wp-image-353834\" srcset=\"https:\/\/notinor.com\/jujuy\/wp-content\/uploads\/2022\/09\/catedral-de-salta-840x322.jpg 840w, https:\/\/notinor.com\/jujuy\/wp-content\/uploads\/2022\/09\/catedral-de-salta-660x253.jpg 660w, https:\/\/notinor.com\/jujuy\/wp-content\/uploads\/2022\/09\/catedral-de-salta-768x294.jpg 768w, https:\/\/notinor.com\/jujuy\/wp-content\/uploads\/2022\/09\/catedral-de-salta-750x288.jpg 750w, https:\/\/notinor.com\/jujuy\/wp-content\/uploads\/2022\/09\/catedral-de-salta.jpg 900w\" sizes=\"(max-width: 840px) 100vw, 840px\" \/><\/figure><\/div>\n\n\n\n<p>Con la celebraci\u00f3n de una misa central a partir de las 10, oportunidad en que se dar\u00e1n cita acompa\u00f1ando al Arzobispo de Salta, monse\u00f1or&nbsp;<strong>Mario Antonio Cargnello<\/strong>, los sacerdotes y dem\u00e1s religiosos de la Di\u00f3cesis de Salta.<\/p>\n\n\n\n<p>Oportuno es de destacar que para la festividad fueron invitados el Nuncio Apost\u00f3lico monse\u00f1or&nbsp;<strong>Adamczyk<\/strong>,&nbsp;<strong>Miroslawas\u00ed<\/strong>&nbsp;as\u00ed como obispos de distintas provincias. Si bien hasta anoche no se confirm\u00f3 la presencia del nuncio, \u00e9ste podr\u00eda arribar para la jornada central del Milagro que se desarrollar\u00e1 el pr\u00f3ximo jueves 15 de septiembre.<\/p>\n\n\n\n<p>Dada la cercan\u00eda es segura la asistencia de los obispos de Jujuy, de Tucum\u00e1n, de Catamarca, de Santiago del Estero y de otros puntos del pa\u00eds.<\/p>\n\n\n\n<p>Monse\u00f1or&nbsp;<strong>Luis Antonio<\/strong>&nbsp;<strong>Scozzina<\/strong>&nbsp;del obispado de Or\u00e1n, as\u00ed como el titular de la Prelatura de Cafayate, indudablemente concurrir\u00e1n, as\u00ed como desde la Prelatura de Humahuaca que durante estos a\u00f1os dijo presente acompa\u00f1ando a los salte\u00f1os a rendir honores al Se\u00f1or y la Virgen del Milagro.<\/p>\n\n\n\n<p>El Triduo continuar\u00e1 ma\u00f1ana con la Exaltaci\u00f3n de la Cruz, con misa central tambi\u00e9n a partir de las 10.<\/p>\n\n\n\n<p>Y tendr\u00e1 su jornada final el jueves con la solemnidad del Se\u00f1or del Milagro, con misa estacional desde las 10.<\/p>\n\n\n\n<p><strong>Procesi\u00f3n de Penitencia<\/strong><\/p>\n\n\n\n<p>La octava jornada de la novena en honor al Se\u00f1or y la Virgen del Milagro tendr\u00e1 esta noche, a partir de las 17.30, una misa con posterior partida de la Procesi\u00f3n de Penitencia con la Cruz Primitiva, desde la Parroquia San Juan Bautista de la Merced (Caseros 857).<\/p>\n\n\n\n<p>Har\u00e1 un recorrido por las calles c\u00e9ntricas, la plaza 9 de Julio, haciendo su ingreso por \u00faltimo a la Catedral. &nbsp;&nbsp;&nbsp;&nbsp;<\/p>\n\n\n\n<p>Habr\u00e1 rezos en el andar con gratitudes y pedidos a los Santos Patronos.<\/p>\n\n\n\n<p>La Procesi\u00f3n de Penitencia, se inform\u00f3 que podr\u00e1 ser seguida mediante transmisi\u00f3n a trav\u00e9s del Facebook de la parroquia de La Merced.<\/p>\n\n\n\n<p>Las autoridades eclesi\u00e1sticas destacaron que despu\u00e9s de dos a\u00f1os de pandemia, vuelve a caminar el pueblo peregrino, en las que expresa p\u00fablicamente su fe.<\/p>\n\n\n\n<p>Salimos de la comodidad de nuestros c\u00edrculos de confianza para arriesgarnos a caminar con desconocidos; somos invitados a cruzar a la otra orilla del hermano que tambi\u00e9n ha sido atra\u00eddo por el Se\u00f1or.<\/p>\n\n\n\n<p>Indican que el Milagro naci\u00f3 bajo la sombra amorosa de la Cruz, signo que se coloc\u00f3 en la plaza principal, luego de los primeros terremotos de 1692 que sacudieron el suelo salte\u00f1o.<\/p>\n\n\n\n<p><strong>Octava jornada de la novena<\/strong><\/p>\n\n\n\n<p>Con el lema \"Milagro camino de esperanza, testimonio y fraternidad\", dar\u00e1 continuidad hoy el rezo de la novena en honor a los patrones tutelares de Salta.<\/p>\n\n\n\n<p>En la octava jornada del novenario, a las 6.30 ser\u00e1 el primer rezo.<\/p>\n\n\n\n<p>Luego, a las 7, 8, 13 y 19 ser\u00e1n oficiadas misas sin rezo de novenas.&nbsp;<\/p>\n\n\n\n<p>Mientras que a las 17, 20.30 y 22 horas las misas ser\u00e1n acompa\u00f1adas con el rezo de la novena.<\/p>\n\n\n\n<p><strong>Seguridad y salud<\/strong><\/p>\n\n\n\n<p>Todo lo atinente a seguridad y salud, se cumplen estos d\u00edas ante la masiva presencia de fieles a la Catedral, con motivo del novenario.<\/p>\n\n\n\n<p>Efectivos de la polic\u00eda de la provincia cubren el resguardo de las personas y hacen prevenci\u00f3n contando con la red de c\u00e1maras de seguridad. Mientras que personal de tr\u00e1nsito de la municipalidad evita que se incumplan las restricciones de ingreso hacia la plaza 9 de Julio y la Catedral. Por su parte, personal del SAMEC mantiene apostado a un costado de la Catedral sobre calle Espa\u00f1a, una carpa de campa\u00f1a, en la que se asiste a personas que pudieran tener alg\u00fan problema de salud, motivados por picos de presi\u00f3n, tambi\u00e9n a peregrinos que arriban al Santuario con algunas dificultades tras un largo recorrido, tanto de aquellos que lo hacen a pie, otros en caballos o bien en bicicletas, como ha sucedido en la v\u00edspera.<\/p>\n\n\n\n<p><\/p>\n","protected":false},"excerpt":{"rendered":"<p>La fiesta patronal en Salta tendr\u00e1 a partir de este martes las ceremonias del Triduo del Milagro en la Catedral Bas\u00edlica. En la fecha, est\u00e1 prevista la Solemnidad de la Bienaventurada Virgen del Milagro. Con la celebraci\u00f3n de una misa central a partir de las 10, oportunidad en que se dar\u00e1n cita acompa\u00f1ando al Arzobispo [&hellip;]<\/p>\n","protected":false},"author":37,"featured_media":353834,"comment_status":"open","ping_status":"open","sticky":false,"template":"","format":"standard","meta":{"_stopmodifiedupdate":false,"_modified_date":"","inline_featured_image":false,"spay_email":"","jetpack_publicize_message":""},"categories":[5],"tags":[],"jetpack_featured_media_url":"https:\/\/notinor.com\/jujuy\/wp-content\/uploads\/2022\/09\/catedral-de-salta.jpg","jetpack_publicize_connections":[],"_links":{"self":[{"href":"https:\/\/notinor.com\/jujuy\/wp-json\/wp\/v2\/posts\/353833"}],"collection":[{"href":"https:\/\/notinor.com\/jujuy\/wp-json\/wp\/v2\/posts"}],"about":[{"href":"https:\/\/notinor.com\/jujuy\/wp-json\/wp\/v2\/types\/post"}],"author":[{"embeddable":true,"href":"https:\/\/notinor.com\/jujuy\/wp-json\/wp\/v2\/users\/37"}],"replies":[{"embeddable":true,"href":"https:\/\/notinor.com\/jujuy\/wp-json\/wp\/v2\/comments?post=353833"}],"version-history":[{"count":1,"href":"https:\/\/notinor.com\/jujuy\/wp-json\/wp\/v2\/posts\/353833\/revisions"}],"predecessor-version":[{"id":353835,"href":"https:\/\/notinor.com\/jujuy\/wp-json\/wp\/v2\/posts\/353833\/revisions\/353835"}],"wp:featuredmedia":[{"embeddable":true,"href":"https:\/\/notinor.com\/jujuy\/wp-json\/wp\/v2\/media\/353834"}],"wp:attachment":[{"href":"https:\/\/notinor.com\/jujuy\/wp-json\/wp\/v2\/media?parent=353833"}],"wp:term":[{"taxonomy":"category","embeddable":true,"href":"https:\/\/notinor.com\/jujuy\/wp-json\/wp\/v2\/categories?post=353833"},{"taxonomy":"post_tag","embeddable":true,"href":"https:\/\/notinor.com\/jujuy\/wp-json\/wp\/v2\/tags?post=353833"}],"curies":[{"name":"wp","href":"https:\/\/api.w.org\/{rel}","templated":true}]}}