{"id":353830,"date":"2022-09-13T12:15:14","date_gmt":"2022-09-13T15:15:14","guid":{"rendered":"https:\/\/notinor.com\/jujuy\/?p=353830"},"modified":"2022-09-13T12:15:20","modified_gmt":"2022-09-13T15:15:20","slug":"empieza-la-fiesta-del-milagro-y-el-peregrinaje-mas-largo-que-se-vive-en-salta","status":"publish","type":"post","link":"https:\/\/notinor.com\/jujuy\/empieza-la-fiesta-del-milagro-y-el-peregrinaje-mas-largo-que-se-vive-en-salta\/","title":{"rendered":"Empieza la Fiesta del Milagro y el peregrinaje m\u00e1s largo que se vive en Salta"},"content":{"rendered":"\n<p class=\"has-medium-font-size\"><em><strong>En esta ocasi\u00f3n, la festividad se desarrolla bajo el lema \"Milagro, camino de esperanza, testimonio y fraternidad\". Luego de dos a\u00f1os de pandemia, esta vez ser\u00e1 sin restricciones.<\/strong><\/em><\/p>\n\n\n\n<div class=\"wp-block-image\"><figure class=\"aligncenter size-large\"><img decoding=\"async\" loading=\"lazy\" width=\"840\" height=\"473\" src=\"https:\/\/notinor.com\/jujuy\/wp-content\/uploads\/2022\/09\/645650-milagro-840x473.jpg\" alt=\"\" class=\"wp-image-353831\" srcset=\"https:\/\/notinor.com\/jujuy\/wp-content\/uploads\/2022\/09\/645650-milagro-840x473.jpg 840w, https:\/\/notinor.com\/jujuy\/wp-content\/uploads\/2022\/09\/645650-milagro-649x365.jpg 649w, https:\/\/notinor.com\/jujuy\/wp-content\/uploads\/2022\/09\/645650-milagro-768x432.jpg 768w, https:\/\/notinor.com\/jujuy\/wp-content\/uploads\/2022\/09\/645650-milagro-750x422.jpg 750w, https:\/\/notinor.com\/jujuy\/wp-content\/uploads\/2022\/09\/645650-milagro.jpg 960w\" sizes=\"(max-width: 840px) 100vw, 840px\" \/><\/figure><\/div>\n\n\n\n<p><strong>La tradicional festividad religiosa del Se\u00f1or y la Virgen del Milagro volver\u00e1 a congregar a miles de fieles, despu\u00e9s de dos a\u00f1os de restricciones por la pandemia de la covid-19.&nbsp;<\/strong>Se trata de la fiesta m\u00e1s popular y concurrida de la provincia de Salta, con cientos de miles de personas cada 15 de septiembre, d\u00eda en que las im\u00e1genes recorren la ciudad de Salta para concluir en la renovaci\u00f3n del pacto de fidelidad.<\/p>\n\n\n\n<p>Este a\u00f1o la festividad se desarrolla bajo el lema\u00a0<strong>\"Milagro, camino de esperanza, testimonio y fraternidad\"<\/strong>, y se desarrollar\u00e1 sin restricciones, por lo que los organizadores estiman que desbordar\u00e1 de fieles.<\/p>\n\n\n\n<p>Una de las particularidades de la celebraci\u00f3n es la devoci\u00f3n en todo el territorio de la provincia, y que se manifiesta en el peregrinaje de un gran n\u00famero de creyentes. Se calcula que alrededor de 100 mil personas que peregrinan a la capital salte\u00f1a, llegando desde el norte provincial, los Valles Calchaqu\u00edes, la Puna y el Chaco salte\u00f1o.&nbsp;<\/p>\n\n\n\n<p>Uno de esos fieles es<strong>\u00a0Florencio Ab\u00e1n<\/strong>, un hombre de 51 a\u00f1os que peregrina desde hace 8 a\u00f1os, partiendo desde la comunidad kolla San Felipe, del departamento Santa Victoria, a m\u00e1s de 540 kil\u00f3metros de la ciudad de Salta. Esta es caminata m\u00e1s larga de peregrinos. En esta edici\u00f3n Florencio sali\u00f3 desde la capilla de Santa Victoria Oeste, el 30 de agosto a las 4 de la madrugada, junto a\u00a0<strong>Valent\u00edn y Federico Tejerina, Emilia y Silvia Ab\u00e1n, y Silvia Cruz.\u00a0<\/strong><\/p>\n\n\n\n<p>Partieron por<strong>\u00a0la ruta provincial 7 a Los Toldos<\/strong>, otra localidad del departamento Santa Victoria. Del grupo que hab\u00eda salido de San Felipe, y que\u00a0 a Los Toldos el 31, a la 1 de la madrugada, s\u00f3lo Florencio Ab\u00e1n y Federico Tejerina continuaron el peregrinaje a la Catedral Bas\u00edlica de Salta, como representantes de Santa Victoria.\u00a0\u00a0<\/p>\n\n\n\n<div class=\"wp-block-image\"><figure class=\"aligncenter\"><img decoding=\"async\" src=\"https:\/\/images.pagina12.com.ar\/styles\/width960\/public\/2022-09\/645650-whatsapp-20image-202022-09-09-20at-2015-18-01.jpg?itok=ocQ7DRKu\" alt=\"\" \/><\/figure><\/div>\n\n\n\n<p>San Victoria Oeste y Los Toldos est\u00e1n bastante cerca, distantes solo 89 kil\u00f3metros, pero la comunicaci\u00f3n es dif\u00edcil, porque no hay caminos que las conecten directamente, por lo que los peregrinos deben andar cuidadosamente por caminos rurales que trazaron los lugare\u00f1os.&nbsp;<\/p>\n\n\n\n<p><strong>Otra dificultad es el recorrido de Los Toldos a la capital salte\u00f1a, ya que para ello, deben peregrinar por la ruta nacional 1 de Bolivia<\/strong>, hasta la ciudad de&nbsp;Bermejo, luego cruzar de nuevo a territorio nacional por el pueblo salte\u00f1o de<strong>&nbsp;Aguas Blancas<\/strong>. Ese camino lo hicieron Ab\u00e1n y Tejerina junto a los tolde\u00f1os&nbsp;<strong>Walter Vaca, V\u00edctor Ruiz, Dolores Herrera, \u00c9lida Calizaya<\/strong>&nbsp;y otras diez personas.&nbsp;<\/p>\n\n\n\n<p>En Aguas Blancas se sumaron otros cuatro peregrinos. El 5 de septiembre llegaron a&nbsp;<strong>San Ram\u00f3n de la Nueva Or\u00e1n<\/strong>, y descansaron hasta el d\u00eda siguiente. Restaban 270 kil\u00f3metros para la ciudad de Salta. \"Salud, dinero y amor\", es lo que motiva a Florencio a peregrinar, seg\u00fan cont\u00f3 a Salta\/12, algo muy similar a lo que impulsa a sus compa\u00f1eros de caminata. Aunque los trayectos tambi\u00e9n son acompa\u00f1ados por promesas que hicieron sus fieles a los patronos salte\u00f1os.&nbsp;<\/p>\n\n\n\n<p>Para la madrugada del 6 de septiembre continuaron el peregrinaje, esta vez con otras 300 personas que se sumaron a la caminata.&nbsp;<strong>En el tramo del Chaco salte\u00f1o, el horario de salida suele ser de madrugada, puesto que las temperaturas en esa la zona suelen superar los 35 grados.&nbsp;<\/strong>\"La mayor parte caminamos de madrugada porque est\u00e1 fuerte el calor\", cont\u00f3 Florencio Ab\u00e1n.&nbsp;<\/p>\n\n\n\n<p>Para poder partir a la hora pautada, se suelen armar grupos que ser\u00e1n los encargados de hacer las diferentes comidas del d\u00eda. Por ejemplo, las personas responsables del desayuno se levantan a las 3 porque deben encender el fuego y preparar el t\u00e9 o mate cocido.&nbsp;<\/p>\n\n\n\n<p>Una situaci\u00f3n distinta ocurre con el almuerzo, ya que tratan de llegar a un pueblo en ese horario para poder comer, descansar, y retomar la marcha de nuevo al atardecer. En este caso, otras personas los esperan con un plato de comida y les preparan un lugar para descansar.\u00a0<\/p>\n\n\n\n<div class=\"wp-block-image\"><figure class=\"aligncenter\"><img decoding=\"async\" src=\"https:\/\/images.pagina12.com.ar\/styles\/width960\/public\/2022-09\/645650-whatsapp-20image-202022-09-09-20at-2015-33-06.jpeg?itok=aPkXEnV0\" alt=\"\" \/><\/figure><\/div>\n\n\n\n<p>En cada una de las paradas&nbsp;<strong>\"hay gente que colabora con comida y agua, y si no, juntamos plata y compramos\",&nbsp;<\/strong>dijo Ab\u00e1n. En el atardecer de ayer llegaron a&nbsp;<strong>Pampa Blanca<\/strong>,&nbsp;localidad juje\u00f1a del departamento&nbsp;<strong>El Carmen<\/strong>, donde pasar\u00e1n la noche. Para ese momento, el n\u00famero de peregrinos ya superaba los 600, con los que fueron sum\u00e1ndose en cada lugar por donde viene pasando la caminata.<strong>&nbsp;Se calcula que el 14 de septiembre llegar\u00e1n a la plaza 9 de Julio,<\/strong>&nbsp;la principal de la ciudad de Salta, y en cuyo frente se encuentra la Catedral Bas\u00edlica, sede de las im\u00e1genes del Se\u00f1or y la Virgen del Milagro.<\/p>\n\n\n\n<p>\"Yo camino hace cuatro a\u00f1os con el grupo de (Santa) Victoria y hace unos tres a\u00f1os me sum\u00e9 al grupo de Los Toldos\", cont\u00f3 Florencio. Adem\u00e1s, sabiendo de las grandes distancias que debe recorrer, cont\u00f3 que lo \u00fanico que utiliza para cuidar sus pies y piernas es una pomada para friccionarse los m\u00fasculos.&nbsp;<\/p>\n\n\n\n<p>Algunos peregrinos suelen sumar alg\u00fan medicamento que les contribuya a aliviar el cansancio. A\u00fan as\u00ed, desde la organizaci\u00f3n de la festividad se insiste en que los especiales cuidados que deben tener los creyentes hipertensos, que tienen alguna afectaci\u00f3n card\u00edaca, tienen sobrepeso o no realizan ning\u00fan tipo de actividad f\u00edsica cotidiana.<\/p>\n\n\n\n<p>En esta peregrinaci\u00f3n se conoci\u00f3 la muerte de<strong>&nbsp;Omar Herrera<\/strong>, un trabajador municipal de la parroquia&nbsp;<strong>La Pur\u00edsima (Tartagal)<\/strong>, quien hab\u00eda iniciado su caminata junto a la peregrinaci\u00f3n del Decanato&nbsp;<strong>Virgen de la Pe\u00f1a<\/strong>. En el tramo de General Mosconi el hombre se descompens\u00f3 y si bien recibi\u00f3 atenci\u00f3n en el hospital local, falleci\u00f3. Luego se conoci\u00f3 que sufr\u00eda de hipertensi\u00f3n.&nbsp;<\/p>\n\n\n\n<p>La Fiesta del Milagro comienza cada a\u00f1o hacia fines de julio, con la entronizaci\u00f3n de las im\u00e1genes al costado del altar mayor de la catedral, el punto de partida para el inicio de las visitas de representantes de instituciones al templo, para desembocar, tras unos 50 d\u00edas, en la Semana del Milagro y la tradicional y convocante procesi\u00f3n final.<\/p>\n\n\n\n<div class=\"wp-block-image\"><figure class=\"aligncenter\"><img decoding=\"async\" src=\"https:\/\/images.pagina12.com.ar\/styles\/focal_3_2_960x640\/public\/2022-09\/645650-whatsapp-20image-202022-09-09-20at-2015-24-10.jpeg?itok=1QGU3p7c\" alt=\"Peregrinos de Santa Victoria Oeste y Los Toldos, por la ruta de Bolivia.\u00a0\" \/><\/figure><\/div>\n\n\n\n<h2>C\u00f3mo ser\u00e1 este a\u00f1o<\/h2>\n\n\n\n<p>Para este a\u00f1o se dispusieron operativos especiales de seguridad y sanitarios, que se desarrollar\u00e1n durante toda la Semana del Milagro, y sobre todo<strong>&nbsp;el d\u00eda de la procesi\u00f3n. El gobierno inform\u00f3 que trabajar\u00e1n 5.000 efectivos policiales en la cobertura preventiva y de acompa\u00f1amiento.<\/strong><\/p>\n\n\n\n<p><strong>El 14 ser\u00e1 de vigilia y oraci\u00f3n, por lo que la Catedral permanecer\u00e1 con sus puertas abiertas toda la noche.&nbsp;<\/strong>En la ma\u00f1ana del 15 de septiembre se reeditar\u00e1 el recorrido de las im\u00e1genes peregrinas por los barrios de la ciudad.&nbsp;Los d\u00edas 13 y 14, como cada a\u00f1o, ser\u00e1n no laborables en Salta, mientras que el 15 es feriado provincial.<\/p>\n\n\n\n<p>\"Despu\u00e9s de lo ocurrido el a\u00f1o pasado, con el recorrido de las im\u00e1genes peregrinas, que le hizo tanto bien a mucha gente, se decidi\u00f3 repetir este a\u00f1o, con un recorrido un poco m\u00e1s corto\", se\u00f1al\u00f3 a T\u00e9lam el vicario de la Catedral de Salta,&nbsp;<strong>Javier Romero<\/strong>. Detall\u00f3 que la partida ser\u00e1 a las 8.30 desde la Catedral, que se convierte en el centro neur\u00e1lgico durante todos estos d\u00edas.<br><br>La procesi\u00f3n est\u00e1 programada para las 15, con la salida de la Cruz Procesional, tras lo que har\u00e1 lo propio la imagen de la Virgen de las L\u00e1grimas, para dar paso luego a la Virgen del Milagro y finalmente, al Cristo Crucificado.<br><br>Con sus bases especialmente adornadas con claveles blancos y rojos, recorrer\u00e1n las calles del centro de la ciudad hasta llegar al monumento 20 de Febrero, donde el&nbsp;<strong>arzobispo Mario Cargnello<\/strong>&nbsp;pronunciar\u00e1 su tradicional homil\u00eda y posteriormente encabezar\u00e1 el acto de renovaci\u00f3n del pacto de fidelidad.<br><br>Luego, las im\u00e1genes emprender\u00e1n el regreso a la Catedral Bas\u00edlica, donde ser\u00e1n despedidas con campanadas, pa\u00f1uelos blancos y p\u00e9talos de flores, tras lo que se celebrar\u00e1 la Misa del Peregrino, para dar fin a esta edici\u00f3n de la Fiesta del Milagro.<\/p>\n\n\n\n<p><strong>En 2020 esta fiesta se celebr\u00f3 sin fieles en la Catedral, fue transmitida por internet y no se realiz\u00f3 la procesi\u00f3n<\/strong>, con el objetivo de evitar aglomeraciones y el aumento de contagios de coronavirus en Salta.<\/p>\n\n\n\n<p>Mientras que el a\u00f1o pasado, la procesi\u00f3n se realiz\u00f3, pero<strong>&nbsp;las im\u00e1genes del Se\u00f1or y la Virgen del Milagro recorrieron la ciudad de Salta sin el seguimiento de fieles<\/strong>, que solo pudieron contemplarlas por las redes o con aforo en las veredas.<\/p>\n","protected":false},"excerpt":{"rendered":"<p>En esta ocasi\u00f3n, la festividad se desarrolla bajo el lema \"Milagro, camino de esperanza, testimonio y fraternidad\". Luego de dos a\u00f1os de pandemia, esta vez ser\u00e1 sin restricciones. La tradicional festividad religiosa del Se\u00f1or y la Virgen del Milagro volver\u00e1 a congregar a miles de fieles, despu\u00e9s de dos a\u00f1os de restricciones por la pandemia [&hellip;]<\/p>\n","protected":false},"author":37,"featured_media":353831,"comment_status":"open","ping_status":"open","sticky":false,"template":"","format":"standard","meta":{"_stopmodifiedupdate":false,"_modified_date":"","inline_featured_image":false,"spay_email":"","jetpack_publicize_message":""},"categories":[5],"tags":[],"jetpack_featured_media_url":"https:\/\/notinor.com\/jujuy\/wp-content\/uploads\/2022\/09\/645650-milagro.jpg","jetpack_publicize_connections":[],"_links":{"self":[{"href":"https:\/\/notinor.com\/jujuy\/wp-json\/wp\/v2\/posts\/353830"}],"collection":[{"href":"https:\/\/notinor.com\/jujuy\/wp-json\/wp\/v2\/posts"}],"about":[{"href":"https:\/\/notinor.com\/jujuy\/wp-json\/wp\/v2\/types\/post"}],"author":[{"embeddable":true,"href":"https:\/\/notinor.com\/jujuy\/wp-json\/wp\/v2\/users\/37"}],"replies":[{"embeddable":true,"href":"https:\/\/notinor.com\/jujuy\/wp-json\/wp\/v2\/comments?post=353830"}],"version-history":[{"count":1,"href":"https:\/\/notinor.com\/jujuy\/wp-json\/wp\/v2\/posts\/353830\/revisions"}],"predecessor-version":[{"id":353832,"href":"https:\/\/notinor.com\/jujuy\/wp-json\/wp\/v2\/posts\/353830\/revisions\/353832"}],"wp:featuredmedia":[{"embeddable":true,"href":"https:\/\/notinor.com\/jujuy\/wp-json\/wp\/v2\/media\/353831"}],"wp:attachment":[{"href":"https:\/\/notinor.com\/jujuy\/wp-json\/wp\/v2\/media?parent=353830"}],"wp:term":[{"taxonomy":"category","embeddable":true,"href":"https:\/\/notinor.com\/jujuy\/wp-json\/wp\/v2\/categories?post=353830"},{"taxonomy":"post_tag","embeddable":true,"href":"https:\/\/notinor.com\/jujuy\/wp-json\/wp\/v2\/tags?post=353830"}],"curies":[{"name":"wp","href":"https:\/\/api.w.org\/{rel}","templated":true}]}}