{"id":35374,"date":"2015-07-10T00:01:14","date_gmt":"2015-07-10T03:01:14","guid":{"rendered":"http:\/\/notinor.com\/jujuy\/?p=35374"},"modified":"2015-07-09T22:37:23","modified_gmt":"2015-07-10T01:37:23","slug":"el-parlamento-europeo-enviara-una-mision-a-venezuela-a-pesar-de-las-trabas","status":"publish","type":"post","link":"https:\/\/notinor.com\/jujuy\/el-parlamento-europeo-enviara-una-mision-a-venezuela-a-pesar-de-las-trabas\/","title":{"rendered":"El Parlamento Europeo enviar\u00e1 una misi\u00f3n a Venezuela, a pesar de las trabas"},"content":{"rendered":"<p>Los eurodiputados llegar\u00e1n a Caracas el 16 de julio, aun cuando el gobierno de Nicol\u00e1s Maduro no haya contestado ninguna de sus solicitudes para mantener reuniones que les permitan evaluar la crisis<\/p>\n<p>La presidente de la subcomisi\u00f3n de Derechos Humanos, Elena Valenciano, explic\u00f3 que \"hasta la fecha\" los miembros del gobierno de Nicol\u00e1s Maduro a los que han contactado no han respondido a la petici\u00f3n para mantener un encuentro, pero que aun as\u00ed la misi\u00f3n sigue adelante con las fechas inicialmente previstas hace semanas, del 16 al 19 de julio.<\/p>\n<p>Seg\u00fan fuentes parlamentarias, el Partido Popular Europeo (PPE), el primero en peso en la Euroc\u00e1mara, hab\u00eda pedido posponer la misi\u00f3n si no hab\u00eda voluntad de las autoridades de reunirse con los eurodiputados. \"Intentaremos reunirnos con miembros del Gobierno y tambi\u00e9n con opositores. Se trata de ayudar, no de dificultar m\u00e1s las cosas\", se\u00f1al\u00f3 la eurodiputada socialista.<\/p>\n<p>Valenciano confirm\u00f3 que ser\u00e1 una de los miembros de la delegaci\u00f3n a Venezuela, a la que tambi\u00e9n se sumar\u00e1 \"probablemente\" otro eurodiputado del PSOE, Ram\u00f3n J\u00e1uregui. Tambi\u00e9n tienen una plaza en la misi\u00f3n otros eurodiputados espa\u00f1oles, como Luis De Grandes (PP), Fernando Maura (independiente liberal expulsado de UPyD) y Javier Couso (IU).<\/p>\n<p>En el \u00faltimo a\u00f1o, la Euroc\u00e1mara ha aprobado hasta tres resoluciones de condena a la represi\u00f3n a los opositores en Venezuela.<\/p>\n","protected":false},"excerpt":{"rendered":"<p>Los eurodiputados llegar\u00e1n a Caracas el 16 de julio, aun cuando el gobierno de Nicol\u00e1s Maduro no haya contestado ninguna de sus solicitudes para mantener reuniones que les permitan evaluar la crisis La presidente de la subcomisi\u00f3n de Derechos Humanos, Elena Valenciano, explic\u00f3 que \"hasta la fecha\" los miembros del gobierno de Nicol\u00e1s Maduro a [&hellip;]<\/p>\n","protected":false},"author":1,"featured_media":35375,"comment_status":"open","ping_status":"open","sticky":false,"template":"","format":"standard","meta":{"_stopmodifiedupdate":false,"_modified_date":"","inline_featured_image":false},"categories":[6],"tags":[],"jetpack_featured_media_url":"https:\/\/notinor.com\/jujuy\/wp-content\/uploads\/2015\/07\/eurocamara.jpeg","_links":{"self":[{"href":"https:\/\/notinor.com\/jujuy\/wp-json\/wp\/v2\/posts\/35374"}],"collection":[{"href":"https:\/\/notinor.com\/jujuy\/wp-json\/wp\/v2\/posts"}],"about":[{"href":"https:\/\/notinor.com\/jujuy\/wp-json\/wp\/v2\/types\/post"}],"author":[{"embeddable":true,"href":"https:\/\/notinor.com\/jujuy\/wp-json\/wp\/v2\/users\/1"}],"replies":[{"embeddable":true,"href":"https:\/\/notinor.com\/jujuy\/wp-json\/wp\/v2\/comments?post=35374"}],"version-history":[{"count":1,"href":"https:\/\/notinor.com\/jujuy\/wp-json\/wp\/v2\/posts\/35374\/revisions"}],"predecessor-version":[{"id":35376,"href":"https:\/\/notinor.com\/jujuy\/wp-json\/wp\/v2\/posts\/35374\/revisions\/35376"}],"wp:featuredmedia":[{"embeddable":true,"href":"https:\/\/notinor.com\/jujuy\/wp-json\/wp\/v2\/media\/35375"}],"wp:attachment":[{"href":"https:\/\/notinor.com\/jujuy\/wp-json\/wp\/v2\/media?parent=35374"}],"wp:term":[{"taxonomy":"category","embeddable":true,"href":"https:\/\/notinor.com\/jujuy\/wp-json\/wp\/v2\/categories?post=35374"},{"taxonomy":"post_tag","embeddable":true,"href":"https:\/\/notinor.com\/jujuy\/wp-json\/wp\/v2\/tags?post=35374"}],"curies":[{"name":"wp","href":"https:\/\/api.w.org\/{rel}","templated":true}]}}