{"id":35371,"date":"2015-07-10T00:00:07","date_gmt":"2015-07-10T03:00:07","guid":{"rendered":"http:\/\/notinor.com\/jujuy\/?p=35371"},"modified":"2015-07-09T22:35:03","modified_gmt":"2015-07-10T01:35:03","slug":"los-simpson-tambien-se-burlan-de-los-tropiezos-de-donald-trump","status":"publish","type":"post","link":"https:\/\/notinor.com\/jujuy\/los-simpson-tambien-se-burlan-de-los-tropiezos-de-donald-trump\/","title":{"rendered":"Los Simpson tambi\u00e9n se burlan de los tropiezos de Donald Trump"},"content":{"rendered":"<p>nuEVA YORK.- Homero Simpson se subi\u00f3 a la ola de indignaci\u00f3n generada por las palabras de Donald Trump sobre los inmigrantes mexicanos. En un trailer de la 27 temporada de Los Simpsons, el padre de la familia amarilla es el encargado de burlarse de la precandidatura a la presidencia del magnate estadounidense.<\/p>\n<p>En el video de un minuto y medio, titulado Trumptastic Voyage (Viaje Trumpt\u00e1stico), se puede ver a Homero tentado para participar del lanzamiento de Trump a las primarias republicanas por la presidencia en 2016.<\/p>\n<p>Parado detr\u00e1s del exc\u00e9ntrico empresario y luego de pensar hip\u00f3tesis del tipo \"Si lo toco, \u00bfdejar\u00e9 de ser pelado?\", el personaje es abducido por la voluminosa cabellera de Trump.<\/p>\n<p>\"\u00a1Es un peinado que desaf\u00eda la gravedad!\", dice Homero, mientras descubre qu\u00e9 hay en la cabeza del magnate inmobiliario: una banda rota de Miss Universo - certamen del que Tusk es copropietario-, la Estatua de la Libertad semihundida, o un pase al estacionamiento a NBC -el canal que decidi\u00f3 romper un contrato con el empresario- cancelado.<\/p>\n<p>Homero luego sale de la cabeza de Trump, escucha el anuncio del precandidato, frente a un cartel que dice \"Estados Unidos, puedes ser mi pr\u00f3xima ex mujer- y luego es expulsado de la ceremonia. Se contenta con haber conservado un pelo dorado del candidato, pero inmediatamente \u00e9ste es atra\u00eddo hacia la torre Trump.<\/p>\n<div class=\"jeg_video_container jeg_video_content\"><iframe loading=\"lazy\" width=\"500\" height=\"281\" src=\"https:\/\/www.youtube.com\/embed\/oz7_JP7ROvA?feature=oembed\" frameborder=\"0\" allowfullscreen><\/iframe><\/div>\n","protected":false},"excerpt":{"rendered":"<p>nuEVA YORK.- Homero Simpson se subi\u00f3 a la ola de indignaci\u00f3n generada por las palabras de Donald Trump sobre los inmigrantes mexicanos. En un trailer de la 27 temporada de Los Simpsons, el padre de la familia amarilla es el encargado de burlarse de la precandidatura a la presidencia del magnate estadounidense. En el video [&hellip;]<\/p>\n","protected":false},"author":1,"featured_media":35372,"comment_status":"open","ping_status":"open","sticky":false,"template":"","format":"standard","meta":{"_stopmodifiedupdate":false,"_modified_date":"","inline_featured_image":false},"categories":[6],"tags":[],"jetpack_featured_media_url":"https:\/\/notinor.com\/jujuy\/wp-content\/uploads\/2015\/07\/simpsons-trump.jpg","_links":{"self":[{"href":"https:\/\/notinor.com\/jujuy\/wp-json\/wp\/v2\/posts\/35371"}],"collection":[{"href":"https:\/\/notinor.com\/jujuy\/wp-json\/wp\/v2\/posts"}],"about":[{"href":"https:\/\/notinor.com\/jujuy\/wp-json\/wp\/v2\/types\/post"}],"author":[{"embeddable":true,"href":"https:\/\/notinor.com\/jujuy\/wp-json\/wp\/v2\/users\/1"}],"replies":[{"embeddable":true,"href":"https:\/\/notinor.com\/jujuy\/wp-json\/wp\/v2\/comments?post=35371"}],"version-history":[{"count":1,"href":"https:\/\/notinor.com\/jujuy\/wp-json\/wp\/v2\/posts\/35371\/revisions"}],"predecessor-version":[{"id":35373,"href":"https:\/\/notinor.com\/jujuy\/wp-json\/wp\/v2\/posts\/35371\/revisions\/35373"}],"wp:featuredmedia":[{"embeddable":true,"href":"https:\/\/notinor.com\/jujuy\/wp-json\/wp\/v2\/media\/35372"}],"wp:attachment":[{"href":"https:\/\/notinor.com\/jujuy\/wp-json\/wp\/v2\/media?parent=35371"}],"wp:term":[{"taxonomy":"category","embeddable":true,"href":"https:\/\/notinor.com\/jujuy\/wp-json\/wp\/v2\/categories?post=35371"},{"taxonomy":"post_tag","embeddable":true,"href":"https:\/\/notinor.com\/jujuy\/wp-json\/wp\/v2\/tags?post=35371"}],"curies":[{"name":"wp","href":"https:\/\/api.w.org\/{rel}","templated":true}]}}