{"id":35356,"date":"2015-07-10T00:00:05","date_gmt":"2015-07-10T03:00:05","guid":{"rendered":"http:\/\/notinor.com\/jujuy\/?p=35356"},"modified":"2015-07-09T22:19:18","modified_gmt":"2015-07-10T01:19:18","slug":"carolina-moises-estuvo-presente-en-el-acto-del-199-aniversario-de-la-indpendencia","status":"publish","type":"post","link":"https:\/\/notinor.com\/jujuy\/carolina-moises-estuvo-presente-en-el-acto-del-199-aniversario-de-la-indpendencia\/","title":{"rendered":"Carolina Mois\u00e9s estuvo presente en el acto del 199\u00b0 Aniversario de la Indpendencia"},"content":{"rendered":"<p>El acto central se desarroll\u00f3 en los pies del Monumento a la Independencia, en donde se izaron los pabellones nacional y de la Libertad Civil, se entonaron las estrofas del Himno Nacional Argentino, se realiz\u00f3 un minuto de silencio en honor a los ca\u00eddos por la independencia argentina y se brindaron ofrendas florales por parte de las autoridades presentes.<\/p>\n<p>\"Hemos rendido homenaje frente al monumento de la independencia en la ciudad hist\u00f3rica de Humahuaca, donde hombres y mujeres dejaron la vida por la Patria y sobre todo aquellos que pelearon para que nosotros hoy podamos disfrutar de esta hermosa independencia\", manifest\u00f3 Mois\u00e9s.<\/p>\n<p>\"Se conmemora adem\u00e1s el d\u00eda de la proclamaci\u00f3n de la independencia, pero tambi\u00e9n hubo mucho esfuerzo antes, muchas vidas, mucho sacrificio, muchos h\u00e9roes, sobre todo los juje\u00f1os que fuimos parte de esta historia argentina y que la independencia no es un concepto est\u00e1tico\", aclar\u00f3<\/p>\n<p>Luego de las palabras alusivas a la fecha, delegaciones escolares, militares y gauchas, desfilaron ante el palco de autoridades y el p\u00fablico presente, para dar por concluidas las actividades.<\/p>\n","protected":false},"excerpt":{"rendered":"<p>El acto central se desarroll\u00f3 en los pies del Monumento a la Independencia, en donde se izaron los pabellones nacional y de la Libertad Civil, se entonaron las estrofas del Himno Nacional Argentino, se realiz\u00f3 un minuto de silencio en honor a los ca\u00eddos por la independencia argentina y se brindaron ofrendas florales por parte [&hellip;]<\/p>\n","protected":false},"author":1,"featured_media":35358,"comment_status":"open","ping_status":"open","sticky":false,"template":"","format":"standard","meta":{"_stopmodifiedupdate":false,"_modified_date":"","inline_featured_image":false},"categories":[485],"tags":[],"jetpack_featured_media_url":"https:\/\/notinor.com\/jujuy\/wp-content\/uploads\/2015\/07\/carolina-acto-independencia.jpg","_links":{"self":[{"href":"https:\/\/notinor.com\/jujuy\/wp-json\/wp\/v2\/posts\/35356"}],"collection":[{"href":"https:\/\/notinor.com\/jujuy\/wp-json\/wp\/v2\/posts"}],"about":[{"href":"https:\/\/notinor.com\/jujuy\/wp-json\/wp\/v2\/types\/post"}],"author":[{"embeddable":true,"href":"https:\/\/notinor.com\/jujuy\/wp-json\/wp\/v2\/users\/1"}],"replies":[{"embeddable":true,"href":"https:\/\/notinor.com\/jujuy\/wp-json\/wp\/v2\/comments?post=35356"}],"version-history":[{"count":1,"href":"https:\/\/notinor.com\/jujuy\/wp-json\/wp\/v2\/posts\/35356\/revisions"}],"predecessor-version":[{"id":35359,"href":"https:\/\/notinor.com\/jujuy\/wp-json\/wp\/v2\/posts\/35356\/revisions\/35359"}],"wp:featuredmedia":[{"embeddable":true,"href":"https:\/\/notinor.com\/jujuy\/wp-json\/wp\/v2\/media\/35358"}],"wp:attachment":[{"href":"https:\/\/notinor.com\/jujuy\/wp-json\/wp\/v2\/media?parent=35356"}],"wp:term":[{"taxonomy":"category","embeddable":true,"href":"https:\/\/notinor.com\/jujuy\/wp-json\/wp\/v2\/categories?post=35356"},{"taxonomy":"post_tag","embeddable":true,"href":"https:\/\/notinor.com\/jujuy\/wp-json\/wp\/v2\/tags?post=35356"}],"curies":[{"name":"wp","href":"https:\/\/api.w.org\/{rel}","templated":true}]}}