{"id":353151,"date":"2022-09-08T21:45:37","date_gmt":"2022-09-09T00:45:37","guid":{"rendered":"https:\/\/notinor.com\/jujuy\/?p=353151"},"modified":"2022-09-08T21:45:42","modified_gmt":"2022-09-09T00:45:42","slug":"la-turbulenta-vida-de-carlos-el-principe-que-mas-tiempo-espero-para-subir-al-trono-britanico","status":"publish","type":"post","link":"https:\/\/notinor.com\/jujuy\/la-turbulenta-vida-de-carlos-el-principe-que-mas-tiempo-espero-para-subir-al-trono-britanico\/","title":{"rendered":"La turbulenta vida de Carlos, el pr\u00edncipe que m\u00e1s tiempo esper\u00f3 para subir al trono brit\u00e1nico"},"content":{"rendered":"\n<p class=\"has-medium-font-size\"><strong><em>Con 73 a\u00f1os, el sucesor de Isabel II ser\u00e1 recordado como el heredero que bati\u00f3 el r\u00e9cord de a\u00f1os para llegar al trono; de la infancia con rigor militar y la presi\u00f3n familiar a las relaciones con Lady Di y Camilla Parker<\/em><\/strong>.<\/p>\n\n\n\n<div class=\"wp-block-image\"><figure class=\"aligncenter is-resized\"><img decoding=\"async\" loading=\"lazy\" src=\"https:\/\/imagenes.t13.cl\/images\/original\/2022\/09\/1662669822-00032hy6x7.jpg\" alt=\"Carlos III: Qu\u00e9 facultades tiene el rey del Reino Unido | T13\" width=\"805\" height=\"452\"\/><\/figure><\/div>\n\n\n\n<p><strong>Algunos describen un personaje afable, encantador, alegre, un intelectual perdido en un mundo que no es el suyo, un precursor, amigo sensible, un padre y un abuelo apegado a los suyos. <\/strong>Otros destacan un tren de vida de otra \u00e9poca que habr\u00eda indignado incluso a sus propios padres, un lun\u00e1tico depresivo, un conservador camuflado bajo la apariencia de un reformista, hasta un activista que, lejos de la neutralidad que se espera de un heredero al trono, habr\u00eda amenazado el futuro de la corona con sus posiciones p\u00fablicas. Pero,<strong> \u00bfcu\u00e1l es la caracter\u00edstica principal de ese personaje de 73 a\u00f1os que se apresta a subir al trono del Reino Unido tras al anuncio de la muerte de Isabel II? <\/strong>Sin duda la de ser un hombre nacido con un destino excepcional, pero termin\u00f3 siendo un s\u00fabdito durante toda su vida.<\/p>\n\n\n\n<p>El primer hijo de la princesa Isabel y del duque de Edimburgo naci\u00f3 el 14 de noviembre de 1948 en el Palacio de Buckingham, y su infancia estuvo te\u00f1ida de un rigor militar que nunca dej\u00f3 lugar a la extravagancia ni a la espontaneidad.<strong> Debido al racionamiento de la postguerra, la vida entonces era frugal mientras sus padres, acaparados por los deberes oficiales, nunca le acordaron el amor que esper\u00f3 de ellos.<\/strong><\/p>\n\n\n\n<p><strong>El nuevo rey de Inglaterra fue el primer heredero del trono que frecuent\u00f3 la escuela<\/strong>, en vez de seguir el ejemplo de sus predecesores, educados por preceptores. A los 12 a\u00f1os, siguiendo los pasos de su padre,\u00a0<strong>fue enviado al pensionado escoc\u00e9s de Gordonstoun, conocido por su r\u00e9gimen espartano, el ejercicio f\u00edsico<\/strong>, las duchas fr\u00edas en invierno y el autocrontrol. Sensible, mucho m\u00e1s interesado por el arte y la m\u00fasica que por los deportes, tuvo que someterse al rudo aprendizaje de los pensionados brit\u00e1nicos, rayanos en el sadismo.<\/p>\n\n\n\n<div class=\"wp-block-image\"><figure class=\"aligncenter is-resized\"><img decoding=\"async\" loading=\"lazy\" src=\"https:\/\/media.ambito.com\/p\/3362327a35503eeb43b233d5ea7527ea\/adjuntos\/239\/imagenes\/039\/846\/0039846697\/730x0\/smart\/pag16-inter-britain-po_optjpeg.jpeg\" alt=\"Reino Unido: Carlos III es el nuevo rey tras la muerte de su madre\" width=\"768\" height=\"512\"\/><\/figure><\/div>\n\n\n\n<p>Liberado de Gordonstoun,\u00a0<strong>se inscribi\u00f3 en la universidad de Cambridge para estudiar historia, antropolog\u00eda y arqueolog\u00eda<\/strong>. Si bien nunca se mezcl\u00f3 con los dem\u00e1s estudiantes, su decisi\u00f3n de hacer\u00a0<strong>teatro en amateur le permiti\u00f3 desinhibirse y comenzar a acumular las conquistas femeninas<\/strong>.\u00a0<strong>El pr\u00edncipe siempre prefiri\u00f3 la compa\u00f1\u00eda de las mujeres, contrariamente a los ingleses de su clase social.\u00a0<\/strong>En 1971, como lo quiere la tradici\u00f3n, inici\u00f3 una\u00a0<strong>formaci\u00f3n militar en la Royal Navy<\/strong>. Pero, a bordo de un buque de guerra, el teniente de nav\u00edo y futuro comandante en jefe de las Fuerzas Armadas nunca se sinti\u00f3 en su elemento.\u00a0<strong>Se mareaba a bordo y detestaba las bromas con frecuencia procaces de los militares<\/strong>.<\/p>\n\n\n\n<p><strong>A imagen de todos los miembros de la familia real, Carlos siempre estuvo comprometido en actividades caritativas y filantr\u00f3picas. Todos conocen tambi\u00e9n su fuerte inter\u00e9s por el medioambiente. <\/strong>El pr\u00edncipe ha sido una de las primeras personalidades p\u00fablicas en respetar su \u201cimprenta ecol\u00f3gica anual\u201d a partir de 2007. El mismo a\u00f1o, creo el Prince\u2019s Rainforest Project, mediante el cual espera sensibilizar a los brit\u00e1nicos a la deforestaci\u00f3n. El a\u00f1o siguiente, propuso crear un fondo mundial para luchar contra la destrucci\u00f3n de los bosques.<\/p>\n\n\n\n<div class=\"wp-block-image\"><figure class=\"aligncenter is-resized\"><img decoding=\"async\" loading=\"lazy\" src=\"https:\/\/media.revistavanityfair.es\/photos\/60e8430c24e5f096406bedad\/master\/w_3091,h_2079,c_limit\/190168.jpg\" alt=\"Los significados de la moderna investidura del pr\u00edncipe Carlos dise\u00f1ada por  su t\u00edo lord Snowdon | Vanity Fair\" width=\"815\" height=\"548\"\/><\/figure><\/div>\n\n\n\n<p><strong>El nuevo rey brit\u00e1nico tambi\u00e9n es un apasionado del arte, habiendo presidido m\u00e1s de 20 organismos art\u00edsticos.<\/strong> Dotado de un gran talento como acuarelista, public\u00f3 varios libros con sus creaciones. Ciertas de ellas fueron, incluso, expuestas en la Bienal de Venecia.<\/p>\n\n\n\n<p><strong>En la imaginaci\u00f3n popular, el acceso al trono de Isabel II marc\u00f3 una ruptura entre dos mundos. <\/strong>El viejo, representado por el difunto rey Jorge VI, y el nuevo, simbolizado por una joven soberana que se apoyaba en un bello pr\u00edncipe consorte, Felipe, duque de Edimburgo, ambos determinados a modernizar progresivamente la instituci\u00f3n real. <strong>En la realidad, Su Majestad reprodujo exactamente el esquema de su padre, sosteni\u00e9ndose en los mismos pilares: el palacio, el ej\u00e9rcito, la religi\u00f3n y la nobleza. <\/strong>Carlos, por el contrario, tiene intenciones de llevar a cabo esa ruptura. El nuevo rey tiene los medios. Queda por ver si, a su edad, a\u00fan tiene la voluntad.<\/p>\n\n\n\n<p class=\"has-medium-font-size\"><strong>La relaci\u00f3n con Diana<\/strong><\/p>\n\n\n\n<p><strong>Treces a\u00f1os menor que \u00e9l, Diana Spencer ten\u00eda el perfil ideal: hija de conde, aspecto de adolescente seria, t\u00edmida, discreta, incluso apocada.\u00a0<\/strong>Dotada de un diploma de maestra jardinera, tampoco pensaba en una gran carrera profesional.\u00a0<strong>En sus venas corr\u00eda incluso un poco de sangre real. Y, sobre todo, su padre, lord Spencer, certific\u00f3 que su hija jam\u00e1s hab\u00eda tenido una aventura.<\/strong><\/p>\n\n\n\n<p><strong>Para Isabel II, solo contaba la perpetuaci\u00f3n de la dinast\u00eda: en la casa real brit\u00e1nica, uni\u00f3n rim\u00f3 siempre con procreaci\u00f3n. L\u00f3gicamente, la instituci\u00f3n prevale sobre las inclinaciones personales. <\/strong>Una vez ligado a la familia real, todo individuo debe olvidarse de s\u00ed mismo frente a la llamada \u201cfirma\u201d. Porque esta debe protegerse, luchar contra una amenaza permanente, cotidiana: la ausencia de justificaci\u00f3n, en democracia, de un pr\u00edncipe hereditario. <strong>\u00bfAcaso las monarqu\u00edas no est\u00e1n en v\u00edas de extinci\u00f3n?<\/strong><\/p>\n\n\n\n<div class=\"wp-block-image\"><figure class=\"aligncenter is-resized\"><img decoding=\"async\" loading=\"lazy\" src=\"https:\/\/www.biografiasyvidas.com\/reportaje\/diana_de_gales\/fotos\/diana_bodas.jpg\" alt=\"Diana de Gales. Biograf\u00eda\" width=\"610\" height=\"406\"\/><\/figure><\/div>\n\n\n\n<p>A pesar de las carrosas, de la pompa y del beso apasionado en el balc\u00f3n, el alma y el coraz\u00f3n de Carlos estaban en otra parte.<strong> La \u00faltima noche antes de la boda, la pas\u00f3 en los brazos de quien era su amante desde hac\u00eda diez a\u00f1os, Camilla Parker Bowles.<\/strong><\/p>\n\n\n\n<p>En 1992, lo que a\u00fan era un rumor apareci\u00f3 en la plaza p\u00fablica con el libro de Andrew Morton,&nbsp;<strong>\u201cDiana, su verdadera historia\u201d<\/strong>. El&nbsp;<em>best-seller<\/em>&nbsp;devel\u00f3 a la opini\u00f3n p\u00fablica la&nbsp;<strong>relaci\u00f3n secreta entre Carlos y Camilla, \u201cque siempre estuvo presente\u201d.<\/strong>&nbsp;Carlos y la princesa de Gales se separaron el 9 de diciembre del mismo a\u00f1o. Pero&nbsp;<strong>la guerra de los Windsor prosigui\u00f3<\/strong>.<\/p>\n\n\n\n<p>En 1994, en una entrevista a la cadena ITV, el futuro rey afirm\u00f3, contra toda evidencia,\u00a0<strong>haber sido un marido fiel y leal hasta el momento en que el naufragio de su matrimonio fue irrecuperable.<\/strong>\u00a0Despu\u00e9s pas\u00f3 al modo ofensivo con la publicaci\u00f3n de \u201cThe Prince of Wales\u201d, una biograf\u00eda autorizada en la cual se quej\u00f3 de una<strong>\u00a0educaci\u00f3n represiva, de la falta de ternura de su madre, de la crueldad de su padre, de la presi\u00f3n de la opini\u00f3n p\u00fablica y los medios, que lo obligaron a casarse con Diana,<\/strong>\u00a0<strong>cuando no la amaba.\u00a0<\/strong>M\u00e1s grave a\u00fan, el libro est\u00e1 lleno de detalles escabrosos sobre su larga relaci\u00f3n con Camilla.<\/p>\n\n\n\n<div class=\"wp-block-image\"><figure class=\"aligncenter is-resized\"><img decoding=\"async\" loading=\"lazy\" src=\"https:\/\/www.harpersbazaar.mx\/wp-content\/uploads\/2018\/08\/lady-1280x720.jpg\" alt=\"30 cosas que no sab\u00edas sobre la princesa Diana de Gales\" width=\"659\" height=\"370\"\/><\/figure><\/div>\n\n\n\n<p>En noviembre de 1995, fue el turno de la princesa Diana, que se veng\u00f3 acordando una entrevista al periodista Martin Bashir en la emisi\u00f3n \u201cPanorama\u201d de la BBC. All\u00ed cont\u00f3 en detalle las humillaciones que soport\u00f3:\u00a0<strong>\u201cFuimos tres en este matrimonio. Era un poco superpoblado\u201d<\/strong>. Una verdadera granada en el jard\u00edn de los Windsor. Relat\u00f3 sus esfuerzos por enfrentar una \u201cguerra\u201d contra un \u201cenemigo\u201d, \u201cdel lado de su marido\u201d, es decir la familia real, y hasta la misma reina.<\/p>\n\n\n\n<p>El crimen de lesa majestad lleg\u00f3 al paroxismo cuando critic\u00f3 la personalidad de Carlos. Provocando el furor de la monarca, puso en duda las capacidades del heredero para reinar.&nbsp;<strong>\u201cPorque conozco su naturaleza, creo que ser rey le impondr\u00eda enormes obligaciones y no estoy segura de que podr\u00eda adaptarse\u201d<\/strong>, sentenci\u00f3.<\/p>\n\n\n\n<p>Esta vez se trat\u00f3 de una bomba at\u00f3mica lanzada al coraz\u00f3n mismo del sistema: dej\u00f3 entender que\u00a0<strong>Carlos deber\u00eda ser separado de la sucesi\u00f3n. \u00bfSu plan? Favorecer la llegada al trono de su hijo mayor, Guillermo<\/strong>.\u00a0<strong>El divorcio fue pronunciado el 28 de agosto de 1996. La opini\u00f3n p\u00fablica acus\u00f3 a Carlos por el fracaso de su matrimonio.\u00a0<\/strong>Pero, parad\u00f3jicamente, la muerte de Diana en un accidente de tr\u00e1nsito en Par\u00eds, le permiti\u00f3 recuperarse, ali\u00e1ndose al nuevo primer ministro laborista, Tony Blair, contra su madre y la corte, excedidos por la situaci\u00f3n.<\/p>\n\n\n\n<div class=\"wp-block-image\"><figure class=\"aligncenter is-resized\"><img decoding=\"async\" loading=\"lazy\" src=\"https:\/\/resizer.glanacion.com\/resizer\/YrVf66nEnS6KsqFGytT5J2qxt-I=\/310x0\/filters:format(webp):quality(80)\/cloudfront-us-east-1.images.arcpublishing.com\/lanacionar\/YYP4SSJ5JJD4FD2OAKZ43PUPYE.JPG\" alt=\"El auto en el que viajaba Lady Di junto a Dodi al-Fayed, tras el accidente en el t\u00fanel del Puente del Alma, en Par\u00eds, el 31 de agosto de 1997. (AP Photo\/Jerome Delay, File)\" width=\"601\" height=\"401\"\/><\/figure><\/div>\n","protected":false},"excerpt":{"rendered":"<p>Con 73 a\u00f1os, el sucesor de Isabel II ser\u00e1 recordado como el heredero que bati\u00f3 el r\u00e9cord de a\u00f1os para llegar al trono; de la infancia con rigor militar y la presi\u00f3n familiar a las relaciones con Lady Di y Camilla Parker. Algunos describen un personaje afable, encantador, alegre, un intelectual perdido en un mundo [&hellip;]<\/p>\n","protected":false},"author":40,"featured_media":353152,"comment_status":"open","ping_status":"open","sticky":false,"template":"","format":"standard","meta":{"_stopmodifiedupdate":false,"_modified_date":"","inline_featured_image":false,"spay_email":"","jetpack_publicize_message":""},"categories":[6],"tags":[2130,2153,2152,2138],"jetpack_featured_media_url":"https:\/\/notinor.com\/jujuy\/wp-content\/uploads\/2022\/09\/blue-21.jpg","jetpack_publicize_connections":[],"_links":{"self":[{"href":"https:\/\/notinor.com\/jujuy\/wp-json\/wp\/v2\/posts\/353151"}],"collection":[{"href":"https:\/\/notinor.com\/jujuy\/wp-json\/wp\/v2\/posts"}],"about":[{"href":"https:\/\/notinor.com\/jujuy\/wp-json\/wp\/v2\/types\/post"}],"author":[{"embeddable":true,"href":"https:\/\/notinor.com\/jujuy\/wp-json\/wp\/v2\/users\/40"}],"replies":[{"embeddable":true,"href":"https:\/\/notinor.com\/jujuy\/wp-json\/wp\/v2\/comments?post=353151"}],"version-history":[{"count":1,"href":"https:\/\/notinor.com\/jujuy\/wp-json\/wp\/v2\/posts\/353151\/revisions"}],"predecessor-version":[{"id":353153,"href":"https:\/\/notinor.com\/jujuy\/wp-json\/wp\/v2\/posts\/353151\/revisions\/353153"}],"wp:featuredmedia":[{"embeddable":true,"href":"https:\/\/notinor.com\/jujuy\/wp-json\/wp\/v2\/media\/353152"}],"wp:attachment":[{"href":"https:\/\/notinor.com\/jujuy\/wp-json\/wp\/v2\/media?parent=353151"}],"wp:term":[{"taxonomy":"category","embeddable":true,"href":"https:\/\/notinor.com\/jujuy\/wp-json\/wp\/v2\/categories?post=353151"},{"taxonomy":"post_tag","embeddable":true,"href":"https:\/\/notinor.com\/jujuy\/wp-json\/wp\/v2\/tags?post=353151"}],"curies":[{"name":"wp","href":"https:\/\/api.w.org\/{rel}","templated":true}]}}