{"id":352949,"date":"2022-09-07T20:37:27","date_gmt":"2022-09-07T23:37:27","guid":{"rendered":"https:\/\/notinor.com\/jujuy\/?p=352949"},"modified":"2022-09-07T20:37:33","modified_gmt":"2022-09-07T23:37:33","slug":"carne-a-precios-acordados-sigue-el-programa-hasta-fin-de-mes","status":"publish","type":"post","link":"https:\/\/notinor.com\/jujuy\/carne-a-precios-acordados-sigue-el-programa-hasta-fin-de-mes\/","title":{"rendered":"Carne a precios acordados: sigue el programa hasta fin de mes"},"content":{"rendered":"\n<p class=\"has-medium-font-size\"><strong><em>La Secretar\u00eda de Comercio y los frigor\u00edficos decidieron mantener los precios de agosto hasta el 30 de septiembre para 7 cortes populares. Cu\u00e1les son y qu\u00e9 valores rigen.<\/em><\/strong><\/p>\n\n\n\n<div class=\"wp-block-image\"><figure class=\"aligncenter is-resized\"><img decoding=\"async\" loading=\"lazy\" src=\"https:\/\/www.serargentino.com\/public\/images\/2021\/01\/16099684130-AdobeStock46399346-773x458.jpeg\" alt=\"La carne argentina y sus diferentes nombres\" width=\"805\" height=\"477\"\/><\/figure><\/div>\n\n\n\n<p><strong>En medio de una inflaci\u00f3n que sigue castigando fuertemente al pa\u00eds y que se estima cerrar\u00e1 el a\u00f1o en torno al 90%, la Secretar\u00eda de Comercio anunci\u00f3 la extensi\u00f3n hasta fin de mes del programa de Precios Acordados para siete cortes de carne vacuna de consumo masivo. <\/strong>En agosto, a poco de asumir, el secretario de Comercio Mat\u00edas Tombolini firm\u00f3 con los frigor\u00edficos una extensi\u00f3n del programa Cortes Cuidados, que fija los valores para un grupo de siete cortes de carne que est\u00e1n disponibles en diferentes cadenas.<\/p>\n\n\n\n<p><strong>Ese convenio duraba un mes.<\/strong> Por eso, el martes, se rubric\u00f3 una nueva extensi\u00f3n,<strong>\u00a0manteniendo los mismos valores<\/strong>\u00a0hasta el 30 de septiembre.<\/p>\n\n\n\n<div class=\"wp-block-image\"><figure class=\"aligncenter is-resized\"><img decoding=\"async\" loading=\"lazy\" src=\"https:\/\/cdn.forbes.pe\/2022\/01\/carne-argentina.jpg\" alt=\"Argentina suspende las exportaciones de cortes de carne vacuna populares\" width=\"820\" height=\"461\"\/><\/figure><\/div>\n\n\n\n<p class=\"has-medium-font-size\"><strong>Los cortes y los precios son los siguientes:<\/strong><\/p>\n\n\n\n<ul><li>Asado: $ 736<\/li><li>Nalga: $ 1.009<\/li><li>Matambre: $ 938<\/li><li>Vac\u00edo: $ 965<\/li><li>Falda: $ 483<\/li><li>Paleta: $ 817<\/li><li>Tapa de Asado: $ 736<\/li><\/ul>\n\n\n\n<p><strong>Los cortes estar\u00e1n disponible en todo el pa\u00eds de lunes a viernes en m\u00e1s de 1.000 bocas de expendio<\/strong> que incluyen las\u00a0cadenas de supermercados Coto, Jumbo, Plaza Vea, Disco, Carrefour, Walmart, Changomas, La An\u00f3nima y D\u00eda%; las cadenas mayoristas Vital y Makro, y carnicer\u00edas adheridas a la Uni\u00f3n de la Industria C\u00e1rnica Argentina (Unica) y al consorcio de exportadores ABC.<\/p>\n","protected":false},"excerpt":{"rendered":"<p>La Secretar\u00eda de Comercio y los frigor\u00edficos decidieron mantener los precios de agosto hasta el 30 de septiembre para 7 cortes populares. Cu\u00e1les son y qu\u00e9 valores rigen. En medio de una inflaci\u00f3n que sigue castigando fuertemente al pa\u00eds y que se estima cerrar\u00e1 el a\u00f1o en torno al 90%, la Secretar\u00eda de Comercio anunci\u00f3 [&hellip;]<\/p>\n","protected":false},"author":40,"featured_media":352950,"comment_status":"open","ping_status":"open","sticky":false,"template":"","format":"standard","meta":{"_stopmodifiedupdate":false,"_modified_date":"","inline_featured_image":false},"categories":[676],"tags":[2120,696,2121,2122],"jetpack_featured_media_url":"https:\/\/notinor.com\/jujuy\/wp-content\/uploads\/2022\/09\/blue-5.jpg","_links":{"self":[{"href":"https:\/\/notinor.com\/jujuy\/wp-json\/wp\/v2\/posts\/352949"}],"collection":[{"href":"https:\/\/notinor.com\/jujuy\/wp-json\/wp\/v2\/posts"}],"about":[{"href":"https:\/\/notinor.com\/jujuy\/wp-json\/wp\/v2\/types\/post"}],"author":[{"embeddable":true,"href":"https:\/\/notinor.com\/jujuy\/wp-json\/wp\/v2\/users\/40"}],"replies":[{"embeddable":true,"href":"https:\/\/notinor.com\/jujuy\/wp-json\/wp\/v2\/comments?post=352949"}],"version-history":[{"count":1,"href":"https:\/\/notinor.com\/jujuy\/wp-json\/wp\/v2\/posts\/352949\/revisions"}],"predecessor-version":[{"id":352951,"href":"https:\/\/notinor.com\/jujuy\/wp-json\/wp\/v2\/posts\/352949\/revisions\/352951"}],"wp:featuredmedia":[{"embeddable":true,"href":"https:\/\/notinor.com\/jujuy\/wp-json\/wp\/v2\/media\/352950"}],"wp:attachment":[{"href":"https:\/\/notinor.com\/jujuy\/wp-json\/wp\/v2\/media?parent=352949"}],"wp:term":[{"taxonomy":"category","embeddable":true,"href":"https:\/\/notinor.com\/jujuy\/wp-json\/wp\/v2\/categories?post=352949"},{"taxonomy":"post_tag","embeddable":true,"href":"https:\/\/notinor.com\/jujuy\/wp-json\/wp\/v2\/tags?post=352949"}],"curies":[{"name":"wp","href":"https:\/\/api.w.org\/{rel}","templated":true}]}}