{"id":352946,"date":"2022-09-07T20:20:30","date_gmt":"2022-09-07T23:20:30","guid":{"rendered":"https:\/\/notinor.com\/jujuy\/?p=352946"},"modified":"2022-09-07T20:20:35","modified_gmt":"2022-09-07T23:20:35","slug":"preparan-una-misa-en-lujan-por-la-paz-con-nutrida-presencia-politica","status":"publish","type":"post","link":"https:\/\/notinor.com\/jujuy\/preparan-una-misa-en-lujan-por-la-paz-con-nutrida-presencia-politica\/","title":{"rendered":"Preparan una misa en Luj\u00e1n \u201cpor la paz\u201d con nutrida presencia pol\u00edtica"},"content":{"rendered":"\n<p class=\"has-medium-font-size\"><strong><em>El intendente Leonardo Boto convoc\u00f3 a dirigentes partidarios y sociales para que concurran este s\u00e1bado a la Bas\u00edlica. No se espera militancia, pero s\u00ed presencia de dirigentes. Descartan que vaya la vicepresidenta y el Episcopado se despega.<\/em><\/strong><\/p>\n\n\n\n<div class=\"wp-block-image\"><figure class=\"aligncenter\"><img decoding=\"async\" src=\"https:\/\/images.pagina12.com.ar\/styles\/focal_16_9_960x540\/public\/2020-10\/109550-whatsapp-20image-202020-10-01-20at-2010-55-03.jpeg?itok=Tag1T0Te\" alt=\"Este a\u00f1o la peregrinaci\u00f3n a Luj\u00e1n es virtual | La Bas\u00edlica permanecer\u00e1  cerrada a los fieles | P\u00e1gina12\"\/><\/figure><\/div>\n\n\n\n<p><strong>La Municipalidad de Luj\u00e1n convoc\u00f3 para este s\u00e1bado a una misa por \u201cla paz y la fraternidad de los argentinos\u201d. <\/strong>La convocatoria se difunde por estas horas entre dirigentes pol\u00edticos y sociales, motorizada por el intendente de Luj\u00e1n,\u00a0<strong>Leonardo Boto<\/strong>\u00a0(Frente de Todos) y con el Movimiento Evita entre sus impulsores. La\u00a0<strong>Conferencia Episcopal Argentina<\/strong>, que llama a rezar por la paz y la fraternidad ese d\u00eda,\u00a0<strong>se deslig\u00f3<\/strong>\u00a0de la pata pol\u00edtica de la convocatoria y la califica de \u201caprovechamiento\u201d. El intendente que organiza el llamado subraya que tiene el acuerdo del Arzobispado de Mercedes-Luj\u00e1n, que conduce el arzobispo\u00a0<strong>Jorge Eduardo Scheinig<\/strong>.\u00a0<\/p>\n\n\n\n<p>Esta convocatoria a la paz se da una semana despu\u00e9s&nbsp;<strong>del intento de asesinar a la vicepresidenta en la puerta de su casa en Recoleta.<\/strong>&nbsp;En medio de esto en el oficialismo se debate la necesidad de implementar una ley que termine con los discursos del odio en la Argentina.<\/p>\n\n\n\n<figure class=\"wp-block-image\"><img decoding=\"async\" src=\"https:\/\/fotos.perfil.com\/\/2022\/09\/07\/900\/0\/municipalidad-de-lujan-1415204.jpg\" alt=\"Municipalidad de Luj\u00e1n\"\/><figcaption><strong>Invitaci\u00f3n a la misa de Luj\u00e1n<\/strong><\/figcaption><\/figure>\n\n\n\n<p>En ese sentido, va la carta\u00a0que se le mand\u00f3 desde la organizaciones a los obispos: \u201c<strong>A\u00fan en medio de la diversidad podemos encontrarnos, reconocernos hermanos y compa\u00f1eros de camino, y as\u00ed elevar nuestra esperanza<\/strong>. Elevemos el esp\u00edritu hac\u00eda las cosas grandes\u201d.<\/p>\n\n\n\n<p><strong>El Movimiento Evita es una de las organizaciones que impulsan la participaci\u00f3n en la misa.<\/strong> La agrupaci\u00f3n que lidera\u00a0Emilio P\u00e9rsico\u00a0estar\u00e1 presente en Luj\u00e1n con sus principales dirigentes (como P\u00e9rsico,\u00a0Esteban \u201cGringo\u201d Castro,\u00a0Mariel Fern\u00e1ndez\u00a0y\u00a0Gildo Onorato), pero sin movilizaci\u00f3n de sus militantes. <strong>Entre los presentes habr\u00e1 dirigentes de otros movimientos sociales, como\u00a0Daniel Men\u00e9ndez\u00a0(l\u00edder de Somos Barrios de Pie y funcionario del Ministerio de Desarrollo Social, como P\u00e9rsico).<\/strong><\/p>\n\n\n\n<p><strong>La C\u00e1mpora tampoco prev\u00e9 movilizar a sus militantes, <\/strong>indicaron fuentes de la agrupaci\u00f3n que conduce M\u00e1ximo Kirchner. La presencia de Cristina fue descartada por fuentes del kirchnerismo. <\/p>\n\n\n\n<p><\/p>\n","protected":false},"excerpt":{"rendered":"<p>El intendente Leonardo Boto convoc\u00f3 a dirigentes partidarios y sociales para que concurran este s\u00e1bado a la Bas\u00edlica. No se espera militancia, pero s\u00ed presencia de dirigentes. Descartan que vaya la vicepresidenta y el Episcopado se despega. La Municipalidad de Luj\u00e1n convoc\u00f3 para este s\u00e1bado a una misa por \u201cla paz y la fraternidad de [&hellip;]<\/p>\n","protected":false},"author":40,"featured_media":352947,"comment_status":"open","ping_status":"open","sticky":false,"template":"","format":"standard","meta":{"_stopmodifiedupdate":false,"_modified_date":"","inline_featured_image":false},"categories":[501],"tags":[2119,2118,1302],"jetpack_featured_media_url":"https:\/\/notinor.com\/jujuy\/wp-content\/uploads\/2022\/09\/blue-4.jpg","_links":{"self":[{"href":"https:\/\/notinor.com\/jujuy\/wp-json\/wp\/v2\/posts\/352946"}],"collection":[{"href":"https:\/\/notinor.com\/jujuy\/wp-json\/wp\/v2\/posts"}],"about":[{"href":"https:\/\/notinor.com\/jujuy\/wp-json\/wp\/v2\/types\/post"}],"author":[{"embeddable":true,"href":"https:\/\/notinor.com\/jujuy\/wp-json\/wp\/v2\/users\/40"}],"replies":[{"embeddable":true,"href":"https:\/\/notinor.com\/jujuy\/wp-json\/wp\/v2\/comments?post=352946"}],"version-history":[{"count":1,"href":"https:\/\/notinor.com\/jujuy\/wp-json\/wp\/v2\/posts\/352946\/revisions"}],"predecessor-version":[{"id":352948,"href":"https:\/\/notinor.com\/jujuy\/wp-json\/wp\/v2\/posts\/352946\/revisions\/352948"}],"wp:featuredmedia":[{"embeddable":true,"href":"https:\/\/notinor.com\/jujuy\/wp-json\/wp\/v2\/media\/352947"}],"wp:attachment":[{"href":"https:\/\/notinor.com\/jujuy\/wp-json\/wp\/v2\/media?parent=352946"}],"wp:term":[{"taxonomy":"category","embeddable":true,"href":"https:\/\/notinor.com\/jujuy\/wp-json\/wp\/v2\/categories?post=352946"},{"taxonomy":"post_tag","embeddable":true,"href":"https:\/\/notinor.com\/jujuy\/wp-json\/wp\/v2\/tags?post=352946"}],"curies":[{"name":"wp","href":"https:\/\/api.w.org\/{rel}","templated":true}]}}