{"id":352886,"date":"2022-09-07T20:41:26","date_gmt":"2022-09-07T23:41:26","guid":{"rendered":"https:\/\/notinor.com\/jujuy\/?p=352886"},"modified":"2022-09-07T20:41:32","modified_gmt":"2022-09-07T23:41:32","slug":"coordinan-acciones-para-incorporar-trabajadores-del-tabaco-sin-perder-planes-sociales","status":"publish","type":"post","link":"https:\/\/notinor.com\/jujuy\/coordinan-acciones-para-incorporar-trabajadores-del-tabaco-sin-perder-planes-sociales\/","title":{"rendered":"Coordinan acciones para incorporar trabajadores del tabaco sin perder planes sociales"},"content":{"rendered":"\n<p><strong><em>El Ministro de Trabajo de Jujuy, Gaspar Santill\u00e1n, y el presidente de la C\u00e1mara de Tabaco de Jujuy, Pedro Pascuttini, mantuvieron un encuentro para fortalecer la estrategia de sumar trabajadores para el sector, sin que estos pierdan los planes sociales.<\/em><\/strong><\/p>\n\n\n\n<figure class=\"wp-block-image size-large\"><img decoding=\"async\" loading=\"lazy\" width=\"704\" height=\"480\" src=\"https:\/\/notinor.com\/jujuy\/wp-content\/uploads\/2022\/09\/pascuttini-y-santillan-1-704x480.jpeg\" alt=\"\" class=\"wp-image-352895\" srcset=\"https:\/\/notinor.com\/jujuy\/wp-content\/uploads\/2022\/09\/pascuttini-y-santillan-1-704x480.jpeg 704w, https:\/\/notinor.com\/jujuy\/wp-content\/uploads\/2022\/09\/pascuttini-y-santillan-1-535x365.jpeg 535w, https:\/\/notinor.com\/jujuy\/wp-content\/uploads\/2022\/09\/pascuttini-y-santillan-1-768x524.jpeg 768w, https:\/\/notinor.com\/jujuy\/wp-content\/uploads\/2022\/09\/pascuttini-y-santillan-1-750x512.jpeg 750w, https:\/\/notinor.com\/jujuy\/wp-content\/uploads\/2022\/09\/pascuttini-y-santillan-1-1140x778.jpeg 1140w, https:\/\/notinor.com\/jujuy\/wp-content\/uploads\/2022\/09\/pascuttini-y-santillan-1.jpeg 1280w\" sizes=\"(max-width: 704px) 100vw, 704px\" \/><figcaption>Pedro Pascuttini y Gaspar Santill\u00e1n<\/figcaption><\/figure>\n\n\n\n<p><strong>En primer lugar el Ministro de Trabajo, afirm\u00f3 que se contin\u00faa el trabajo coordinado entre ambas instituciones, en relaci\u00f3n al  decreto nacional 514.<\/strong> \"Creemos que est\u00e1 faltando informaci\u00f3n para los trabajadores del sector rural y a los empleadores en especial al decreto 514, que establece que se puede puede continuar recibiendo un beneficio nacional y que no se pierde cuando ingresa a trabajar en el tabaco\".<\/p>\n\n\n\n<p>En este sentido indic\u00f3 que estas medidas contemplan beneficios impositivos para la patronal, cuando toma personal con estas caracter\u00edsticas y en eso coincide con la c\u00e1mara del tabaco para capacitar a los inspectores de trabajo para que se contemple esta situaci\u00f3n.\"<strong>Venimos a la casa de los tabacaleros para gestionar y beneficiar a la actividad y que sea positiva par a los trabajadores<\/strong>\".<\/p>\n\n\n\n<p><strong>Por su parte el presidente de la C\u00e1mara de Tabaco de Jujuy, Pedro Pascuttini, agradeci\u00f3 la presencia y el compromiso del ministro de trabajo y expres\u00f3 que es necesario transitar por el camino que corresponde<\/strong>. \"Los trabajadores tienen que estar en condiciones, con todas sus posibilidades de emplearse sin temor a ser  registrados en blanco y seguir produciendo\".<\/p>\n\n\n\n<p>El dirigente expres\u00f3 que se va a fortalecer toda estrategia para mejorar la producci\u00f3n tabacalera en nuestra provincia. \"Coordinar con el gobierno es el modo de continuar trabajando, es un trabajo permanente porque ya <strong>iniciamos el trasplante del tabaco que es donde necesitamos mano de obra y ahora se va a incrementar de cara a fin de a\u00f1o cuando la demanda de contrataci\u00f3n es masiva<\/strong>\".<\/p>\n\n\n\n<p><strong>\u00bfQu\u00e9 es el Decreto Nacional 514\/21<\/strong>?<\/p>\n\n\n\n<p><strong>Esta normativa est\u00e1 dirigida a la promoci\u00f3n del trabajo registrado y ampliaci\u00f3n de la protecci\u00f3n social de los trabajadores rurales temporales y estacionales.<\/strong> <\/p>\n\n\n\n<p>El Decreto 514\/21 estableci\u00f3 que aquellas personas que sean contratadas bajo las modalidades de trabajo temporario o trabajo permanente discontinuo, conforme lo dispuesto en los art\u00edculos 17 y 18 de la Ley 26727, y las que sean contratadas para desarrollar actividades agropecuarias bajo la modalidad establecida en el art\u00edculo 96 de la Ley 20744, tendr\u00e1n derecho a:<\/p>\n\n\n\n<p>-Asignaciones familiares. Cuando dejen de estar cubiertos por el r\u00e9gimen general de asignaciones familiares, tendr\u00e1n derecho a la percepci\u00f3n de las asignaciones universales.&nbsp;<\/p>\n\n\n\n<p>-Planes y Programas Sociales y de Empleo nacionales.<\/p>\n\n\n\n<p>-Planes y Programas Sociales y de Empleo provinciales y municipales.<\/p>\n","protected":false},"excerpt":{"rendered":"<p>El Ministro de Trabajo de Jujuy, Gaspar Santill\u00e1n, y el presidente de la C\u00e1mara de Tabaco de Jujuy, Pedro Pascuttini, mantuvieron un encuentro para fortalecer la estrategia de sumar trabajadores para el sector, sin que estos pierdan los planes sociales. En primer lugar el Ministro de Trabajo, afirm\u00f3 que se contin\u00faa el trabajo coordinado entre [&hellip;]<\/p>\n","protected":false},"author":53,"featured_media":352894,"comment_status":"open","ping_status":"open","sticky":false,"template":"","format":"standard","meta":{"_stopmodifiedupdate":false,"_modified_date":"","inline_featured_image":false},"categories":[2],"tags":[],"jetpack_featured_media_url":"https:\/\/notinor.com\/jujuy\/wp-content\/uploads\/2022\/09\/pascuttini-y-santillan.jpeg","_links":{"self":[{"href":"https:\/\/notinor.com\/jujuy\/wp-json\/wp\/v2\/posts\/352886"}],"collection":[{"href":"https:\/\/notinor.com\/jujuy\/wp-json\/wp\/v2\/posts"}],"about":[{"href":"https:\/\/notinor.com\/jujuy\/wp-json\/wp\/v2\/types\/post"}],"author":[{"embeddable":true,"href":"https:\/\/notinor.com\/jujuy\/wp-json\/wp\/v2\/users\/53"}],"replies":[{"embeddable":true,"href":"https:\/\/notinor.com\/jujuy\/wp-json\/wp\/v2\/comments?post=352886"}],"version-history":[{"count":2,"href":"https:\/\/notinor.com\/jujuy\/wp-json\/wp\/v2\/posts\/352886\/revisions"}],"predecessor-version":[{"id":352952,"href":"https:\/\/notinor.com\/jujuy\/wp-json\/wp\/v2\/posts\/352886\/revisions\/352952"}],"wp:featuredmedia":[{"embeddable":true,"href":"https:\/\/notinor.com\/jujuy\/wp-json\/wp\/v2\/media\/352894"}],"wp:attachment":[{"href":"https:\/\/notinor.com\/jujuy\/wp-json\/wp\/v2\/media?parent=352886"}],"wp:term":[{"taxonomy":"category","embeddable":true,"href":"https:\/\/notinor.com\/jujuy\/wp-json\/wp\/v2\/categories?post=352886"},{"taxonomy":"post_tag","embeddable":true,"href":"https:\/\/notinor.com\/jujuy\/wp-json\/wp\/v2\/tags?post=352886"}],"curies":[{"name":"wp","href":"https:\/\/api.w.org\/{rel}","templated":true}]}}