{"id":352081,"date":"2022-09-01T19:44:05","date_gmt":"2022-09-01T22:44:05","guid":{"rendered":"https:\/\/notinor.com\/jujuy\/?p=352081"},"modified":"2022-09-01T19:56:22","modified_gmt":"2022-09-01T22:56:22","slug":"uno-por-uno-los-funcionarios-con-mayor-patrimonio-y-los-que-mas-crecieron-en-un-ano","status":"publish","type":"post","link":"https:\/\/notinor.com\/jujuy\/uno-por-uno-los-funcionarios-con-mayor-patrimonio-y-los-que-mas-crecieron-en-un-ano\/","title":{"rendered":"Uno por uno, los funcionarios con mayor patrimonio y los que m\u00e1s crecieron en un a\u00f1o"},"content":{"rendered":"\n<p class=\"has-medium-font-size\"><strong><em>Lammens y Manzur vuelven a encabezar el podio, pero se destaca el crecimiento en la valuaci\u00f3n de los bienes de Cristina Kirchner y Alberto Fern\u00e1ndez, que triplicaron sus declaraciones en pesos por el reval\u00fao fiscal.<\/em><\/strong><\/p>\n\n\n\n<div class=\"wp-block-image\"><figure class=\"aligncenter size-large is-resized\"><img decoding=\"async\" loading=\"lazy\" src=\"https:\/\/notinor.com\/jujuy\/wp-content\/uploads\/2022\/09\/Dise\u00f1o-sin-t\u00edtulo-2022-09-01T194123.788.jpg\" alt=\"\" class=\"wp-image-352086\" width=\"826\" height=\"413\" srcset=\"https:\/\/notinor.com\/jujuy\/wp-content\/uploads\/2022\/09\/Dise\u00f1o-sin-t\u00edtulo-2022-09-01T194123.788.jpg 600w, https:\/\/notinor.com\/jujuy\/wp-content\/uploads\/2022\/09\/Dise\u00f1o-sin-t\u00edtulo-2022-09-01T194123.788-360x180.jpg 360w\" sizes=\"(max-width: 826px) 100vw, 826px\" \/><\/figure><\/div>\n\n\n\n<p>El ministro de Turismo y Deportes,\u00a0<strong>Mat\u00edas Lammens<\/strong>, es nuevamente el funcionario de mayor patrimonio declarado dentro del gabinete presidencial. <strong>Lammens declar\u00f3 ante la Oficina Anticorrupci\u00f3n un patrimonio total de 95,1 millones de pesos, un 67% m\u00e1s respecto al a\u00f1o anterior.<\/strong><\/p>\n\n\n\n<p><strong>Un escal\u00f3n m\u00e1s abajo le sigue el jefe de Gabinete, Juan Manzur: declar\u00f3 $61,1 millones, apenas un 3% m\u00e1s que en 2020. <\/strong>Luego le siguen el ministro de Trabajo, Claudio Moroni, y el ministro de Desarrollo Territorial y H\u00e1bitat, Jorge Ferraresi, ambos con patrimonios por encima de los $50 millones.<\/p>\n\n\n\n<p>Cristina Kirchner\u00a0aparece en el quinto puesto entre los funcionarios de mayor patrimonio dentro del gobierno nacional. La vicepresidenta declar\u00f3 bienes, dep\u00f3sitos y dinero por un valor de\u00a0$48,6 millones. <strong>La vicepresidenta triplic\u00f3 su patrimonio (195%) si se toman los valores nominales. O los duplic\u00f3, si se considera la inflaci\u00f3n del per\u00edodo.<\/strong><\/p>\n\n\n\n<div class=\"wp-block-image\"><figure class=\"aligncenter is-resized\"><img decoding=\"async\" loading=\"lazy\" src=\"https:\/\/www.cronista.com\/files\/image\/105\/105785\/5ff73e4c12b48.jpg\" alt=\"La oposici\u00f3n apunta contra Cristina Kirchner y se ve a s\u00ed misma en un  dilema - El Cronista\" width=\"812\" height=\"456\"\/><\/figure><\/div>\n\n\n\n<p><strong>El Gobierno, a trav\u00e9s de la portavoz Gabriela Cerruti, desminti\u00f3 hoy que el patrimonio del presidente Alberto Fern\u00e1ndez,<\/strong> que pas\u00f3 de 5,7 millones a 17,8 millones de pesos, se haya triplicado en un a\u00f1o, seg\u00fan surge de las declaraciones juradas.<\/p>\n\n\n\n<p>En el otro extremo de la lista, entre los funcionarios con menor patrimonio se encuentran el presidente de la Unidad de Informaci\u00f3n Financiera (UIF), Juan Carlos Otero, con $3,6 millones; la directora de Anses, Fernanda Raverta, con $4,7 millones, y la ministra de las Mujeres, G\u00e9neros y Diversidad, Elizabeth G\u00f3mez Alcorta, con $7,8 millones declarados.<\/p>\n\n\n\n<div class=\"wp-block-image\"><figure class=\"aligncenter is-resized\"><img decoding=\"async\" loading=\"lazy\" src=\"https:\/\/cloudfront-us-east-1.images.arcpublishing.com\/infobae\/HMEG3JUTNBBCVKPQKZZCFQUYNU.jpg\" alt=\"Gabriela Cerruti: \u201cEl Presidente no hizo ninguna comparaci\u00f3n, la hicieron  los periodistas\u201d - Infobae\" width=\"791\" height=\"444\"\/><\/figure><\/div>\n\n\n\n<p><strong>Algunos funcionarios presentaron un fuerte aumento interanual en su patrimonio, por encima del 100% en t\u00e9rminos nominales. Entre ellos:<\/strong> la vocera presidencial, Gabriela Cerruti (286%), Alberto Fern\u00e1ndez (212%), Cristina Kirchner (195%), el ministro de Educaci\u00f3n, Jaime Perczyk (151%); y el ministro de Defensa, Jorge Taiana (136%). Sin embargo, el incremento patrimonial tan prominente se debe a una revaluaci\u00f3n de bienes m\u00e1s que a la incorporaci\u00f3n de activos.<\/p>\n\n\n\n<div class=\"wp-block-image\"><figure class=\"aligncenter is-resized\"><img decoding=\"async\" loading=\"lazy\" src=\"https:\/\/cloudfront-us-east-1.images.arcpublishing.com\/infobae\/OU3SM34FSVADRBV2ELCHJVGMHE.jpg\" alt=\"Jaime Perczyk, de rector a secretario de Pol\u00edticas Universitarias y ahora,  Ministro de Educaci\u00f3n en reemplazo de Nicol\u00e1s Trotta - Infobae\" width=\"796\" height=\"447\"\/><\/figure><\/div>\n","protected":false},"excerpt":{"rendered":"<p>Lammens y Manzur vuelven a encabezar el podio, pero se destaca el crecimiento en la valuaci\u00f3n de los bienes de Cristina Kirchner y Alberto Fern\u00e1ndez, que triplicaron sus declaraciones en pesos por el reval\u00fao fiscal. El ministro de Turismo y Deportes,\u00a0Mat\u00edas Lammens, es nuevamente el funcionario de mayor patrimonio declarado dentro del gabinete presidencial. Lammens [&hellip;]<\/p>\n","protected":false},"author":40,"featured_media":352086,"comment_status":"open","ping_status":"open","sticky":false,"template":"","format":"standard","meta":{"_stopmodifiedupdate":false,"_modified_date":"","inline_featured_image":false,"spay_email":"","jetpack_publicize_message":""},"categories":[501],"tags":[634,696,1306],"jetpack_featured_media_url":"https:\/\/notinor.com\/jujuy\/wp-content\/uploads\/2022\/09\/Dise\u00f1o-sin-t\u00edtulo-2022-09-01T194123.788.jpg","jetpack_publicize_connections":[],"_links":{"self":[{"href":"https:\/\/notinor.com\/jujuy\/wp-json\/wp\/v2\/posts\/352081"}],"collection":[{"href":"https:\/\/notinor.com\/jujuy\/wp-json\/wp\/v2\/posts"}],"about":[{"href":"https:\/\/notinor.com\/jujuy\/wp-json\/wp\/v2\/types\/post"}],"author":[{"embeddable":true,"href":"https:\/\/notinor.com\/jujuy\/wp-json\/wp\/v2\/users\/40"}],"replies":[{"embeddable":true,"href":"https:\/\/notinor.com\/jujuy\/wp-json\/wp\/v2\/comments?post=352081"}],"version-history":[{"count":4,"href":"https:\/\/notinor.com\/jujuy\/wp-json\/wp\/v2\/posts\/352081\/revisions"}],"predecessor-version":[{"id":352090,"href":"https:\/\/notinor.com\/jujuy\/wp-json\/wp\/v2\/posts\/352081\/revisions\/352090"}],"wp:featuredmedia":[{"embeddable":true,"href":"https:\/\/notinor.com\/jujuy\/wp-json\/wp\/v2\/media\/352086"}],"wp:attachment":[{"href":"https:\/\/notinor.com\/jujuy\/wp-json\/wp\/v2\/media?parent=352081"}],"wp:term":[{"taxonomy":"category","embeddable":true,"href":"https:\/\/notinor.com\/jujuy\/wp-json\/wp\/v2\/categories?post=352081"},{"taxonomy":"post_tag","embeddable":true,"href":"https:\/\/notinor.com\/jujuy\/wp-json\/wp\/v2\/tags?post=352081"}],"curies":[{"name":"wp","href":"https:\/\/api.w.org\/{rel}","templated":true}]}}