{"id":352078,"date":"2022-09-01T19:17:53","date_gmt":"2022-09-01T22:17:53","guid":{"rendered":"https:\/\/notinor.com\/jujuy\/?p=352078"},"modified":"2022-09-01T20:06:40","modified_gmt":"2022-09-01T23:06:40","slug":"jujuy-celebra-el-dia-provincial-del-lapacho-rosado","status":"publish","type":"post","link":"https:\/\/notinor.com\/jujuy\/jujuy-celebra-el-dia-provincial-del-lapacho-rosado\/","title":{"rendered":"Jujuy celebra el D\u00eda Provincial del Lapacho Rosado"},"content":{"rendered":"\n<p class=\"has-small-font-size\"><strong>Por Elizabeth Aybar<\/strong><\/p>\n\n\n\n<p class=\"has-medium-font-size\"><strong><em>Llega septiembre y Jujuy se viste de colores gracias a las flores del Lapacho, declarado por el ejecutivo provincial como \"\u00e1rbol regional de la Provincia de Jujuy\".<\/em><\/strong><\/p>\n\n\n\n<div class=\"wp-block-image\"><figure class=\"aligncenter size-large\"><img decoding=\"async\" loading=\"lazy\" width=\"536\" height=\"480\" src=\"https:\/\/notinor.com\/jujuy\/wp-content\/uploads\/2022\/09\/lapacho-6-536x480.jpg\" alt=\"\" class=\"wp-image-352079\" srcset=\"https:\/\/notinor.com\/jujuy\/wp-content\/uploads\/2022\/09\/lapacho-6-536x480.jpg 536w, https:\/\/notinor.com\/jujuy\/wp-content\/uploads\/2022\/09\/lapacho-6-408x365.jpg 408w, https:\/\/notinor.com\/jujuy\/wp-content\/uploads\/2022\/09\/lapacho-6-768x688.jpg 768w, https:\/\/notinor.com\/jujuy\/wp-content\/uploads\/2022\/09\/lapacho-6-750x672.jpg 750w, https:\/\/notinor.com\/jujuy\/wp-content\/uploads\/2022\/09\/lapacho-6-1140x1021.jpg 1140w, https:\/\/notinor.com\/jujuy\/wp-content\/uploads\/2022\/09\/lapacho-6.jpg 1340w\" sizes=\"(max-width: 536px) 100vw, 536px\" \/><\/figure><\/div>\n\n\n\n<p><strong>Desde 1954 fue instaurado como tal y m\u00e1s tarde en 1988, la flor del <a href=\"https:\/\/notinor.com\/jujuy\/en-conmemoracion-al-dia-del-lapacho-y-para-recibir-el-mes-de-la-primavera\/\">lapacho <\/a>rosado fue declarada flor provincial.<\/strong> La majestuosidad y belleza decoran a la provincia de colores y aromas que van ofreciendo al paso de cada individuo que recorre la provincia.<\/p>\n\n\n\n<p>Durante la gobernaci\u00f3n de <strong>Jorge Villafa\u00f1e (1952-1955)<\/strong>, y con la finalidad de tomar conciencia de los \u00e1rboles de la flora aut\u00f3ctona, el lapacho fue declarado como nuestro \u00e1rbol regional. <strong>Posteriormente en 1988 y mediante la Ley Provincial N\u00b0 4383, la flor del lapacho rosado fue elegida como Flor Provincial.<\/strong><\/p>\n\n\n\n<p>El <a href=\"https:\/\/notinor.com\/jujuy\/1-de-septiembre-dia-del-lapacho-la-flor-de-jujuy\/\">lapacho<\/a>, es un \u00e1rbol que lo podemos encontrar en toda la regi\u00f3n de Jujuy, y alrededores del <strong>norte argentino<\/strong>. Pero en nuestra provincia se da la particularidad de encontrar la variedad de flor blanca. Tambi\u00e9n se puede observar otras variedades como el lapacho de flor amarilla.<\/p>\n\n\n\n<p>En <strong>Libertador General San Mart\u00edn<\/strong>, se dio en horas de la ma\u00f1ana los actos centrales donde se record\u00f3 \u00e9ste d\u00eda mediante la exposici\u00f3n de obras de arte de la mano de <strong>Lorenzo Toro y Yedelmira Viltes de Noguera<\/strong>, exponentes de la cultura de la regi\u00f3n, en la Plaza Central.<\/p>\n","protected":false},"excerpt":{"rendered":"<p>Por Elizabeth Aybar Llega septiembre y Jujuy se viste de colores gracias a las flores del Lapacho, declarado por el ejecutivo provincial como \"\u00e1rbol regional de la Provincia de Jujuy\". Desde 1954 fue instaurado como tal y m\u00e1s tarde en 1988, la flor del lapacho rosado fue declarada flor provincial. La majestuosidad y belleza decoran [&hellip;]<\/p>\n","protected":false},"author":52,"featured_media":352079,"comment_status":"open","ping_status":"open","sticky":false,"template":"","format":"standard","meta":{"_stopmodifiedupdate":false,"_modified_date":"","inline_featured_image":false,"spay_email":"","jetpack_publicize_message":""},"categories":[2,13],"tags":[1984,1326],"jetpack_featured_media_url":"https:\/\/notinor.com\/jujuy\/wp-content\/uploads\/2022\/09\/lapacho-6.jpg","jetpack_publicize_connections":[],"_links":{"self":[{"href":"https:\/\/notinor.com\/jujuy\/wp-json\/wp\/v2\/posts\/352078"}],"collection":[{"href":"https:\/\/notinor.com\/jujuy\/wp-json\/wp\/v2\/posts"}],"about":[{"href":"https:\/\/notinor.com\/jujuy\/wp-json\/wp\/v2\/types\/post"}],"author":[{"embeddable":true,"href":"https:\/\/notinor.com\/jujuy\/wp-json\/wp\/v2\/users\/52"}],"replies":[{"embeddable":true,"href":"https:\/\/notinor.com\/jujuy\/wp-json\/wp\/v2\/comments?post=352078"}],"version-history":[{"count":3,"href":"https:\/\/notinor.com\/jujuy\/wp-json\/wp\/v2\/posts\/352078\/revisions"}],"predecessor-version":[{"id":352093,"href":"https:\/\/notinor.com\/jujuy\/wp-json\/wp\/v2\/posts\/352078\/revisions\/352093"}],"wp:featuredmedia":[{"embeddable":true,"href":"https:\/\/notinor.com\/jujuy\/wp-json\/wp\/v2\/media\/352079"}],"wp:attachment":[{"href":"https:\/\/notinor.com\/jujuy\/wp-json\/wp\/v2\/media?parent=352078"}],"wp:term":[{"taxonomy":"category","embeddable":true,"href":"https:\/\/notinor.com\/jujuy\/wp-json\/wp\/v2\/categories?post=352078"},{"taxonomy":"post_tag","embeddable":true,"href":"https:\/\/notinor.com\/jujuy\/wp-json\/wp\/v2\/tags?post=352078"}],"curies":[{"name":"wp","href":"https:\/\/api.w.org\/{rel}","templated":true}]}}