{"id":352072,"date":"2022-09-01T19:12:03","date_gmt":"2022-09-01T22:12:03","guid":{"rendered":"https:\/\/notinor.com\/jujuy\/?p=352072"},"modified":"2022-09-01T19:12:06","modified_gmt":"2022-09-01T22:12:06","slug":"expectativa-empresarial-por-el-proximo-encuentro-de-gobernadores-del-norte-grande","status":"publish","type":"post","link":"https:\/\/notinor.com\/jujuy\/expectativa-empresarial-por-el-proximo-encuentro-de-gobernadores-del-norte-grande\/","title":{"rendered":"Expectativa Empresarial por el pr\u00f3ximo encuentro de gobernadores del Norte Grande"},"content":{"rendered":"\n<p class=\"has-medium-font-size\"><strong><em>El presidente de la Uni\u00f3n de Empresarios de Jujuy, Luis Alonso, detalla las expectativas para la pr\u00f3xima asamblea de gobernadores del Norte Grande. Este evento se llevar\u00e1 a cabo el 8 de Septiembre en la Ciudad de Resistencia (Chaco)<\/em><\/strong><\/p>\n\n\n\n<div class=\"wp-block-image\"><figure class=\"aligncenter size-large is-resized\"><img decoding=\"async\" loading=\"lazy\" src=\"https:\/\/notinor.com\/jujuy\/wp-content\/uploads\/2022\/09\/WhatsApp-Image-2022-09-01-at-19.00.35-1-383x480.jpeg\" alt=\"\" class=\"wp-image-352073\" width=\"436\" height=\"546\" srcset=\"https:\/\/notinor.com\/jujuy\/wp-content\/uploads\/2022\/09\/WhatsApp-Image-2022-09-01-at-19.00.35-1-383x480.jpeg 383w, https:\/\/notinor.com\/jujuy\/wp-content\/uploads\/2022\/09\/WhatsApp-Image-2022-09-01-at-19.00.35-1-291x365.jpeg 291w, https:\/\/notinor.com\/jujuy\/wp-content\/uploads\/2022\/09\/WhatsApp-Image-2022-09-01-at-19.00.35-1.jpeg 614w\" sizes=\"(max-width: 436px) 100vw, 436px\" \/><\/figure><\/div>\n\n\n\n<p>Alonso destac\u00f3 que desde el sector consideran que han tenido dos jornadas de trabajo muy positivas con el presidente de la CAME y referentes de las c\u00e1maras y federaciones de las provincias del norte grande. \u201c<strong>Hemos podido plantear nuestra problem\u00e1tica PYME a nivel regional, sobre todo las inequidades que existen en relaci\u00f3n a la zona n\u00facleo, sabemos que los gobernadores han puesto en agenda de trabajo algunas de las cuestiones que planteamos<\/strong>\u201d.<\/p>\n\n\n\n<p>Por otra parte, indic\u00f3 que es muy gratificante poder visibilizar las problem\u00e1ticas de las peque\u00f1as y medianas industrias y empresas juje\u00f1as. \u201c<strong>Queremos seguir trabajando en los pr\u00f3ximos encuentros de los gobernadores del Norte Grande que se realizar\u00e1 el 8 de Septiembre en la ciudad de Resistencia<\/strong>\u201d.<\/p>\n\n\n\n<p><strong>El referente afirm\u00f3 que el balance de las jornadas llevadas a cabo en <a href=\"https:\/\/notinor.com\/jujuy\/gobernadores-del-norte-grande-reunidos-en-jujuy-avanzan-en-agenda-de-trabajo-conjunta\/\" target=\"_blank\" aria-label=\"undefined (abre en una nueva pesta\u00f1a)\" rel=\"noreferrer noopener\">la \u00faltima asamblea del Norte Grande, que se llev\u00f3 a cabo en Jujuy<\/a> son alentadoras<\/strong>. \u201cQueremos que se fortalezcan las estrategias para el corredor bi-oce\u00e1nico, la reducci\u00f3n de las contribuciones patronales a trav\u00e9s del decreto 814 y el tratamiento de la cuesti\u00f3n energ\u00e9tica que en nuestra provincia ha impactado muy fuerte\u201d.<\/p>\n\n\n\n<p><strong>Alonso indic\u00f3 que desde la Secretaria de Energ\u00eda de la naci\u00f3n se ha establecido una disminuci\u00f3n de los subsidios a partir de Septiembre y que esto va afectar negativamente a muchas Pymes.<\/strong> \u201cHay que trabajar este punto, hemos podido dialogar con los ministros y con la secretaria de energ\u00eda para poder generar acciones entre todos los actores involucrados y as\u00ed poder mejorar las condiciones de producci\u00f3n\u201d.<\/p>\n\n\n\n<p>En este sentido indic\u00f3 que <strong>se seguir\u00e1 trabajando desde CAME para defender las industrias y las empresas de toda la regi\u00f3n<\/strong>. \u201cCreemos desde la Uni\u00f3n de Empresarios que hay algunos aumentos desmedidos y hemos trasladado el reclamo correspondiente, hay muchas Pymes que tienen en su estructura de costo este \u00edtem.\u201d<\/p>\n\n\n\n<p>\u201c<strong>Con Alfredo Gonz\u00e1lez Presidente de CAME, queremos visibilizar la mirada empresarial y hemos confirmado la participaci\u00f3n en la pr\u00f3xima asamblea de Chaco para seguir gestionando mejoras para la producci\u00f3n<\/strong>\u201d, finaliz\u00f3.<\/p>\n","protected":false},"excerpt":{"rendered":"<p>El presidente de la Uni\u00f3n de Empresarios de Jujuy, Luis Alonso, detalla las expectativas para la pr\u00f3xima asamblea de gobernadores del Norte Grande. Este evento se llevar\u00e1 a cabo el 8 de Septiembre en la Ciudad de Resistencia (Chaco) Alonso destac\u00f3 que desde el sector consideran que han tenido dos jornadas de trabajo muy positivas [&hellip;]<\/p>\n","protected":false},"author":40,"featured_media":352074,"comment_status":"open","ping_status":"open","sticky":false,"template":"","format":"standard","meta":{"_stopmodifiedupdate":false,"_modified_date":"","inline_featured_image":false,"spay_email":"","jetpack_publicize_message":""},"categories":[2,501],"tags":[1380,1302,1983],"jetpack_featured_media_url":"https:\/\/notinor.com\/jujuy\/wp-content\/uploads\/2022\/09\/Dise\u00f1o-sin-t\u00edtulo-2022-09-01T191030.797.jpg","jetpack_publicize_connections":[],"_links":{"self":[{"href":"https:\/\/notinor.com\/jujuy\/wp-json\/wp\/v2\/posts\/352072"}],"collection":[{"href":"https:\/\/notinor.com\/jujuy\/wp-json\/wp\/v2\/posts"}],"about":[{"href":"https:\/\/notinor.com\/jujuy\/wp-json\/wp\/v2\/types\/post"}],"author":[{"embeddable":true,"href":"https:\/\/notinor.com\/jujuy\/wp-json\/wp\/v2\/users\/40"}],"replies":[{"embeddable":true,"href":"https:\/\/notinor.com\/jujuy\/wp-json\/wp\/v2\/comments?post=352072"}],"version-history":[{"count":2,"href":"https:\/\/notinor.com\/jujuy\/wp-json\/wp\/v2\/posts\/352072\/revisions"}],"predecessor-version":[{"id":352077,"href":"https:\/\/notinor.com\/jujuy\/wp-json\/wp\/v2\/posts\/352072\/revisions\/352077"}],"wp:featuredmedia":[{"embeddable":true,"href":"https:\/\/notinor.com\/jujuy\/wp-json\/wp\/v2\/media\/352074"}],"wp:attachment":[{"href":"https:\/\/notinor.com\/jujuy\/wp-json\/wp\/v2\/media?parent=352072"}],"wp:term":[{"taxonomy":"category","embeddable":true,"href":"https:\/\/notinor.com\/jujuy\/wp-json\/wp\/v2\/categories?post=352072"},{"taxonomy":"post_tag","embeddable":true,"href":"https:\/\/notinor.com\/jujuy\/wp-json\/wp\/v2\/tags?post=352072"}],"curies":[{"name":"wp","href":"https:\/\/api.w.org\/{rel}","templated":true}]}}