{"id":352060,"date":"2022-09-01T18:08:23","date_gmt":"2022-09-01T21:08:23","guid":{"rendered":"https:\/\/notinor.com\/jujuy\/?p=352060"},"modified":"2022-09-01T18:08:28","modified_gmt":"2022-09-01T21:08:28","slug":"la-escasez-de-dolares-para-la-produccion-impulsara-aun-mas-la-inflacion-hasta-fin-de-ano","status":"publish","type":"post","link":"https:\/\/notinor.com\/jujuy\/la-escasez-de-dolares-para-la-produccion-impulsara-aun-mas-la-inflacion-hasta-fin-de-ano\/","title":{"rendered":"La escasez de d\u00f3lares para la producci\u00f3n impulsar\u00e1 a\u00fan m\u00e1s la inflaci\u00f3n hasta fin de a\u00f1o"},"content":{"rendered":"\n<p class=\"has-medium-font-size\"><strong><em>Las empresas preparan nuevas remarcaciones ante la incertidumbre sobre el acceso a los insumos y muchas tienen que salir a pagar al \u201ccontado con liqui\u201d por importaciones ya ingresadas<\/em><\/strong>.<\/p>\n\n\n\n<div class=\"wp-block-image\"><figure class=\"aligncenter\"><img decoding=\"async\" src=\"https:\/\/media.ecotvpanama.com\/p\/306fa0118ed8fa9122b763499a6de11a\/adjuntos\/323\/imagenes\/017\/877\/0017877686\/855x0\/smart\/dolares-eeuujpg.jpg\" alt=\"FMI recortar\u00e1 sus previsiones de crecimiento mundial 2022\"\/><\/figure><\/div>\n\n\n\n<p><strong>En los pr\u00f3ximos meses continuar\u00e1n las fuertes restricciones a las importaciones, dados los problemas que tiene el Banco Central para acumular d\u00f3lares. <\/strong>Las dificultades de las empresas para producir, por falta de insumos, est\u00e1n generando m\u00e1s presi\u00f3n sobre los precios y seguir\u00e1n alimentando el nivel de inflaci\u00f3n en los pr\u00f3ximos meses. <\/p>\n\n\n\n<p>El \u00edndice de julio registr\u00f3 un m\u00e1ximo hist\u00f3rico de 7,4% y en agosto se mantendr\u00e1 por encima del 6%. <strong>Las proyecciones para el resto del a\u00f1o no son precisamente optimistas y Parece casi imposible que en el pr\u00f3ximo trimestre la inflaci\u00f3n caiga por debajo del 5% mensual.<\/strong><\/p>\n\n\n\n<p><strong>M\u00e1s all\u00e1 del tema monetario, uno de los factores que sigue alimentando la inflaci\u00f3n son los problemas de abastecimiento que sufre la econom\u00eda. <\/strong>La decisi\u00f3n del Banco Central de obligar a las empresas a financiar el pago de las importaciones durante 180 d\u00edas a partir de julio ha llevado el problema a otro nivel.<\/p>\n\n\n\n<p><strong>Cientos de empresas quedaron en situaci\u00f3n de \u201cdefault comercial\u201d con sus proveedores del exterior. La situaci\u00f3n m\u00e1s complicada pasa por productos que ya llegaron al pa\u00eds, pero que sin embargo no se pudieron pagar ante la decisi\u00f3n del BCRA de no liberar las divisas<\/strong>. Muchas empresas optaron por pagar transfiriendo divisas directamente desde cuentas del exterior, es decir al precio del \u201ccontado con liquidaci\u00f3n\u201d.<\/p>\n\n\n\n<div class=\"wp-block-image\"><figure class=\"aligncenter is-resized\"><img decoding=\"async\" loading=\"lazy\" src=\"https:\/\/media.a24.com\/p\/fbf10cb6246138c1ae5b0dce617f6e70\/adjuntos\/296\/imagenes\/008\/990\/0008990915\/1200x675\/smart\/bacno-centralwebp.png\" alt=\"El Banco Central acumul\u00f3 m\u00e1s de 750 millones de d\u00f3lares en reservas y toc\u00f3  su nivel m\u00e1s alto en el a\u00f1o\" width=\"849\" height=\"477\"\/><\/figure><\/div>\n\n\n\n<p>En otras palabras,\u00a0<strong>es creciente la cantidad de productos que ingresan ya no al precio del d\u00f3lar oficial sino al tipo de cambio financiero<\/strong>, lo que obliga a sustanciales remarcaciones. <strong>Este fen\u00f3meno se suma a lo que ya hace tiempo ven\u00eda sucediendo.<\/strong> Hace m\u00e1s de un a\u00f1o que la incertidumbre sobre el acceso al mercado cambiario lleva a las empresas a remarcar exageradamente. As\u00ed se cubren ante posibles faltantes de stock y menor facturaci\u00f3n futura.<\/p>\n\n\n\n<p><strong>M\u00e1s all\u00e1 de las dificultades para fortalecer las reservas, en el mercado gener\u00f3 alivio que el Central mantenga una postura compradora en las \u00faltimas semanas. <\/strong>Se trata de compras a cuentagotas, pero se valora que haya dejado de perder divisas diariamente, como fue una constante en julio y parte de agosto.<\/p>\n\n\n\n<p>En las reuniones que mantendr\u00e1n los equipos t\u00e9cnicos del ministerio de Econom\u00eda con el staff del FMI en Washington la semana pr\u00f3xima, el futuro del funcionamiento mercado cambiario quedar\u00e1 en el centro de la escena. <strong>Una de las cuestiones principales es qu\u00e9 pasar\u00e1 con la acumulaci\u00f3n de divisas que se pact\u00f3 a principios de a\u00f1o. <\/strong><\/p>\n\n\n\n<p><strong>Sin embargo, hasta no logr\u00f3 nada de aquel compromiso y el BCRA en teor\u00eda deber\u00eda acumular USD 7.000 millones hasta fin de a\u00f1o para no incumplir.<\/strong> Se estima que el tema ser\u00e1 conversado y que el organismo aceptar\u00e1 renegociar dicha meta o bien se introducir\u00e1 un cambio en la misma, teniendo en cuenta el mayor volumen de importaci\u00f3n de energ\u00eda producto del fuerte aumento de los precios internacionales.<\/p>\n","protected":false},"excerpt":{"rendered":"<p>Las empresas preparan nuevas remarcaciones ante la incertidumbre sobre el acceso a los insumos y muchas tienen que salir a pagar al \u201ccontado con liqui\u201d por importaciones ya ingresadas. En los pr\u00f3ximos meses continuar\u00e1n las fuertes restricciones a las importaciones, dados los problemas que tiene el Banco Central para acumular d\u00f3lares. Las dificultades de las [&hellip;]<\/p>\n","protected":false},"author":40,"featured_media":352061,"comment_status":"open","ping_status":"open","sticky":false,"template":"","format":"standard","meta":{"_stopmodifiedupdate":false,"_modified_date":"","inline_featured_image":false,"spay_email":"","jetpack_publicize_message":""},"categories":[676],"tags":[1874,1250,1875],"jetpack_featured_media_url":"https:\/\/notinor.com\/jujuy\/wp-content\/uploads\/2022\/09\/Dise\u00f1o-sin-t\u00edtulo-2022-09-01T180659.780.jpg","jetpack_publicize_connections":[],"_links":{"self":[{"href":"https:\/\/notinor.com\/jujuy\/wp-json\/wp\/v2\/posts\/352060"}],"collection":[{"href":"https:\/\/notinor.com\/jujuy\/wp-json\/wp\/v2\/posts"}],"about":[{"href":"https:\/\/notinor.com\/jujuy\/wp-json\/wp\/v2\/types\/post"}],"author":[{"embeddable":true,"href":"https:\/\/notinor.com\/jujuy\/wp-json\/wp\/v2\/users\/40"}],"replies":[{"embeddable":true,"href":"https:\/\/notinor.com\/jujuy\/wp-json\/wp\/v2\/comments?post=352060"}],"version-history":[{"count":1,"href":"https:\/\/notinor.com\/jujuy\/wp-json\/wp\/v2\/posts\/352060\/revisions"}],"predecessor-version":[{"id":352062,"href":"https:\/\/notinor.com\/jujuy\/wp-json\/wp\/v2\/posts\/352060\/revisions\/352062"}],"wp:featuredmedia":[{"embeddable":true,"href":"https:\/\/notinor.com\/jujuy\/wp-json\/wp\/v2\/media\/352061"}],"wp:attachment":[{"href":"https:\/\/notinor.com\/jujuy\/wp-json\/wp\/v2\/media?parent=352060"}],"wp:term":[{"taxonomy":"category","embeddable":true,"href":"https:\/\/notinor.com\/jujuy\/wp-json\/wp\/v2\/categories?post=352060"},{"taxonomy":"post_tag","embeddable":true,"href":"https:\/\/notinor.com\/jujuy\/wp-json\/wp\/v2\/tags?post=352060"}],"curies":[{"name":"wp","href":"https:\/\/api.w.org\/{rel}","templated":true}]}}