{"id":352058,"date":"2022-09-01T20:11:03","date_gmt":"2022-09-01T23:11:03","guid":{"rendered":"https:\/\/notinor.com\/jujuy\/?p=352058"},"modified":"2022-09-01T20:11:07","modified_gmt":"2022-09-01T23:11:07","slug":"victimas-de-milagro-sala-que-declararon-como-arrepentidos-aseguran-haber-recibido-nuevas-amenazas","status":"publish","type":"post","link":"https:\/\/notinor.com\/jujuy\/victimas-de-milagro-sala-que-declararon-como-arrepentidos-aseguran-haber-recibido-nuevas-amenazas\/","title":{"rendered":"V\u00edctimas de Milagro Sala que declararon como arrepentidos aseguran haber recibido nuevas amenazas"},"content":{"rendered":"\n<p><strong>Por Fabian Vargas<\/strong><\/p>\n\n\n\n<p class=\"has-medium-font-size\"><strong><em>Son integrantes de la Fundaci\u00f3n \u201cJujuy con Paz y Esperanza\u201d, que agrupa a exintegrantes de la Tupac Amaru que fueron v\u00edctimas de maltratos, golpes y hasta la p\u00e9rdida de seres queridos por \u00f3rdenes de la exdirigente social. El Gobernador Gerardo Morales dijo que Alberto Fern\u00e1ndez \u201cconvalid\u00f3\u201d toda esta matriz de violencia y corrupci\u00f3n al visitar a la l\u00edder de la Tupac Amaru.<\/em><\/strong><\/p>\n\n\n\n<div class=\"wp-block-image\"><figure class=\"aligncenter size-large\"><img decoding=\"async\" loading=\"lazy\" width=\"800\" height=\"450\" src=\"https:\/\/notinor.com\/jujuy\/wp-content\/uploads\/2022\/09\/victimas-de-milagro-sala.jpg\" alt=\"\" class=\"wp-image-352067\" srcset=\"https:\/\/notinor.com\/jujuy\/wp-content\/uploads\/2022\/09\/victimas-de-milagro-sala.jpg 800w, https:\/\/notinor.com\/jujuy\/wp-content\/uploads\/2022\/09\/victimas-de-milagro-sala-649x365.jpg 649w, https:\/\/notinor.com\/jujuy\/wp-content\/uploads\/2022\/09\/victimas-de-milagro-sala-500x280.jpg 500w, https:\/\/notinor.com\/jujuy\/wp-content\/uploads\/2022\/09\/victimas-de-milagro-sala-768x432.jpg 768w, https:\/\/notinor.com\/jujuy\/wp-content\/uploads\/2022\/09\/victimas-de-milagro-sala-750x422.jpg 750w\" sizes=\"(max-width: 800px) 100vw, 800px\" \/><figcaption>V\u00edctimas de Milagro Sala se manifestaron cuando el Presidente Alberto Fern\u00e1ndez visit\u00f3 en un sanatorio a la exdirigente social.<\/figcaption><\/figure><\/div>\n\n\n\n<p>En medio de un nuevo juicio que se lleva adelante a <strong>la exdirigente social y l\u00edder de la Tupac Amaru, Milagro Sala,<\/strong> se siguen conociendo testimonios de exintegrantes de esa organizaci\u00f3n social que dan cuenta de los maltratos que sufr\u00edan por parte de Milagro Sala y su gente, la corrupci\u00f3n de la que fueron testigos privilegiados y tambi\u00e9n de <strong>las muertes de las que se responsabiliza a la l\u00edder de la Tupac Amaru y que hasta el d\u00eda de hoy quedaron impunes.<\/strong><\/p>\n\n\n\n<p>Este mi\u00e9rcoles se difundi\u00f3 un informe realizado en el canal La Naci\u00f3n+, en el que los <strong>familiares de las v\u00edctimas fatales de Milagro Sala cuentan c\u00f3mo sucedieron los hechos que terminaron con las vidas de sus seres queridos.<\/strong><\/p>\n\n\n\n<p>All\u00ed, exintegrantes y colaboradores de la agrupaci\u00f3n Tupac Amaru cuentan <strong>los atropellos y las golpizas a los que fueron sometidos por la l\u00edder de la Tupac Amaru y sus lugartenientes.<\/strong> La exdirigente social, que est\u00e1 presa desde el 2016, marc\u00f3 a Jujuy con sangre y violencia en los a\u00f1os en los que N\u00e9stor y Cristina Kirchner gobernaban la Argentina.<\/p>\n\n\n\n<p><strong>Maltratos, amenazas, usurpaciones y condenas p\u00fablicas a vecinos juje\u00f1os son el retrato de lo que fue un estado paralelo dominado por Sala,<\/strong> quien conduc\u00eda con mano dura y sin escr\u00fapulos a la agrupaci\u00f3n Tupac Amaru, denunciada por usurpar viviendas, golpear a dirigentes y extorsionar a vecinos. Un combo atravesado por la violencia f\u00edsica y psicol\u00f3gica.<\/p>\n\n\n\n<p><strong>Uno de los casos m\u00e1s emblem\u00e1ticos de la violencia de la Tupac Amaru fue el caso de la muerte de Luis \u2018Pato\u2019 Condor\u00ed, <\/strong>un gu\u00eda tur\u00edstico de Humahuaca, quien junto a otros lugare\u00f1os decidieron tratar de evitar que la <strong>organizaci\u00f3n \u201cTit\u00ed Guerra\u201d (que respond\u00eda a Milagro Sala)<\/strong> usurpen unos terrenos en esa localidad.<\/p>\n\n\n\n<p>All\u00ed se produjo un enfrentamiento entre las dos partes que termin\u00f3 con la vida de \u201cPato\u201d Condor\u00ed de un disparo. Miriam Vilte (mam\u00e1 de Pato Condor\u00ed) relat\u00f3 que <strong>\u201ca m\u00ed me mataron a mi hijo en el a\u00f1o 2012 en las tomas de tierras, la Organizaci\u00f3n \u2018Tit\u00ed Guerra\u2019 asesin\u00f3 a mi hijo, la que mandaba a todas las organizaciones era Milagro Sala, fue un 5 de septiembre, donde ellos fueron a usurpar tierras humahuaque\u00f1as\u201d.<\/strong><\/p>\n\n\n\n<p>\u201cCerca de las 20.20 horas, (mi hijo) recibe un disparo de un arma de fuego, <strong>fue baleado por Marcos Guerra y Mois\u00e9s Lavall\u00e9n, como todos saben, el que lo bale\u00f3 fue Mois\u00e9s Lavall\u00e9n, que pertenec\u00eda a la Organizaci\u00f3n \u2018Tit\u00ed Guerra\u2019, <\/strong>primero pensaron que era una bala de goma, pero lastimosamente era una bala de plomo\u201d, dijo.<\/p>\n\n\n\n<div class=\"wp-block-image\"><figure class=\"aligncenter size-large\"><img decoding=\"async\" loading=\"lazy\" width=\"800\" height=\"450\" src=\"https:\/\/notinor.com\/jujuy\/wp-content\/uploads\/2022\/09\/alberto-fernandez-y-milagro-sala.jpg\" alt=\"\" class=\"wp-image-352066\" srcset=\"https:\/\/notinor.com\/jujuy\/wp-content\/uploads\/2022\/09\/alberto-fernandez-y-milagro-sala.jpg 800w, https:\/\/notinor.com\/jujuy\/wp-content\/uploads\/2022\/09\/alberto-fernandez-y-milagro-sala-649x365.jpg 649w, https:\/\/notinor.com\/jujuy\/wp-content\/uploads\/2022\/09\/alberto-fernandez-y-milagro-sala-500x280.jpg 500w, https:\/\/notinor.com\/jujuy\/wp-content\/uploads\/2022\/09\/alberto-fernandez-y-milagro-sala-768x432.jpg 768w, https:\/\/notinor.com\/jujuy\/wp-content\/uploads\/2022\/09\/alberto-fernandez-y-milagro-sala-750x422.jpg 750w\" sizes=\"(max-width: 800px) 100vw, 800px\" \/><\/figure><\/div>\n\n\n\n<p>Y agreg\u00f3 que \u201cluego de estar sufriendo all\u00ed, (mi hijo) fallece en el hospital.&nbsp; <strong>Yo tengo fe en la justicia divina, porque todav\u00eda no tuve una buena justicia, a ellos les dieron pocos a\u00f1os, Marcos Guerra ya sali\u00f3 libre y Mois\u00e9s Lavall\u00e9n est\u00e1 detenido pero a punto de salir\u201d.<\/strong><\/p>\n\n\n\n<p>Adem\u00e1s, Sala fue juzgada por las lesiones que habr\u00edan sufrido dos personas, <strong>C\u00e9sar \"Luca\" Arias<\/strong> y Juan Maidana, en el 2006, producto de un enfrentamiento entre dos organizaciones. <strong>Como causa de esas lesiones, Luca Arias termin\u00f3 falleciendo tiempo despu\u00e9s.<\/strong> Sala fue sobrese\u00edda por la Justicia en esa causa.<\/p>\n\n\n\n<p>Al respecto, Juan Maidana (quien tambi\u00e9n fue brutalmente golpeado), relat\u00f3 que a Arias <strong>\u201cle rompieron la nariz a palazos, golpes de pu\u00f1o, golpes contra la pared, fueron Milagro Sala y su gente\u201d.<\/strong><\/p>\n\n\n\n<p>\u201cEl compa\u00f1ero que estaba conmigo fue Luca Arias, a \u00e9l le agarraban del pelo y lo golpearon contra la pared, <strong>cuando entr\u00f3 la madre de Luca vio toda la sangre marcada contra la pared, yo vomitando sangre, para nosotros ese momento fue una eternidad\u201d,<\/strong> record\u00f3.<\/p>\n\n\n\n<p>Luca Arias hab\u00eda llegado ese d\u00eda al Ministerio de Infraestructura a tener una reuni\u00f3n con el ministro (Cosentini) citado por \u00e9l. <strong>M\u00e1s tarde lleg\u00f3 Milagro Sala con sus hombres, Cosentini se retir\u00f3 del lugar dejando a Arias y Maidana con Milagro Sala y sus lugartenientes y le propinaron una paliza, le dieron culatazos y golpes contra la pared.<\/strong><\/p>\n\n\n\n<p>La madre de Luca Arias, Rosal\u00eda Reyes, sostuvo que<strong> \u201ca mi hijo lo mataron, le hicieron una emboscada, all\u00ed estaba Milagro Sala junto con otros j\u00f3venes, le pegaron por orden de ella, que era la que comandaba todo. Lo mataron a golpes y patadas, fue un d\u00eda a la tarde creo, no me quiero ni acordar\u201d, <\/strong>sostuvo.<\/p>\n\n\n\n<p>Otro que dio su testimonio fue <strong>Ren\u00e9 C\u00e1ceres, alias \u201cPuchero\u201d,<\/strong> quien asegur\u00f3 haber recibido amenazas luego de hablar para la prensa y para la Justicia.<\/p>\n\n\n\n<p><strong>\u201cHab\u00eda que hacer las cosas como dec\u00eda ella, sino te mandaban al \u2018psic\u00f3logo\u2019, <\/strong>que era una pieza a donde te mandaban si te \u2018portabas mal\u2019 y cuando entrabas adentro te esperaban diez o quince changos y te \u2018mol\u00edan a palos\u2019, ten\u00edas que andar bien ah\u00ed\u201d.<\/p>\n\n\n\n<p><strong>\u201cLamentablemente, yo siempre me digo \u2018por qu\u00e9 llegu\u00e9 a esa organizaci\u00f3n, yo lo \u00fanico que quer\u00eda era tener mi casa, que es lo que un ser humano anhela para su familia. Y no la tengo\u201d, <\/strong>se lament\u00f3 \u201cPuchero\u201d.<\/p>\n\n\n\n<p>Otra de las integrantes de la Fundaci\u00f3n \u201cJujuy con Paz y Esperanza\u201d, que agrupa a las v\u00edctimas de Milagro Sala, es Natalia Baz\u00e1n, quien asegur\u00f3 que <strong>\u201cal principio no me arrepent\u00ed de haberme sumado a la Tupac Amaru porque yo lo hice para poder tener mi casa, porque ac\u00e1 en Jujuy hab\u00eda un Estado ausente, Milagro Sala era el poder, era la Justicia,<\/strong> ella evolucion\u00f3 todo lo que tiene que ver con los derechos humanos, de ni\u00f1os, mujeres y abuelos. Milagro Sala siempre tuvo esa matriz de violenta\u201d.<\/p>\n\n\n\n<p>Todas estas personas que sufrieron maltratos y golpes en su momento y hasta sufrieron la p\u00e9rdida de un ser querido, ahora vuelven a padecer el miedo luego de dar a conocer c\u00f3mo se mov\u00eda Milagro Sala y son amenazados nuevamente por gente que todav\u00eda responde a la exl\u00edder de la Tupac Amaru.<strong> \u201cHay un ej\u00e9rcito activo de personas que responden a Milagro Sala, hay personas capaces de apremiar y amenazar\u201d, <\/strong>aseguran.<\/p>\n\n\n\n<p>El aporte testimonial de los arrepentidos se transforma luego en un expediente judicial. El fiscal Diego Funes explic\u00f3 c\u00f3mo funcionaba la ruta del dinero de la Tupac Amaru, <strong>hay viajes comprobados a Italia, China, Qatar, Bolivia, Chile y Venezuela.<\/strong> El objetivo es comprobar si, adem\u00e1s de comprar bienes o propiedades en el exterior a trav\u00e9s de los comit\u00e9s de personas con d\u00f3lares que llevaba en cada uno de sus viajes, hab\u00eda tambi\u00e9n cuentas bancarias.<\/p>\n\n\n\n<p class=\"has-medium-font-size\"><strong>\u201cNosotros terminamos con el Estado paralelo\u201d<\/strong><\/p>\n\n\n\n<p>Por su parte, <strong>el Gobernador de Jujuy, Gerardo Morales,<\/strong> coment\u00f3 a La Naci\u00f3n+ que <strong>\u201cel Gobierno nacional le asigna un cupo de planes, nosotros entendemos que est\u00e1 manejando cerca de 20.000 planes en la provincia, Jujuy tiene 80.000 planes que manejan las organizaciones sociales, no pasan por nosotros. Es una lucha que tenemos que encarar para terminar con los intermediarios, que siguen existiendo, y que son los que manejan las altas y bajas\u201d,<\/strong> dijo.<\/p>\n\n\n\n<p>Hace poco, el ministro de Desarrollo Social de la Naci\u00f3n, Juan Zabaleta asegur\u00f3 que ya no se iban a producir nuevas altas en los planes sociales, punto en el que Morales subray\u00f3 que \u201clo que pasa es que hay temas que maneja Zabaleta y temas que no, esto es lo que es el Gobierno, una anarqu\u00eda. En todos los ministerios hay una interna tremenda, me parece que est\u00e1 implosionado el Frente de Todos y esto se ven en la gesti\u00f3n. En t\u00e9rminos de gesti\u00f3n son pol\u00edticas sociales con el manejo de los planes, <strong>siempre hay alguien que busca empoderar a Milagro Sala y siguen insistiendo con que es una presa pol\u00edtica, cuando ha cometido tantos delitos. Estos testimonios dan cuenta de personas que se animaron a hablar despu\u00e9s de mucho tiempo\u201d.<\/strong><\/p>\n\n\n\n<div class=\"wp-block-image\"><figure class=\"aligncenter size-large\"><img decoding=\"async\" loading=\"lazy\" width=\"800\" height=\"450\" src=\"https:\/\/notinor.com\/jujuy\/wp-content\/uploads\/2022\/08\/gerardo-morales-1.jpg\" alt=\"\" class=\"wp-image-350974\" srcset=\"https:\/\/notinor.com\/jujuy\/wp-content\/uploads\/2022\/08\/gerardo-morales-1.jpg 800w, https:\/\/notinor.com\/jujuy\/wp-content\/uploads\/2022\/08\/gerardo-morales-1-649x365.jpg 649w, https:\/\/notinor.com\/jujuy\/wp-content\/uploads\/2022\/08\/gerardo-morales-1-500x280.jpg 500w, https:\/\/notinor.com\/jujuy\/wp-content\/uploads\/2022\/08\/gerardo-morales-1-768x432.jpg 768w, https:\/\/notinor.com\/jujuy\/wp-content\/uploads\/2022\/08\/gerardo-morales-1-750x422.jpg 750w\" sizes=\"(max-width: 800px) 100vw, 800px\" \/><\/figure><\/div>\n\n\n\n<p>\u201cHa pasado el tiempo y nosotros ordenamos las situaciones, cuando yo me hice cargo tuve tomada por 50 d\u00edas la plaza entre diciembre de 2015 y enero de 2016, hab\u00eda gente armada en la plaza, esto es lo que pasaba en Jujuy\u201d, se\u00f1al\u00f3.<\/p>\n\n\n\n<p>Y agreg\u00f3 que <strong>\u201cnosotros logramos ordenar esa situaci\u00f3n con decisi\u00f3n, dictando un c\u00f3digo contravencional con el funcionamiento de la Justicia independiente ya que los jueces no se animaban, ella misma iba y les pateaba la puerta a los jueces del STJ, incluso a los camaristas\u201d.<\/strong><\/p>\n\n\n\n<p class=\"has-medium-font-size\"><strong>La visita de Alberto a Sala<\/strong><\/p>\n\n\n\n<p>Finalmente, el mandatario provincial se refiri\u00f3 a la visita que recibi\u00f3 Milagro Sala por parte del Presidente de la Naci\u00f3n, Alberto Fern\u00e1ndez, cuando tuvo que ser internada por un cuadro de trombosis.<\/p>\n\n\n\n<p>Morales enfatiz\u00f3 al respecto que <strong>\u201csi va el Presidente y abraza a la persona que ha sido la jefa de la matriz de delincuencia en la provincia de Jujuy durante m\u00e1s de 15 a\u00f1os\u2026<\/strong> hay gente que vive lejos de Jujuy y que no sabe lo que fue vivir en Jujuy esos a\u00f1os, 15 a\u00f1os de violencia. Antes los planes de viviendas eran por etapas, estaba pagada la etapa 17 y construida la 13, faltaban 2.000 viviendas que, a valor de hoy, ser\u00edan unos 16 mil millones de pesos que fueron a parar a otro lado, que se guardaron, que se robaron. Lo que hace el Presidente al visitarla es legitimar toda esta matriz de corrupci\u00f3n\u201d.<\/p>\n\n\n\n<p><strong>\u201cYo me enter\u00e9 a la medianoche que el Presidente iba a llegar a Jujuy al otro d\u00eda,<\/strong> me enter\u00e9 por Casa Militar habla con las fuerzas de seguridad de cada provincia cuando va a llegar el Presidente. <strong>Yo estuve en mi despacho toda la ma\u00f1ana, podr\u00eda haberme visitado despu\u00e9s de visitar a Milagro Sala y acompa\u00f1arme a inaugurar una escuela, <\/strong>porque ese d\u00eda yo inaugur\u00e9 un colegio secundario en Alto Comedero mientras \u00e9l visitaba a Milagro Sala\u201d, concluy\u00f3.<\/p>\n","protected":false},"excerpt":{"rendered":"<p>Por Fabian Vargas Son integrantes de la Fundaci\u00f3n \u201cJujuy con Paz y Esperanza\u201d, que agrupa a exintegrantes de la Tupac Amaru que fueron v\u00edctimas de maltratos, golpes y hasta la p\u00e9rdida de seres queridos por \u00f3rdenes de la exdirigente social. El Gobernador Gerardo Morales dijo que Alberto Fern\u00e1ndez \u201cconvalid\u00f3\u201d toda esta matriz de violencia y [&hellip;]<\/p>\n","protected":false},"author":49,"featured_media":352067,"comment_status":"open","ping_status":"open","sticky":false,"template":"","format":"standard","meta":{"_stopmodifiedupdate":false,"_modified_date":"","inline_featured_image":false,"spay_email":"","jetpack_publicize_message":""},"categories":[2,514],"tags":[],"jetpack_featured_media_url":"https:\/\/notinor.com\/jujuy\/wp-content\/uploads\/2022\/09\/victimas-de-milagro-sala.jpg","jetpack_publicize_connections":[],"_links":{"self":[{"href":"https:\/\/notinor.com\/jujuy\/wp-json\/wp\/v2\/posts\/352058"}],"collection":[{"href":"https:\/\/notinor.com\/jujuy\/wp-json\/wp\/v2\/posts"}],"about":[{"href":"https:\/\/notinor.com\/jujuy\/wp-json\/wp\/v2\/types\/post"}],"author":[{"embeddable":true,"href":"https:\/\/notinor.com\/jujuy\/wp-json\/wp\/v2\/users\/49"}],"replies":[{"embeddable":true,"href":"https:\/\/notinor.com\/jujuy\/wp-json\/wp\/v2\/comments?post=352058"}],"version-history":[{"count":2,"href":"https:\/\/notinor.com\/jujuy\/wp-json\/wp\/v2\/posts\/352058\/revisions"}],"predecessor-version":[{"id":352094,"href":"https:\/\/notinor.com\/jujuy\/wp-json\/wp\/v2\/posts\/352058\/revisions\/352094"}],"wp:featuredmedia":[{"embeddable":true,"href":"https:\/\/notinor.com\/jujuy\/wp-json\/wp\/v2\/media\/352067"}],"wp:attachment":[{"href":"https:\/\/notinor.com\/jujuy\/wp-json\/wp\/v2\/media?parent=352058"}],"wp:term":[{"taxonomy":"category","embeddable":true,"href":"https:\/\/notinor.com\/jujuy\/wp-json\/wp\/v2\/categories?post=352058"},{"taxonomy":"post_tag","embeddable":true,"href":"https:\/\/notinor.com\/jujuy\/wp-json\/wp\/v2\/tags?post=352058"}],"curies":[{"name":"wp","href":"https:\/\/api.w.org\/{rel}","templated":true}]}}