{"id":352039,"date":"2022-09-01T16:08:26","date_gmt":"2022-09-01T19:08:26","guid":{"rendered":"https:\/\/notinor.com\/jujuy\/?p=352039"},"modified":"2022-09-01T16:15:42","modified_gmt":"2022-09-01T19:15:42","slug":"jujuy-continua-la-aplicacion-de-la-vacuna-antirrabica","status":"publish","type":"post","link":"https:\/\/notinor.com\/jujuy\/jujuy-continua-la-aplicacion-de-la-vacuna-antirrabica\/","title":{"rendered":"Jujuy: contin\u00faa la aplicaci\u00f3n de la vacuna antirr\u00e1bica"},"content":{"rendered":"\n<p class=\"has-medium-font-size\"><strong><em>A trav\u00e9s de un accionar intenso contin\u00faa la campa\u00f1a de vacunaci\u00f3n antirr\u00e1bica municipal en Alto Comedero, Campo Verde y La Merced con la aplicaci\u00f3n del suero inmunizante a las mascotas a cargo del personal de la Direcci\u00f3n de Zoonosis de la Secretar\u00eda Gral. de Gobierno.<\/em><\/strong><\/p>\n\n\n\n<div class=\"wp-block-image\"><figure class=\"aligncenter size-large is-resized\"><img decoding=\"async\" loading=\"lazy\" src=\"https:\/\/notinor.com\/jujuy\/wp-content\/uploads\/2022\/09\/Dise\u00f1o-sin-t\u00edtulo-26.png\" alt=\"\" class=\"wp-image-352040\" width=\"752\" height=\"376\" srcset=\"https:\/\/notinor.com\/jujuy\/wp-content\/uploads\/2022\/09\/Dise\u00f1o-sin-t\u00edtulo-26.png 600w, https:\/\/notinor.com\/jujuy\/wp-content\/uploads\/2022\/09\/Dise\u00f1o-sin-t\u00edtulo-26-360x180.png 360w\" sizes=\"(max-width: 752px) 100vw, 752px\" \/><\/figure><\/div>\n\n\n\n<p>Desde la direcci\u00f3n municipal, el puesto de vacunaci\u00f3n estuvo presente hoy jueves\u00a0<strong>1 de septiembre<\/strong>\u00a0en el Sector B3 de Alto Comedero de 9 a 12 horas, entre las intersecciones de Mina 9 de octubre y la Mendieta y Fraile Pintado y Caraunco. <strong>La misma Continua el\u00a0viernes 2, en la calle Palo Blanco y Yuto y El Chalican y el Talar. \u00a0\u00a0<\/strong><\/p>\n\n\n\n<p><strong>En tanto, el\u00a0s\u00e1bado 3\u00a0proseguir\u00e1 de 10 a 14 horas en B\u00b0 \u00c9xodo m\u00e1s precisamente en Avenida Fuerza A\u00e9rea \/ Bah\u00eda Agradable (Centro vecinal); luego otro puesto se ubicar\u00e1 en B\u00b0 Bajo \u00c9xodo en el SUM Frente cancha de futbol.<\/strong> El cronograma contin\u00faa en B\u00b0 Calsina, en Avenida Fuerza A\u00e9rea \/ Comodoro de la Colina (Centro vecinal). Otro puesto de vacunaci\u00f3n se emplaz\u00f3 en el barrio\u00a0<strong>Campo Verde\u00a0<\/strong>el jueves 1 de septiembre de 10 a 14 horas en los siguientes sectores: \u00a0<\/p>\n\n\n\n<p>-Prolongaci\u00f3n 63 \/asentamiento ISA<\/p>\n\n\n\n<p>-El Mirador Calle 72 \/Avenida Flor del Pago<\/p>\n\n\n\n<p>-Las Nueces calle 69 \/Yerba Buena<\/p>\n\n\n\n<p>Proseguir\u00e1 el viernes 2 en Avenida Flor de Pago \/ La Canela calle 68; Avenida Flor de Pago \/Mu\u00f1a Mu\u00f1a (Polic\u00eda)y Nido (Cancha de b\u00e1squet). De igual manera, la campa\u00f1a de vacunaci\u00f3n se ubicar\u00e1 en el B\u00b0 La Merced, entre Mosc\u00fa \/ Lagunilla del Farall\u00f3n (Polideportivo) de 14 a 18 horas. <strong>La vacunaci\u00f3n es totalmente gratuita y se solicita que los animales sean trasladados por una persona adulta para poder manejarlos.<\/strong><\/p>\n","protected":false},"excerpt":{"rendered":"<p>A trav\u00e9s de un accionar intenso contin\u00faa la campa\u00f1a de vacunaci\u00f3n antirr\u00e1bica municipal en Alto Comedero, Campo Verde y La Merced con la aplicaci\u00f3n del suero inmunizante a las mascotas a cargo del personal de la Direcci\u00f3n de Zoonosis de la Secretar\u00eda Gral. de Gobierno. Desde la direcci\u00f3n municipal, el puesto de vacunaci\u00f3n estuvo presente [&hellip;]<\/p>\n","protected":false},"author":40,"featured_media":352043,"comment_status":"open","ping_status":"open","sticky":false,"template":"","format":"standard","meta":{"_stopmodifiedupdate":false,"_modified_date":"","inline_featured_image":false,"spay_email":"","jetpack_publicize_message":""},"categories":[514],"tags":[19,34,1975],"jetpack_featured_media_url":"https:\/\/notinor.com\/jujuy\/wp-content\/uploads\/2022\/09\/Dise\u00f1o-sin-t\u00edtulo-2022-09-01T161526.029.jpg","jetpack_publicize_connections":[],"_links":{"self":[{"href":"https:\/\/notinor.com\/jujuy\/wp-json\/wp\/v2\/posts\/352039"}],"collection":[{"href":"https:\/\/notinor.com\/jujuy\/wp-json\/wp\/v2\/posts"}],"about":[{"href":"https:\/\/notinor.com\/jujuy\/wp-json\/wp\/v2\/types\/post"}],"author":[{"embeddable":true,"href":"https:\/\/notinor.com\/jujuy\/wp-json\/wp\/v2\/users\/40"}],"replies":[{"embeddable":true,"href":"https:\/\/notinor.com\/jujuy\/wp-json\/wp\/v2\/comments?post=352039"}],"version-history":[{"count":1,"href":"https:\/\/notinor.com\/jujuy\/wp-json\/wp\/v2\/posts\/352039\/revisions"}],"predecessor-version":[{"id":352042,"href":"https:\/\/notinor.com\/jujuy\/wp-json\/wp\/v2\/posts\/352039\/revisions\/352042"}],"wp:featuredmedia":[{"embeddable":true,"href":"https:\/\/notinor.com\/jujuy\/wp-json\/wp\/v2\/media\/352043"}],"wp:attachment":[{"href":"https:\/\/notinor.com\/jujuy\/wp-json\/wp\/v2\/media?parent=352039"}],"wp:term":[{"taxonomy":"category","embeddable":true,"href":"https:\/\/notinor.com\/jujuy\/wp-json\/wp\/v2\/categories?post=352039"},{"taxonomy":"post_tag","embeddable":true,"href":"https:\/\/notinor.com\/jujuy\/wp-json\/wp\/v2\/tags?post=352039"}],"curies":[{"name":"wp","href":"https:\/\/api.w.org\/{rel}","templated":true}]}}