{"id":352034,"date":"2022-09-01T15:45:36","date_gmt":"2022-09-01T18:45:36","guid":{"rendered":"https:\/\/notinor.com\/jujuy\/?p=352034"},"modified":"2022-09-01T15:51:53","modified_gmt":"2022-09-01T18:51:53","slug":"experiencia-domo-musica-en-vivo-y-dialogos-de-altura-en-la-8va-edicion-del-festival-internacional-de-cine-de-las-alturas","status":"publish","type":"post","link":"https:\/\/notinor.com\/jujuy\/experiencia-domo-musica-en-vivo-y-dialogos-de-altura-en-la-8va-edicion-del-festival-internacional-de-cine-de-las-alturas\/","title":{"rendered":"Experiencia Domo, M\u00fasica en Vivo y Di\u00e1logos de Altura en la 8va edici\u00f3n del Festival Internacional de Cine de las Alturas"},"content":{"rendered":"\n<p class=\"has-medium-font-size\"><strong><em>Una grilla de actividades especiales para disfrutar de la programaci\u00f3n de la nueva edici\u00f3n del Festival<\/em><\/strong>.<\/p>\n\n\n\n<div class=\"wp-block-image\"><figure class=\"aligncenter size-large is-resized\"><img decoding=\"async\" loading=\"lazy\" src=\"https:\/\/notinor.com\/jujuy\/wp-content\/uploads\/2022\/09\/Dise\u00f1o-sin-t\u00edtulo-2022-09-01T153930.885-1.jpg\" alt=\"\" class=\"wp-image-352036\" width=\"757\" height=\"379\" srcset=\"https:\/\/notinor.com\/jujuy\/wp-content\/uploads\/2022\/09\/Dise\u00f1o-sin-t\u00edtulo-2022-09-01T153930.885-1.jpg 600w, https:\/\/notinor.com\/jujuy\/wp-content\/uploads\/2022\/09\/Dise\u00f1o-sin-t\u00edtulo-2022-09-01T153930.885-1-360x180.jpg 360w\" sizes=\"(max-width: 757px) 100vw, 757px\" \/><\/figure><\/div>\n\n\n\n<p><strong>Se suman nuevas actividades para que el p\u00fablico en general pueda participar de lo que ser\u00e1 la 8va edici\u00f3n del Festival Internacional Cine de las Alturas, <\/strong>que tendr\u00e1 su inauguraci\u00f3n este viernes 2 de septiembre y continuar\u00e1 hasta el 11 de septiembre con proyecciones, charlas, m\u00fasica en vivo y entrevistas abiertas. <\/p>\n\n\n\n<p><strong>La Secci\u00f3n Paralela \u201cNuevas Tecnolog\u00edas\u201d que se incluy\u00f3 este a\u00f1o en la programaci\u00f3n del Festival, cuenta con la participaci\u00f3n de Sumo Inmersiva y la productora Mataca Films. El Domo de Sumo Inmersiva instalado en Plaza Espa\u00f1a cobra vida con su sistema de proyecci\u00f3n y sonido 360\u00b0 donde se podr\u00e1n disfrutar distintos contenidos audiovisuales.<\/strong> En ese mismo espacio, Mataca Films presenta \u201cEl desentierro, una experiencia ancestral\u201d, esta experiencia tecnol\u00f3gica-cultural, que recrea el carnaval andino, aplica en simult\u00e1neo varias tecnolog\u00edas como la realidad aumentada, el mapping, la inteligencia artificial, Unreal, holograf\u00eda, entre otras. <\/p>\n\n\n\n<div class=\"wp-block-image\"><figure class=\"aligncenter\"><img decoding=\"async\" src=\"https:\/\/www.laf5.com\/datos\/fotos\/3641_1_04072018170836.png\" alt=\"As\u00ed es un &quot;Fulldome&quot; el teatro de proyecci\u00f3n esf\u00e9rica 100% inmersivo\"\/><\/figure><\/div>\n\n\n\n<p><strong>El s\u00e1bado 3 ser\u00e1 la apertura de este espacio y contar\u00e1 con la presentaci\u00f3n en vivo de \u201cKullakas Warmi Sikuris\u201d <\/strong>.Ese mismo d\u00eda se realizar\u00e1 en el Cine Auditorium Espacio INCAA a las 19hs una mesa de accesibilidad audiovisual que contar\u00e1 con la presencia de Dami\u00e1n Laplace (Responsable de Cine Inclusi\u00f3n INCAA), Marcelo Gutierrez (Coordinador Provincial de accesibilidad), Asunci\u00f3n Rodr\u00edguez (Responsable Cinemovil Jujuy) y Yamila Guti\u00e9rrez (Directora Provincial de Inclusi\u00f3n para Personas con Discapacidad), para luego seguir con la Funci\u00f3n Inclusiva de la pel\u00edcula \u201cLas rojas\u201d de Mat\u00edas Luchessi aplicando el sistema de aro magn\u00e9tico que permite realizar funciones adaptadas para personas con hipoacusia. <\/p>\n\n\n\n<p><strong>A las 20hs en Casa Macedonio Graz continuar\u00e1n las actividades con los Di\u00e1logos de Altura, en una charla abierta al p\u00fablico en general con Diego Lerman director, productor y guionista<\/strong> donde har\u00e1n un repaso por su parte de su carrera junto al Director Art\u00edstico del Festival Daniel Desaloms. Finalizando la jornada con M\u00fasica en vivo de la Yugular Reggae a las 21hs en plaza espa\u00f1a. <\/p>\n\n\n\n<p><strong>Por otra parte, el domingo 4 a las 19.30 en la Sala Cine Auditorium se realizar\u00e1 el Homenaje a Julio Lencina precursor de la ense\u00f1anza del audiovisual desde la c\u00e1tedra de Televisi\u00f3n de la Facultad de Humanidades y Ciencias Sociales. <\/strong>Como parte del reconocimiento a su labor, se dar\u00e1 su nombre a la actual Sala Auditorium del Espacio INCAA Mercosur, que pasar\u00e1 a llamarse \u201cJulio Lencina\u201d. <\/p>\n\n\n\n<p><strong>Para finalizar la jornada del domingo, se desarrollar\u00e1 un nuevo Di\u00e1logos de Altura que contar\u00e1 con la presencia de la reconocida actriz Andrea Frigerio a las 20hs en el Casa Macedonio Graz.<\/strong> Por su parte, el d\u00eda martes a las 17.30 en Casa Macedonio Graz se llevar\u00e1 a cabo la presentaci\u00f3n del libro \u201c50 Mujeres del Cine Argentino\u201d de Julia Montesoro que presentar\u00e1 su libro en el Festival junto a la productora ejecutiva Diana Frey.<\/p>\n\n\n\n<iframe loading=\"lazy\" src=\"https:\/\/www.facebook.com\/plugins\/video.php?height=302&href=https%3A%2F%2Fwww.facebook.com%2Ffestivaldecinedelasalturas%2Fvideos%2F1229743421085223%2F&show_text=false&width=560&t=0\" width=\"560\" height=\"302\" style=\"border:none;overflow:hidden\" scrolling=\"no\" frameborder=\"0\" allowfullscreen=\"true\" allow=\"autoplay; clipboard-write; encrypted-media; picture-in-picture; web-share\" allowFullScreen=\"true\"><\/iframe>\n\n\n\n<p> <strong>En cuanto a las 18hs en el Cine Auditorium Espacio Incaa se realizar\u00e1 el Homenaje a Agust\u00edn Burgos, con una proyecci\u00f3n especial para honrar su memoria junto a sus familiares y amigos.<\/strong> En simult\u00e1neo a esta actividad en Casa Macedonio Graz se dictar\u00e1 una Charla con las principales productoras que filmaron en la provincia donde disertar\u00e1n Mart\u00edn Rago (Pampa Films), Rodrigo Cala (K&amp;S Films) y Cecilia Malbran (100 Bares). Moderado por Silvana Espinosa, Coordinadora de Jujuy Film Commission. A las 19hs se proyectar\u00e1 \u201cErdosain\u201d de Fernando Spiner y Ana Piterbarg seguido de una charla sobre \u201cUn nuevo abordaje a las geniales obras de Roberto Arlt\u201d actividad que se repetir\u00e1 el d\u00eda mi\u00e9rcoles 7 a las 21hs en Capec Tilcara.<\/p>\n\n\n\n<p> <strong>La jornada de ese d\u00eda finalizar\u00e1 con el Di\u00e1logo de Altura del actor Luciano C\u00e1ceres el encuentro que se llevar\u00e1 adelante en la Casa Macedonio Graz a las 20hs. <\/strong>En tanto el d\u00eda mi\u00e9rcoles 7, continuando con los Di\u00e1logos de Altura, la reconocida actriz Celeste Cid brindar\u00e1 una charla abierta en Casa Macedonio Graz a las 19 hs. El jueves 8 a las 19 hs en Plaza Espa\u00f1a, Roc\u00edo Manzur presenta Luces Fulldome, un espect\u00e1culo inmersivo donde expone su \u00e1lbum conceptual \u201cLuces\u201d, con proyecciones basadas en pel\u00edculas panor\u00e1micas en 360\u00b0 dentro de una estructura de domo.<\/p>\n\n\n\n<iframe loading=\"lazy\" src=\"https:\/\/www.facebook.com\/plugins\/post.php?href=https%3A%2F%2Fwww.facebook.com%2Ffestivaldecinedelasalturas%2Fposts%2Fpfbid029sAfrf12w3WpUTuNp6L1qUdq1szEdCiYWXyWsPTtcNHxKQ5bCZcjqc8aFyKx49Zul&show_text=true&width=500\" width=\"500\" height=\"735\" style=\"border:none;overflow:hidden\" scrolling=\"no\" frameborder=\"0\" allowfullscreen=\"true\" allow=\"autoplay; clipboard-write; encrypted-media; picture-in-picture; web-share\"><\/iframe>\n\n\n\n<p>A su vez a las 20 hs en el mismo lugar se proyectar\u00e1 \u201cIm\u00e1genes y Sonidos 360\u00b0 en una noche de im\u00e1genes y sonido 360\u00b0 en el domo para disfrutar de una experiencia inmersiva. Finalizando las jornadas de actividades se podr\u00e1 disfrutar del show musical de Norma de Am\u00e9rica una de las cantantes m\u00e1s populares de la provincia a las 22 hs. <strong>Todas estas actividades ser\u00e1n gratuitas para mayor informaci\u00f3n sobre la programaci\u00f3n del Festival se pueden dirigir a <a href=\"https:\/\/cinedelasalturas.ar\/\" target=\"_blank\" aria-label=\"undefined (abre en una nueva pesta\u00f1a)\" rel=\"noreferrer noopener\">cinedelasalturas.com.ar.<\/a><\/strong><\/p>\n","protected":false},"excerpt":{"rendered":"<p>Una grilla de actividades especiales para disfrutar de la programaci\u00f3n de la nueva edici\u00f3n del Festival. Se suman nuevas actividades para que el p\u00fablico en general pueda participar de lo que ser\u00e1 la 8va edici\u00f3n del Festival Internacional Cine de las Alturas, que tendr\u00e1 su inauguraci\u00f3n este viernes 2 de septiembre y continuar\u00e1 hasta el [&hellip;]<\/p>\n","protected":false},"author":40,"featured_media":352035,"comment_status":"open","ping_status":"open","sticky":false,"template":"","format":"standard","meta":{"_stopmodifiedupdate":false,"_modified_date":"","inline_featured_image":false,"spay_email":"","jetpack_publicize_message":""},"categories":[514,17,832],"tags":[157,1974,19],"jetpack_featured_media_url":"https:\/\/notinor.com\/jujuy\/wp-content\/uploads\/2022\/09\/Dise\u00f1o-sin-t\u00edtulo-2022-09-01T153930.885.jpg","jetpack_publicize_connections":[],"_links":{"self":[{"href":"https:\/\/notinor.com\/jujuy\/wp-json\/wp\/v2\/posts\/352034"}],"collection":[{"href":"https:\/\/notinor.com\/jujuy\/wp-json\/wp\/v2\/posts"}],"about":[{"href":"https:\/\/notinor.com\/jujuy\/wp-json\/wp\/v2\/types\/post"}],"author":[{"embeddable":true,"href":"https:\/\/notinor.com\/jujuy\/wp-json\/wp\/v2\/users\/40"}],"replies":[{"embeddable":true,"href":"https:\/\/notinor.com\/jujuy\/wp-json\/wp\/v2\/comments?post=352034"}],"version-history":[{"count":2,"href":"https:\/\/notinor.com\/jujuy\/wp-json\/wp\/v2\/posts\/352034\/revisions"}],"predecessor-version":[{"id":352038,"href":"https:\/\/notinor.com\/jujuy\/wp-json\/wp\/v2\/posts\/352034\/revisions\/352038"}],"wp:featuredmedia":[{"embeddable":true,"href":"https:\/\/notinor.com\/jujuy\/wp-json\/wp\/v2\/media\/352035"}],"wp:attachment":[{"href":"https:\/\/notinor.com\/jujuy\/wp-json\/wp\/v2\/media?parent=352034"}],"wp:term":[{"taxonomy":"category","embeddable":true,"href":"https:\/\/notinor.com\/jujuy\/wp-json\/wp\/v2\/categories?post=352034"},{"taxonomy":"post_tag","embeddable":true,"href":"https:\/\/notinor.com\/jujuy\/wp-json\/wp\/v2\/tags?post=352034"}],"curies":[{"name":"wp","href":"https:\/\/api.w.org\/{rel}","templated":true}]}}