{"id":352021,"date":"2022-09-01T11:59:00","date_gmt":"2022-09-01T14:59:00","guid":{"rendered":"https:\/\/notinor.com\/jujuy\/?p=352021"},"modified":"2022-09-01T11:59:05","modified_gmt":"2022-09-01T14:59:05","slug":"ricky-montaner-apoyo-a-lu-araya-y-fue-contra-los-detractores-de-la-cumbia-no-hay-que-prestarles-atencion","status":"publish","type":"post","link":"https:\/\/notinor.com\/jujuy\/ricky-montaner-apoyo-a-lu-araya-y-fue-contra-los-detractores-de-la-cumbia-no-hay-que-prestarles-atencion\/","title":{"rendered":"Ricky Montaner apoyo a Lu Araya y fue contra los detractores de la cumbia: \"No hay que prestarles atenci\u00f3n\""},"content":{"rendered":"\n<p>El jurado de La Voz Argentina acompa\u00f1\u00f3 a\u00a0la juje\u00f1a <strong>Luciana Araya<\/strong>, que hizo un brillante cover de\u00a0<strong>L\u00e1grimas y Flores<\/strong>.<\/p>\n\n\n\n<div class=\"wp-block-image\"><figure class=\"aligncenter size-large\"><img decoding=\"async\" loading=\"lazy\" width=\"634\" height=\"353\" src=\"https:\/\/notinor.com\/jujuy\/wp-content\/uploads\/2022\/09\/Sin-t\u00edtulo-4.png\" alt=\"\" class=\"wp-image-352022\" \/><\/figure><\/div>\n\n\n\n<p>Los participantes de\u00a0<strong>La Voz Argentina ya llegaron a los octavos de final<\/strong>\u00a0y este mi\u00e9rcoles los cantantes del\u00a0<strong>Team Soledad Pastorutti se enfrentaron para definir qui\u00e9nes pasar\u00e1n a la pr\u00f3xima ronda<\/strong>. <a href=\"https:\/\/notinor.com\/jujuy\/lu-araya-la-rompio-pero-no-logro-avanzar-a-la-siguiente-fase-de-la-voz-argentina\/?fbclid=IwAR1Bvt_0CFOgRLxyU1cIltrcoEAVcNdWO4MqINXDXBpDYyExndf6XhFFOLE\">Tras la presentaci\u00f3n de la juje\u00f1a Lu Araya<\/a>, Ricky Montaner dio la nota con una dura opini\u00f3n\u00a0sobre los detractores de la cumbia.<\/p>\n\n\n\n<p>Como suele hacer,\u00a0<strong>Marley anunci\u00f3 la participaci\u00f3n de Luciana Araya<\/strong>\u00a0(25),\u00a0la juje\u00f1a que se despach\u00f3 con una versi\u00f3n impecable de L\u00e1grimas y Flores, el tema que Soledad grab\u00f3 junto a Natalie P\u00e9rez en clave de cumbia en febrero de este a\u00f1o.<\/p>\n\n\n\n<h2><em><a href=\"https:\/\/notinor.com\/jujuy\/lu-araya-la-rompio-pero-no-logro-avanzar-a-la-siguiente-fase-de-la-voz-argentina\/?fbclid=IwAR1Bvt_0CFOgRLxyU1cIltrcoEAVcNdWO4MqINXDXBpDYyExndf6XhFFOLE\">Temas relacionados: Lu Araya la rompi\u00f3 pero no logr\u00f3 avanzar a la siguiente fase de La Voz Argentina<\/a><\/em><\/h2>\n\n\n\n<p>Al finalizar,  Luciana se mostr\u00f3 muy orgullosa de su performance y Soledad revel\u00f3 que su pupila ten\u00eda una gran duda sobre c\u00f3mo encararla. \u201c<strong>Ella tiene un registro vocal muy amplio. Con Juana Azurduy la rompi\u00f3 el otro d\u00eda<\/strong>\u00a0y ten\u00eda miedo de que por cantar un ritmo m\u00e1s movido quede m\u00e1s chato\u201d, dijo La Sole.<\/p>\n\n\n\n<p><strong>RICKY MONTANER, MUY MOLESTO CON LOS DETRACTORES DE LA CUMBIA<\/strong><\/p>\n\n\n\n<p>\u201cLa verdad es que lo que te acaban de decir mis compa\u00f1eros es lo que yo pienso. La cumbia es un g\u00e9nero maravilloso que conecta con la gente al instante.\u00a0<strong>Esta cumbia me parece que te qued\u00f3 s\u00faper bien y esto tambi\u00e9n sos vos, porque ten\u00e9s una onda cumbia<\/strong>\u201d.<\/p>\n\n\n\n<p>\u201cLa verdad fue un placer. M\u00e1s all\u00e1 de que este es un concurso de canto,&nbsp;<strong>me parece buen\u00edsimo porque la cumbia es un g\u00e9nero que a veces est\u00e1 subestimado<\/strong>, eso es cierto, pero es algo que invita a bailar, a estar alegre, a cambiar energ\u00eda\u201d, dijo Luciana.<\/p>\n\n\n\n<p>\u201cHay como un porcentaje de gente que a\u00fan no reconoce este estilo como algo que puede ser interpretado por un artista de buen nivel\u201d, agreg\u00f3. \u201c<strong>Bueno, pero son unos boludos. Pero a los boludos uno no les presta atenci\u00f3n y ya\u201d, remat\u00f3 Ricky Montaner<\/strong>, muy molesto con los detractores de ese g\u00e9nero.<\/p>\n\n\n\n<div class=\"wp-block-image\"><figure class=\"aligncenter size-large\"><img decoding=\"async\" loading=\"lazy\" width=\"626\" height=\"301\" src=\"https:\/\/notinor.com\/jujuy\/wp-content\/uploads\/2022\/09\/Sin-t\u00edtulo11111-1.png\" alt=\"\" class=\"wp-image-352024\" \/><\/figure><\/div>\n","protected":false},"excerpt":{"rendered":"<p>El jurado de La Voz Argentina acompa\u00f1\u00f3 a\u00a0la juje\u00f1a Luciana Araya, que hizo un brillante cover de\u00a0L\u00e1grimas y Flores. Los participantes de\u00a0La Voz Argentina ya llegaron a los octavos de final\u00a0y este mi\u00e9rcoles los cantantes del\u00a0Team Soledad Pastorutti se enfrentaron para definir qui\u00e9nes pasar\u00e1n a la pr\u00f3xima ronda. Tras la presentaci\u00f3n de la juje\u00f1a Lu [&hellip;]<\/p>\n","protected":false},"author":37,"featured_media":352022,"comment_status":"open","ping_status":"open","sticky":false,"template":"","format":"standard","meta":{"_stopmodifiedupdate":false,"_modified_date":"","inline_featured_image":false,"spay_email":"","jetpack_publicize_message":""},"categories":[2,21],"tags":[],"jetpack_featured_media_url":"https:\/\/notinor.com\/jujuy\/wp-content\/uploads\/2022\/09\/Sin-t\u00edtulo-4.png","jetpack_publicize_connections":[],"_links":{"self":[{"href":"https:\/\/notinor.com\/jujuy\/wp-json\/wp\/v2\/posts\/352021"}],"collection":[{"href":"https:\/\/notinor.com\/jujuy\/wp-json\/wp\/v2\/posts"}],"about":[{"href":"https:\/\/notinor.com\/jujuy\/wp-json\/wp\/v2\/types\/post"}],"author":[{"embeddable":true,"href":"https:\/\/notinor.com\/jujuy\/wp-json\/wp\/v2\/users\/37"}],"replies":[{"embeddable":true,"href":"https:\/\/notinor.com\/jujuy\/wp-json\/wp\/v2\/comments?post=352021"}],"version-history":[{"count":1,"href":"https:\/\/notinor.com\/jujuy\/wp-json\/wp\/v2\/posts\/352021\/revisions"}],"predecessor-version":[{"id":352025,"href":"https:\/\/notinor.com\/jujuy\/wp-json\/wp\/v2\/posts\/352021\/revisions\/352025"}],"wp:featuredmedia":[{"embeddable":true,"href":"https:\/\/notinor.com\/jujuy\/wp-json\/wp\/v2\/media\/352022"}],"wp:attachment":[{"href":"https:\/\/notinor.com\/jujuy\/wp-json\/wp\/v2\/media?parent=352021"}],"wp:term":[{"taxonomy":"category","embeddable":true,"href":"https:\/\/notinor.com\/jujuy\/wp-json\/wp\/v2\/categories?post=352021"},{"taxonomy":"post_tag","embeddable":true,"href":"https:\/\/notinor.com\/jujuy\/wp-json\/wp\/v2\/tags?post=352021"}],"curies":[{"name":"wp","href":"https:\/\/api.w.org\/{rel}","templated":true}]}}