{"id":352017,"date":"2022-09-01T11:30:44","date_gmt":"2022-09-01T14:30:44","guid":{"rendered":"https:\/\/notinor.com\/jujuy\/?p=352017"},"modified":"2022-09-01T11:30:50","modified_gmt":"2022-09-01T14:30:50","slug":"axel-abet-agradezco-el-apoyo-incondicional-de-la-gente-nos-falto-profundidad-en-el-partido","status":"publish","type":"post","link":"https:\/\/notinor.com\/jujuy\/axel-abet-agradezco-el-apoyo-incondicional-de-la-gente-nos-falto-profundidad-en-el-partido\/","title":{"rendered":"Axel Abet: \u201cAgradezco el apoyo incondicional de la gente, nos falt\u00f3 profundidad en el partido\u201d"},"content":{"rendered":"\n<p><em>El volante de Gimnasia de Jujuy se refiri\u00f3 a la dura derrota contra Banfield por los octavos de final de la Copa Argentina.<\/em><\/p>\n\n\n\n<div class=\"wp-block-image\"><figure class=\"aligncenter size-large\"><img decoding=\"async\" loading=\"lazy\" width=\"719\" height=\"411\" src=\"https:\/\/notinor.com\/jujuy\/wp-content\/uploads\/2022\/09\/7456ec53-0f89-48ba-8183-c47cf13c0446-1.jpg\" alt=\"\" class=\"wp-image-352019\" srcset=\"https:\/\/notinor.com\/jujuy\/wp-content\/uploads\/2022\/09\/7456ec53-0f89-48ba-8183-c47cf13c0446-1.jpg 719w, https:\/\/notinor.com\/jujuy\/wp-content\/uploads\/2022\/09\/7456ec53-0f89-48ba-8183-c47cf13c0446-1-639x365.jpg 639w\" sizes=\"(max-width: 719px) 100vw, 719px\" \/><\/figure><\/div>\n\n\n\n<p><em>Por Lucas Caballero<\/em><\/p>\n\n\n\n<p><a href=\"https:\/\/notinor.com\/jujuy\/fin-del-sueno-copero-para-el-lobo-cayo-dos-a-cero-ante-banfield\/\">Gimnasia y Esgrima de Jujuy disput\u00f3 un partido hist\u00f3rico contra el Club Atl\u00e9tico Banfield<\/a>. El <em>lobo<\/em> disput\u00f3 por primera vez en su historia los octavos de final de la Copa Argentina y, pese a la derrota 2 a 0, una multitud de fan\u00e1ticos aplaudi\u00f3 al plantel y agradeci\u00f3 la voluntad entregada.<\/p>\n\n\n\n<p>Sobre esto, el volante <strong>Axel Abet<\/strong> se refiri\u00f3 al encuentro disputado este martes en C\u00f3rdoba y ratific\u00f3: \u201cEl partido empez\u00f3 muy parejo y estaba para cualquiera de los dos. Despu\u00e9s del primero gol de ellos, que vino de una falta que el \u00e1rbitro no nos cobr\u00f3, se abri\u00f3 y se nos complic\u00f3. <strong>Tuvimos chances para empatarlo pero despu\u00e9s del segundo gol se nos hizo cuesta arriba\u201d.<\/strong><\/p>\n\n\n\n<p>Asimismo, el jugador mencion\u00f3 que el equipo jug\u00f3 un buen partido aunque \u201cfalt\u00f3 la profundidad que tuvimos en otros partidos\u201d. \u201cTuvimos chances para empatar, no es excusa\u201d.<\/p>\n\n\n\n<p>En cuanto al apoyo del p\u00fablico juje\u00f1o, que viaj\u00f3 m\u00e1s de 900 kil\u00f3metros para copar el estadio \u201cJuan Domingo Per\u00f3n, Abet dej\u00f3 palabras de agradecimiento: <strong>\u201cLe agradezco a la gente por el apoyo incondicional que nos dan. Este domingo vamos a tener revancha. <\/strong>Hay que pensar en Sacachispas, queremos dejar los puntos en casa y luego se ver\u00e1 como sigue\u201d.<\/p>\n\n\n\n<h2><em><a href=\"https:\/\/notinor.com\/jujuy\/fin-del-sueno-copero-para-el-lobo-cayo-dos-a-cero-ante-banfield\/\">Temas relacionados: Fin del sue\u00f1o copero para el \u00abLobo\u00bb: cay\u00f3 dos a cero ante Banfield<\/a><\/em><\/h2>\n\n\n\n<p><strong>\u201cNO PODEMOS DESPERDICIAR M\u00c1S OPORTUNIDADES\u201d<\/strong><\/p>\n\n\n\n<p>Por su parte, el arquero del conjunto <em>albiceleste,<\/em> <strong>Julio Chiarini, <\/strong>dialog\u00f3 con <strong>Notinor<\/strong> y reflexion\u00f3 luego de la derrota sufrida: <strong>\u201cHicimos un gran partido, tuvimos jugadas claras que no pudimos convertir, nos pas\u00f3 en otras fechas y da bronca porque en l\u00edneas generales hicimos buenos partidos\u201d.<\/strong><\/p>\n\n\n\n<p>\u201cNo creo que el estado de la cancha haya influido, si bien no estaba en buenas condiciones eso no es excusa. Nosotros estamos acostumbrados a jugar en canchas peores. <strong>Los errores los cometimos nosotros\u201d<\/strong>, ratific\u00f3 el golero.<\/p>\n\n\n\n<p>Por \u00faltimo, Chiarini mencion\u00f3 que todav\u00eda mantienen las ilusiones de alcanzar un lugar en el reducido por el segundo ascenso a la primera divisi\u00f3n, aunque para eso deber\u00e1n intentar obtener la mayor cantidad de triunfos en las \u00faltimas seis fechas<strong>. \u201cNos quedan varios partidos en los que tenemos que intentar ganar. No podemos desperdiciar m\u00e1s oportunidades porque queremos entrar al reducido\u201d<\/strong>, concluy\u00f3.<\/p>\n\n\n\n<p>Gimnasia recibir\u00e1 el pr\u00f3ximo domingo a Sacachispas en el estadio \u201c23 de Agosto\u201d, en busca de volver a la senda del triunfo luego de esta mala racha que arrastra cuatro derrotas al hilo. El <em>lobo<\/em> buscar\u00e1 reivindicarse en el torneo nacional para lograr meterse entre los doce equipos que se disputar\u00e1n el segundo ascenso a primera.<\/p>\n","protected":false},"excerpt":{"rendered":"<p>El volante de Gimnasia de Jujuy se refiri\u00f3 a la dura derrota contra Banfield por los octavos de final de la Copa Argentina. Por Lucas Caballero Gimnasia y Esgrima de Jujuy disput\u00f3 un partido hist\u00f3rico contra el Club Atl\u00e9tico Banfield. El lobo disput\u00f3 por primera vez en su historia los octavos de final de la [&hellip;]<\/p>\n","protected":false},"author":37,"featured_media":352019,"comment_status":"open","ping_status":"open","sticky":false,"template":"","format":"standard","meta":{"_stopmodifiedupdate":false,"_modified_date":"","inline_featured_image":false,"spay_email":"","jetpack_publicize_message":""},"categories":[7],"tags":[],"jetpack_featured_media_url":"https:\/\/notinor.com\/jujuy\/wp-content\/uploads\/2022\/09\/7456ec53-0f89-48ba-8183-c47cf13c0446-1.jpg","jetpack_publicize_connections":[],"_links":{"self":[{"href":"https:\/\/notinor.com\/jujuy\/wp-json\/wp\/v2\/posts\/352017"}],"collection":[{"href":"https:\/\/notinor.com\/jujuy\/wp-json\/wp\/v2\/posts"}],"about":[{"href":"https:\/\/notinor.com\/jujuy\/wp-json\/wp\/v2\/types\/post"}],"author":[{"embeddable":true,"href":"https:\/\/notinor.com\/jujuy\/wp-json\/wp\/v2\/users\/37"}],"replies":[{"embeddable":true,"href":"https:\/\/notinor.com\/jujuy\/wp-json\/wp\/v2\/comments?post=352017"}],"version-history":[{"count":1,"href":"https:\/\/notinor.com\/jujuy\/wp-json\/wp\/v2\/posts\/352017\/revisions"}],"predecessor-version":[{"id":352020,"href":"https:\/\/notinor.com\/jujuy\/wp-json\/wp\/v2\/posts\/352017\/revisions\/352020"}],"wp:featuredmedia":[{"embeddable":true,"href":"https:\/\/notinor.com\/jujuy\/wp-json\/wp\/v2\/media\/352019"}],"wp:attachment":[{"href":"https:\/\/notinor.com\/jujuy\/wp-json\/wp\/v2\/media?parent=352017"}],"wp:term":[{"taxonomy":"category","embeddable":true,"href":"https:\/\/notinor.com\/jujuy\/wp-json\/wp\/v2\/categories?post=352017"},{"taxonomy":"post_tag","embeddable":true,"href":"https:\/\/notinor.com\/jujuy\/wp-json\/wp\/v2\/tags?post=352017"}],"curies":[{"name":"wp","href":"https:\/\/api.w.org\/{rel}","templated":true}]}}