{"id":352014,"date":"2022-09-01T11:23:34","date_gmt":"2022-09-01T14:23:34","guid":{"rendered":"https:\/\/notinor.com\/jujuy\/?p=352014"},"modified":"2022-09-01T11:23:40","modified_gmt":"2022-09-01T14:23:40","slug":"controlaran-los-precios-de-previaje-3-para-evitar-abusos","status":"publish","type":"post","link":"https:\/\/notinor.com\/jujuy\/controlaran-los-precios-de-previaje-3-para-evitar-abusos\/","title":{"rendered":"Controlar\u00e1n los precios de PreViaje 3 para evitar abusos"},"content":{"rendered":"\n<p><em>As\u00ed lo asegur\u00f3 el secretario de Comercio, Mat\u00edas Tombolini.<\/em><\/p>\n\n\n\n<div class=\"wp-block-image\"><figure class=\"aligncenter size-large\"><img decoding=\"async\" loading=\"lazy\" width=\"840\" height=\"473\" src=\"https:\/\/notinor.com\/jujuy\/wp-content\/uploads\/2022\/09\/XDBFK3MK3VBQ3JTSXP6XKOGLMU-840x473.jpg\" alt=\"\" class=\"wp-image-352015\" srcset=\"https:\/\/notinor.com\/jujuy\/wp-content\/uploads\/2022\/09\/XDBFK3MK3VBQ3JTSXP6XKOGLMU-840x473.jpg 840w, https:\/\/notinor.com\/jujuy\/wp-content\/uploads\/2022\/09\/XDBFK3MK3VBQ3JTSXP6XKOGLMU-649x365.jpg 649w, https:\/\/notinor.com\/jujuy\/wp-content\/uploads\/2022\/09\/XDBFK3MK3VBQ3JTSXP6XKOGLMU-768x432.jpg 768w, https:\/\/notinor.com\/jujuy\/wp-content\/uploads\/2022\/09\/XDBFK3MK3VBQ3JTSXP6XKOGLMU-1536x864.jpg 1536w, https:\/\/notinor.com\/jujuy\/wp-content\/uploads\/2022\/09\/XDBFK3MK3VBQ3JTSXP6XKOGLMU-750x422.jpg 750w, https:\/\/notinor.com\/jujuy\/wp-content\/uploads\/2022\/09\/XDBFK3MK3VBQ3JTSXP6XKOGLMU-1140x641.jpg 1140w, https:\/\/notinor.com\/jujuy\/wp-content\/uploads\/2022\/09\/XDBFK3MK3VBQ3JTSXP6XKOGLMU.jpg 1920w\" sizes=\"(max-width: 840px) 100vw, 840px\" \/><\/figure><\/div>\n\n\n\n<p>El secretario de Comercio,\u00a0<strong>Mat\u00edas Tombolini<\/strong>, dijo hoy que en la nueva etapa del programa PreViaje 3, que se espera comience a operar concretamente en los pr\u00f3ximos d\u00edas, habr\u00e1\u00a0<strong>control de los precios ofrecidos en hoteles<\/strong>, con el objetivo de<strong>\u00a0\"evitar abusos\"<\/strong>.<\/p>\n\n\n\n<p>El secretario de Comercio,\u00a0<strong>Mat\u00edas Tombolini<\/strong>, dijo hoy que en la nueva etapa del programa PreViaje 3, que se espera comience a operar concretamente en los pr\u00f3ximos d\u00edas, habr\u00e1\u00a0<strong>control de los precios ofrecidos en hoteles<\/strong>, con el objetivo de<strong>\u00a0\"evitar abusos\"<\/strong>.<\/p>\n\n\n\n<p>\"Este PreViaje 3 lo que est\u00e1 buscando b\u00e1sicamente es esta&nbsp;<strong>pol\u00edtica de contra temporada<\/strong>&nbsp;en octubre, noviembre, con una inversi\u00f3n del Estado Nacional que esta vez lo que pide es reciprocidad en materia de precios\", se\u00f1al\u00f3 Tombolini esta ma\u00f1ana del mi\u00e9rcoles 31 de agosto en declaraciones a T\u00e9lam Radio.<\/p>\n\n\n\n<p>El funcionario remarc\u00f3 que la Secretar\u00eda observar\u00e1 que \"la industria tenga precios que sean conocidos para poder evitar abusos; la idea es ordenar los precios y de este modo controlar para evitar abusos\".<\/p>\n\n\n\n<h2><em><a href=\"https:\/\/notinor.com\/jujuy\/lu-araya-la-rompio-pero-no-logro-avanzar-a-la-siguiente-fase-de-la-voz-argentina\/?fbclid=IwAR1Bvt_0CFOgRLxyU1cIltrcoEAVcNdWO4MqINXDXBpDYyExndf6XhFFOLE\">Leer tambi\u00e9n: Lu Araya la rompi\u00f3 pero no logr\u00f3 avanzar a la siguiente fase de La Voz Argentina<\/a><\/em><\/h2>\n\n\n\n<h2>Compromiso del sector tur\u00edstico<\/h2>\n\n\n\n<p>En ese sentido, consider\u00f3 que las empresas del sector tur\u00edstico se comprometen con las condiciones del programa \"porque han sido part\u00edcipes necesarios de un caso de&nbsp;<strong>\u00e9xito en materia de pol\u00edtica p\u00fablica<\/strong>&nbsp;como ha sido PreViaje\".<\/p>\n\n\n\n<h2>Tarifas en la mira<\/h2>\n\n\n\n<p>El\u00a0<strong>control de los precios<\/strong>\u00a0\"es el objetivo que nos encarg\u00f3 tanto el ministro de Turismo y Deportes (Mat\u00edas) Lammens como el ministro (Sergio) Massa (Econom\u00eda)\", agreg\u00f3.<\/p>\n\n\n\n<h2>Precios m\u00e1ximos<\/h2>\n\n\n\n<p>La Secretar\u00eda firm\u00f3 esta semana un acuerdo con las entidades representantes del sector hotelero para&nbsp;<strong>fijar tarifas m\u00e1ximas<\/strong>&nbsp;en los alojamientos que participen del programa, y se estableci\u00f3 que los alojamientos que incumplan quedar\u00e1n excluidos tanto de la tercera como de futuras ediciones del programa.<\/p>\n\n\n\n<p>Seg\u00fan el comunicado oficial, el precio m\u00e1ximo de cada hotel depender\u00e1 de la\u00a0<strong>categor\u00eda y la ubicaci\u00f3n<\/strong>, aunque se toman como referencia \u201clas \u00faltimas tarifas disponibles de temporada baja en los principales destinos de cada provincia, es decir, la correspondiente a junio y julio de 2022\".\u00a0<br>San Javier y Yacanto, C\u00f3rdoba. Foto Turismo C\u00f3rdoba<\/p>\n\n\n\n<h2>Temporada baja<\/h2>\n\n\n\n<p>En esta ocasi\u00f3n, el programa ser\u00e1 para estimular los viajes por todo el pa\u00eds durante la denominada \"temporada baja\".<\/p>\n\n\n\n<h2>Topes de reintegro<\/h2>\n\n\n\n<p>Una diferencia importante respecto a ediciones anteriores es el monto del reintegro: en las versiones previas, el tope de reintegro era de $ 100.000 por persona; en esta nueva edici\u00f3n ser\u00e1 de&nbsp;<strong>$ 70.000.<\/strong><\/p>\n\n\n\n<p><em>Con informaci\u00f3n de T\u00e9lam<\/em><\/p>\n","protected":false},"excerpt":{"rendered":"<p>As\u00ed lo asegur\u00f3 el secretario de Comercio, Mat\u00edas Tombolini. El secretario de Comercio,\u00a0Mat\u00edas Tombolini, dijo hoy que en la nueva etapa del programa PreViaje 3, que se espera comience a operar concretamente en los pr\u00f3ximos d\u00edas, habr\u00e1\u00a0control de los precios ofrecidos en hoteles, con el objetivo de\u00a0\"evitar abusos\". El secretario de Comercio,\u00a0Mat\u00edas Tombolini, dijo hoy [&hellip;]<\/p>\n","protected":false},"author":37,"featured_media":352015,"comment_status":"open","ping_status":"open","sticky":false,"template":"","format":"standard","meta":{"_stopmodifiedupdate":false,"_modified_date":"","inline_featured_image":false,"spay_email":"","jetpack_publicize_message":""},"categories":[832],"tags":[],"jetpack_featured_media_url":"https:\/\/notinor.com\/jujuy\/wp-content\/uploads\/2022\/09\/XDBFK3MK3VBQ3JTSXP6XKOGLMU.jpg","jetpack_publicize_connections":[],"_links":{"self":[{"href":"https:\/\/notinor.com\/jujuy\/wp-json\/wp\/v2\/posts\/352014"}],"collection":[{"href":"https:\/\/notinor.com\/jujuy\/wp-json\/wp\/v2\/posts"}],"about":[{"href":"https:\/\/notinor.com\/jujuy\/wp-json\/wp\/v2\/types\/post"}],"author":[{"embeddable":true,"href":"https:\/\/notinor.com\/jujuy\/wp-json\/wp\/v2\/users\/37"}],"replies":[{"embeddable":true,"href":"https:\/\/notinor.com\/jujuy\/wp-json\/wp\/v2\/comments?post=352014"}],"version-history":[{"count":1,"href":"https:\/\/notinor.com\/jujuy\/wp-json\/wp\/v2\/posts\/352014\/revisions"}],"predecessor-version":[{"id":352016,"href":"https:\/\/notinor.com\/jujuy\/wp-json\/wp\/v2\/posts\/352014\/revisions\/352016"}],"wp:featuredmedia":[{"embeddable":true,"href":"https:\/\/notinor.com\/jujuy\/wp-json\/wp\/v2\/media\/352015"}],"wp:attachment":[{"href":"https:\/\/notinor.com\/jujuy\/wp-json\/wp\/v2\/media?parent=352014"}],"wp:term":[{"taxonomy":"category","embeddable":true,"href":"https:\/\/notinor.com\/jujuy\/wp-json\/wp\/v2\/categories?post=352014"},{"taxonomy":"post_tag","embeddable":true,"href":"https:\/\/notinor.com\/jujuy\/wp-json\/wp\/v2\/tags?post=352014"}],"curies":[{"name":"wp","href":"https:\/\/api.w.org\/{rel}","templated":true}]}}