{"id":351985,"date":"2022-09-01T09:36:52","date_gmt":"2022-09-01T12:36:52","guid":{"rendered":"https:\/\/notinor.com\/jujuy\/?p=351985"},"modified":"2022-09-01T09:36:58","modified_gmt":"2022-09-01T12:36:58","slug":"desde-hoy-rige-el-nuevo-aumento-de-tarifa-en-taxis-compartidos","status":"publish","type":"post","link":"https:\/\/notinor.com\/jujuy\/desde-hoy-rige-el-nuevo-aumento-de-tarifa-en-taxis-compartidos\/","title":{"rendered":"Desde hoy rige el nuevo aumento de tarifa en taxis compartidos"},"content":{"rendered":"\n<p><em>Seg\u00fan lo anunciaron desde el municipio capitalino, el boleto de uno de los transportes m\u00e1s solicitados por los ciudadanos, sufre un nuevo incremento.<\/em><\/p>\n\n\n\n<div class=\"wp-block-image\"><figure class=\"aligncenter size-large\"><img decoding=\"async\" loading=\"lazy\" width=\"600\" height=\"365\" src=\"https:\/\/notinor.com\/jujuy\/wp-content\/uploads\/2022\/09\/Sin-t\u00edtulo.png\" alt=\"\" class=\"wp-image-351989\" \/><\/figure><\/div>\n\n\n\n<p>La direcci\u00f3n de Tr\u00e1nsito y Transporte, dependiente de la secretar\u00eda de Servicios P\u00fablicos, inform\u00f3 que el Transporte Alternativo de Pasajeros en la modalidad de <strong>Taxis Compartidos sufrir\u00e1n desde hoy jueves cambios en el cuadro tarifario.<\/strong><\/p>\n\n\n\n<h3><em><a href=\"https:\/\/notinor.com\/jujuy\/lu-araya-la-rompio-pero-no-logro-avanzar-a-la-siguiente-fase-de-la-voz-argentina\/\">Te puede interesar: Lu Araya la rompi\u00f3 pero no logr\u00f3 avanzar a la siguiente fase de La Voz Argentina<\/a><\/em><\/h3>\n\n\n\n<p>De esta manera, la nueva tarifa rige con los siguientes valores:<\/p>\n\n\n\n<h2>Tarifa diurna: $ 90,00<\/h2>\n\n\n\n<h2>Tarifa nocturna: $ 100,00<\/h2>\n\n\n\n<h2>Feriados nacionales y provinciales: $ 100,00<\/h2>\n\n\n\n<p>Los aumentos fueron establecidos por\u00a0la <strong>Ordenanza 7574\/2021<\/strong>, aprobada por el Concejo Deliberante de San Salvador de Jujuy. <\/p>\n\n\n\n<p>Los recorridos continuar\u00e1n de manera habitual y llegar\u00e1n hasta los barrios\u00a0<strong>Mariano Moreno, Chijra, Coronel Arias y San Pedrito.<\/strong><\/p>\n","protected":false},"excerpt":{"rendered":"<p>Seg\u00fan lo anunciaron desde el municipio capitalino, el boleto de uno de los transportes m\u00e1s solicitados por los ciudadanos, sufre un nuevo incremento. La direcci\u00f3n de Tr\u00e1nsito y Transporte, dependiente de la secretar\u00eda de Servicios P\u00fablicos, inform\u00f3 que el Transporte Alternativo de Pasajeros en la modalidad de Taxis Compartidos sufrir\u00e1n desde hoy jueves cambios en [&hellip;]<\/p>\n","protected":false},"author":37,"featured_media":351989,"comment_status":"open","ping_status":"open","sticky":false,"template":"","format":"standard","meta":{"_stopmodifiedupdate":false,"_modified_date":"","inline_featured_image":false,"spay_email":"","jetpack_publicize_message":""},"categories":[2],"tags":[],"jetpack_featured_media_url":"https:\/\/notinor.com\/jujuy\/wp-content\/uploads\/2022\/09\/Sin-t\u00edtulo.png","jetpack_publicize_connections":[],"_links":{"self":[{"href":"https:\/\/notinor.com\/jujuy\/wp-json\/wp\/v2\/posts\/351985"}],"collection":[{"href":"https:\/\/notinor.com\/jujuy\/wp-json\/wp\/v2\/posts"}],"about":[{"href":"https:\/\/notinor.com\/jujuy\/wp-json\/wp\/v2\/types\/post"}],"author":[{"embeddable":true,"href":"https:\/\/notinor.com\/jujuy\/wp-json\/wp\/v2\/users\/37"}],"replies":[{"embeddable":true,"href":"https:\/\/notinor.com\/jujuy\/wp-json\/wp\/v2\/comments?post=351985"}],"version-history":[{"count":1,"href":"https:\/\/notinor.com\/jujuy\/wp-json\/wp\/v2\/posts\/351985\/revisions"}],"predecessor-version":[{"id":351993,"href":"https:\/\/notinor.com\/jujuy\/wp-json\/wp\/v2\/posts\/351985\/revisions\/351993"}],"wp:featuredmedia":[{"embeddable":true,"href":"https:\/\/notinor.com\/jujuy\/wp-json\/wp\/v2\/media\/351989"}],"wp:attachment":[{"href":"https:\/\/notinor.com\/jujuy\/wp-json\/wp\/v2\/media?parent=351985"}],"wp:term":[{"taxonomy":"category","embeddable":true,"href":"https:\/\/notinor.com\/jujuy\/wp-json\/wp\/v2\/categories?post=351985"},{"taxonomy":"post_tag","embeddable":true,"href":"https:\/\/notinor.com\/jujuy\/wp-json\/wp\/v2\/tags?post=351985"}],"curies":[{"name":"wp","href":"https:\/\/api.w.org\/{rel}","templated":true}]}}