{"id":351981,"date":"2022-08-31T21:21:00","date_gmt":"2022-09-01T00:21:00","guid":{"rendered":"https:\/\/notinor.com\/jujuy\/?p=351981"},"modified":"2022-08-31T09:21:00","modified_gmt":"2022-08-31T09:21:00","slug":"mantenimiento-de-luminaria-en-avenida-gral-savio","status":"publish","type":"post","link":"https:\/\/notinor.com\/jujuy\/mantenimiento-de-luminaria-en-avenida-gral-savio\/","title":{"rendered":"Mantenimiento de luminaria en avenida Gral. Savio"},"content":{"rendered":"\n<p class=\"has-medium-font-size\"><em><strong>Por tal motivo se restringir\u00e1 a media calzada el transito de la mencionada arteria en el tramo comprendido desde Alem hasta la estaci\u00f3n de servicios \u201cSigma\u201d, en el sentido de salida de la ciudad, el pr\u00f3ximo viernes 2 de septiembre desde las 8.30 hs,&nbsp;<\/strong><\/em><strong><em>hasta finalizar las tareas.<\/em><\/strong><\/p>\n\n\n\n<div class=\"wp-block-image\"><figure class=\"aligncenter size-large is-resized\"><img decoding=\"async\" loading=\"lazy\" src=\"https:\/\/notinor.com\/jujuy\/wp-content\/uploads\/2022\/09\/savio-721x480.jpg\" alt=\"\" class=\"wp-image-351982\" width=\"601\" height=\"400\" srcset=\"https:\/\/notinor.com\/jujuy\/wp-content\/uploads\/2022\/09\/savio-721x480.jpg 721w, https:\/\/notinor.com\/jujuy\/wp-content\/uploads\/2022\/09\/savio-548x365.jpg 548w, https:\/\/notinor.com\/jujuy\/wp-content\/uploads\/2022\/09\/savio-768x512.jpg 768w, https:\/\/notinor.com\/jujuy\/wp-content\/uploads\/2022\/09\/savio-750x500.jpg 750w, https:\/\/notinor.com\/jujuy\/wp-content\/uploads\/2022\/09\/savio.jpg 1024w\" sizes=\"(max-width: 601px) 100vw, 601px\" \/><\/figure><\/div>\n\n\n\n<p>La Direcci\u00f3n de Tr\u00e1nsito y Transporte de la Secretar\u00eda de Servicios P\u00fablicos de la Municipalidad, hizo saber a<strong><\/strong>la poblaci\u00f3n, que en raz\u00f3n de realizarse tareas de mantenimiento de luminaria, sobre la avenida General Savio, entre<strong>Alem y la estaci\u00f3n de servicios \u201cSigma\u201d,<\/strong>&nbsp;<strong>el viernes 2 desde las 8.30 hs y hasta finalizar la tarea<\/strong>, se ha dispuesto la restricci\u00f3n del tr\u00e1nsito vehicular a media, calzada sobre la mencionada arteria en&nbsp;<strong>el sentido de circulaci\u00f3n de egreso de la ciudad<\/strong>.<\/p>\n\n\n\n<p>Por tal motivo se solicita a los conductorecircular con m\u00e1xima precauci\u00f3n y prestar especial atenci\u00f3n a la carteler\u00eda y personal apostado a tal fin.<\/p>\n","protected":false},"excerpt":{"rendered":"<p>Por tal motivo se restringir\u00e1 a media calzada el transito de la mencionada arteria en el tramo comprendido desde Alem hasta la estaci\u00f3n de servicios \u201cSigma\u201d, en el sentido de salida de la ciudad, el pr\u00f3ximo viernes 2 de septiembre desde las 8.30 hs,&nbsp;hasta finalizar las tareas. La Direcci\u00f3n de Tr\u00e1nsito y Transporte de la [&hellip;]<\/p>\n","protected":false},"author":5,"featured_media":351982,"comment_status":"open","ping_status":"open","sticky":false,"template":"","format":"standard","meta":{"_stopmodifiedupdate":false,"_modified_date":"","inline_featured_image":false,"spay_email":"","jetpack_publicize_message":""},"categories":[514],"tags":[],"jetpack_featured_media_url":"https:\/\/notinor.com\/jujuy\/wp-content\/uploads\/2022\/09\/savio.jpg","jetpack_publicize_connections":[],"_links":{"self":[{"href":"https:\/\/notinor.com\/jujuy\/wp-json\/wp\/v2\/posts\/351981"}],"collection":[{"href":"https:\/\/notinor.com\/jujuy\/wp-json\/wp\/v2\/posts"}],"about":[{"href":"https:\/\/notinor.com\/jujuy\/wp-json\/wp\/v2\/types\/post"}],"author":[{"embeddable":true,"href":"https:\/\/notinor.com\/jujuy\/wp-json\/wp\/v2\/users\/5"}],"replies":[{"embeddable":true,"href":"https:\/\/notinor.com\/jujuy\/wp-json\/wp\/v2\/comments?post=351981"}],"version-history":[{"count":1,"href":"https:\/\/notinor.com\/jujuy\/wp-json\/wp\/v2\/posts\/351981\/revisions"}],"predecessor-version":[{"id":351984,"href":"https:\/\/notinor.com\/jujuy\/wp-json\/wp\/v2\/posts\/351981\/revisions\/351984"}],"wp:featuredmedia":[{"embeddable":true,"href":"https:\/\/notinor.com\/jujuy\/wp-json\/wp\/v2\/media\/351982"}],"wp:attachment":[{"href":"https:\/\/notinor.com\/jujuy\/wp-json\/wp\/v2\/media?parent=351981"}],"wp:term":[{"taxonomy":"category","embeddable":true,"href":"https:\/\/notinor.com\/jujuy\/wp-json\/wp\/v2\/categories?post=351981"},{"taxonomy":"post_tag","embeddable":true,"href":"https:\/\/notinor.com\/jujuy\/wp-json\/wp\/v2\/tags?post=351981"}],"curies":[{"name":"wp","href":"https:\/\/api.w.org\/{rel}","templated":true}]}}