{"id":351977,"date":"2022-08-31T21:15:00","date_gmt":"2022-09-01T00:15:00","guid":{"rendered":"https:\/\/notinor.com\/jujuy\/?p=351977"},"modified":"2022-08-31T09:15:00","modified_gmt":"2022-08-31T09:15:00","slug":"fiesta-nacional-de-los-estudiantes-convocan-a-trabajadores-de-la-economia-popular","status":"publish","type":"post","link":"https:\/\/notinor.com\/jujuy\/fiesta-nacional-de-los-estudiantes-convocan-a-trabajadores-de-la-economia-popular\/","title":{"rendered":"Fiesta Nacional de los Estudiantes: convocan a trabajadores de la econom\u00eda popular"},"content":{"rendered":"\n<p class=\"has-medium-font-size\"><strong><em>Desde del lunes 5 y hasta el viernes 9 de septiembre, la Direcci\u00f3n de Espacios P\u00fablicos y Nocturnidad de la Secretar\u00eda de Gobierno de la Municipalidad, registrar\u00e1 en sus oficinas de Dorrego e Iguaz\u00fa a los trabajadores de la econom\u00eda popular interesados en expender productos gastron\u00f3micos y otros, durante la Fiesta Nacional de los Estudiantes 2022.<\/em><\/strong><\/p>\n\n\n\n<div class=\"wp-block-image\"><figure class=\"aligncenter size-large is-resized\"><img decoding=\"async\" loading=\"lazy\" src=\"https:\/\/notinor.com\/jujuy\/wp-content\/uploads\/2022\/09\/CHANI-2-708x480.jpg\" alt=\"\" class=\"wp-image-351979\" width=\"552\" height=\"374\" srcset=\"https:\/\/notinor.com\/jujuy\/wp-content\/uploads\/2022\/09\/CHANI-2-708x480.jpg 708w, https:\/\/notinor.com\/jujuy\/wp-content\/uploads\/2022\/09\/CHANI-2-539x365.jpg 539w, https:\/\/notinor.com\/jujuy\/wp-content\/uploads\/2022\/09\/CHANI-2.jpg 748w\" sizes=\"(max-width: 552px) 100vw, 552px\" \/><\/figure><\/div>\n\n\n\n<p>En concordancia con el Ente Aut\u00e1rquico, Espacios P\u00fablicos y Nocturnidad, dispondr\u00e1 de 40 puestos (espacios) para la instalaci\u00f3n de gazebos 3 x 3 metros, durante el desarrollo de la 71\u00b0 edici\u00f3n de la Fiesta Nacional de los Estudiantes en Ciudad Cultural. Los inscriptos deber\u00e1n respetar los protocolos de bioseguridad; se podr\u00e1 expender comida al paso y no se podr\u00e1 instalar, ni mesas, ni sillas, evitando la aglomeraci\u00f3n de personas.<\/p>\n\n\n\n<p>Facundo Cha\u00f1i, director de Espacios P\u00fablicos y Nocturnidad, agreg\u00f3 que&nbsp;<strong>los trabajadores de la econom\u00eda popular deber\u00e1n registrarse de lunes a viernes de 8.30 a 12.30 en Dorrego esquina Iguaz\u00fa, presentando fotocopia de DNI, fotocopia de carnet sanitario o carnet de manipulaci\u00f3n de alimento actualizados.<\/strong><\/p>\n\n\n\n<p>\u201c<em>En los \u00faltimos d\u00edas, hemos tenido diferentes reuniones con el Ente Aut\u00e1rquico de la Fiesta de Los Estudiantes, tras los cuales, hemos convocado a los trabajadores de la econom\u00eda popular para la venta de productos gastron\u00f3micos durante el desarrollo de la celebraci\u00f3n<\/em>\u201d, dijo Cha\u00f1i.<\/p>\n\n\n\n<p>Recalc\u00f3 que, \u201c<em>las inscripciones se recibir\u00e1n desde el lunes 5 de septiembre hasta el viernes 9, las personas interesadas deber\u00e1n dirigirse a las oficinas de Dorrego e Iguaz\u00fa, all\u00ed se van a distinguir los rubros: los gastron\u00f3micos y otros art\u00edculos<\/em>\u201d.<\/p>\n\n\n\n<p>Asimismo, enfatiz\u00f3 que, \u201c<em>tras registrarse, el organismo le va entregar el n\u00famero y el lugar designado, ya que el Ente Aut\u00e1rquico, ha solicitado que brindemos un espacio de 40 puestos<\/em>\u201d.<\/p>\n","protected":false},"excerpt":{"rendered":"<p>Desde del lunes 5 y hasta el viernes 9 de septiembre, la Direcci\u00f3n de Espacios P\u00fablicos y Nocturnidad de la Secretar\u00eda de Gobierno de la Municipalidad, registrar\u00e1 en sus oficinas de Dorrego e Iguaz\u00fa a los trabajadores de la econom\u00eda popular interesados en expender productos gastron\u00f3micos y otros, durante la Fiesta Nacional de los Estudiantes [&hellip;]<\/p>\n","protected":false},"author":5,"featured_media":351979,"comment_status":"open","ping_status":"open","sticky":false,"template":"","format":"standard","meta":{"_stopmodifiedupdate":false,"_modified_date":"","inline_featured_image":false,"spay_email":"","jetpack_publicize_message":""},"categories":[594,514],"tags":[],"jetpack_featured_media_url":"https:\/\/notinor.com\/jujuy\/wp-content\/uploads\/2022\/09\/CHANI-2.jpg","jetpack_publicize_connections":[],"_links":{"self":[{"href":"https:\/\/notinor.com\/jujuy\/wp-json\/wp\/v2\/posts\/351977"}],"collection":[{"href":"https:\/\/notinor.com\/jujuy\/wp-json\/wp\/v2\/posts"}],"about":[{"href":"https:\/\/notinor.com\/jujuy\/wp-json\/wp\/v2\/types\/post"}],"author":[{"embeddable":true,"href":"https:\/\/notinor.com\/jujuy\/wp-json\/wp\/v2\/users\/5"}],"replies":[{"embeddable":true,"href":"https:\/\/notinor.com\/jujuy\/wp-json\/wp\/v2\/comments?post=351977"}],"version-history":[{"count":1,"href":"https:\/\/notinor.com\/jujuy\/wp-json\/wp\/v2\/posts\/351977\/revisions"}],"predecessor-version":[{"id":351980,"href":"https:\/\/notinor.com\/jujuy\/wp-json\/wp\/v2\/posts\/351977\/revisions\/351980"}],"wp:featuredmedia":[{"embeddable":true,"href":"https:\/\/notinor.com\/jujuy\/wp-json\/wp\/v2\/media\/351979"}],"wp:attachment":[{"href":"https:\/\/notinor.com\/jujuy\/wp-json\/wp\/v2\/media?parent=351977"}],"wp:term":[{"taxonomy":"category","embeddable":true,"href":"https:\/\/notinor.com\/jujuy\/wp-json\/wp\/v2\/categories?post=351977"},{"taxonomy":"post_tag","embeddable":true,"href":"https:\/\/notinor.com\/jujuy\/wp-json\/wp\/v2\/tags?post=351977"}],"curies":[{"name":"wp","href":"https:\/\/api.w.org\/{rel}","templated":true}]}}