{"id":351971,"date":"2022-08-31T21:08:00","date_gmt":"2022-09-01T00:08:00","guid":{"rendered":"https:\/\/notinor.com\/jujuy\/?p=351971"},"modified":"2022-08-31T09:08:00","modified_gmt":"2022-08-31T09:08:00","slug":"el-municipio-apuesta-al-tenis-juvenil","status":"publish","type":"post","link":"https:\/\/notinor.com\/jujuy\/el-municipio-apuesta-al-tenis-juvenil\/","title":{"rendered":"El municipio apuesta al tenis juvenil"},"content":{"rendered":"\n<p class=\"has-medium-font-size\"><strong><em>El ya consagrado tenista junior, Valentino Ancasi, integrar\u00e1 el seleccionado argentino de tenis que jugar\u00e1 el Mundial en Santa Cruz de la Sierra, en el vecino pa\u00eds y, desde la Municipalidad de San Salvador de Jujuy se realizaron las gestiones en apoyo, para las pr\u00f3ximas competencias que tendr\u00e1 que afrontar en el presente a\u00f1o.<\/em><\/strong><\/p>\n\n\n\n<div class=\"wp-block-image\"><figure class=\"aligncenter size-large is-resized\"><img decoding=\"async\" loading=\"lazy\" src=\"https:\/\/notinor.com\/jujuy\/wp-content\/uploads\/2022\/09\/TENISTA-1-840x419.jpg\" alt=\"\" class=\"wp-image-351975\" width=\"664\" height=\"331\" srcset=\"https:\/\/notinor.com\/jujuy\/wp-content\/uploads\/2022\/09\/TENISTA-1-840x419.jpg 840w, https:\/\/notinor.com\/jujuy\/wp-content\/uploads\/2022\/09\/TENISTA-1-660x329.jpg 660w, https:\/\/notinor.com\/jujuy\/wp-content\/uploads\/2022\/09\/TENISTA-1-768x383.jpg 768w, https:\/\/notinor.com\/jujuy\/wp-content\/uploads\/2022\/09\/TENISTA-1-360x180.jpg 360w, https:\/\/notinor.com\/jujuy\/wp-content\/uploads\/2022\/09\/TENISTA-1-750x374.jpg 750w, https:\/\/notinor.com\/jujuy\/wp-content\/uploads\/2022\/09\/TENISTA-1.jpg 866w\" sizes=\"(max-width: 664px) 100vw, 664px\" \/><\/figure><\/div>\n\n\n\n<p>Valentino, junto a su padre, fue recibido por el intendente Ra\u00fal \u201cChuli\u201d Jorge, y el secretario de Desarrollo Humano, Rodrigo Altea, qui\u00e9n&nbsp;valoriz\u00f3 la cantidad de deportistas juje\u00f1os,&nbsp;<em>\u201csobre todo ni\u00f1os, ni\u00f1as y j\u00f3venes que se est\u00e1n destacando por su \u00edmpetu y calidad deportiva, y&nbsp;<strong>desde el Municipio estamos tratando de colaborar con lo que se pueda, entendiendo que la competencia internacional hoy es muy compleja para los deportistas, tambi\u00e9n por la situaci\u00f3n econ\u00f3mica del pa\u00eds con respecto al cambio de la moneda, pero tratamos siempre de estar presentes y ayudando a este tipo de deportistas que podemos llamar de elite que tenemos en nuestras canchas<\/strong>\u201d.<\/em><\/p>\n\n\n\n<p>Valentino, con tan solo 12 a\u00f1os, actualmente ocupa el segundo puesto del ranking nacional de menores de la AAT, coment\u00f3 que recientemente particip\u00f3 del sudamericano Sub 12 desarrollado en Uruguay, llegando a la final contra el seleccionado brasile\u00f1o,&nbsp;<em>\u201clamentablemente perdimos pero hicimos muy buenos partidos, contra un gran equipo\u201d,&nbsp;<\/em>a su vez que cont\u00f3 que los entrenamientos se llevan a cabo en \u201cJujuy Lawn Tenis con el profesor Javier Kuchta y el preparador f\u00edsico Carlos Tonin, \u201c<em>quienes son muy buenos y me ayudan a seguir creciendo d\u00eda a d\u00eda.\u201d<\/em><\/p>\n","protected":false},"excerpt":{"rendered":"<p>El ya consagrado tenista junior, Valentino Ancasi, integrar\u00e1 el seleccionado argentino de tenis que jugar\u00e1 el Mundial en Santa Cruz de la Sierra, en el vecino pa\u00eds y, desde la Municipalidad de San Salvador de Jujuy se realizaron las gestiones en apoyo, para las pr\u00f3ximas competencias que tendr\u00e1 que afrontar en el presente a\u00f1o. Valentino, [&hellip;]<\/p>\n","protected":false},"author":5,"featured_media":351974,"comment_status":"open","ping_status":"open","sticky":false,"template":"","format":"standard","meta":{"_stopmodifiedupdate":false,"_modified_date":"","inline_featured_image":false,"spay_email":"","jetpack_publicize_message":""},"categories":[7],"tags":[],"jetpack_featured_media_url":"https:\/\/notinor.com\/jujuy\/wp-content\/uploads\/2022\/09\/TENISTA.jpg","jetpack_publicize_connections":[],"_links":{"self":[{"href":"https:\/\/notinor.com\/jujuy\/wp-json\/wp\/v2\/posts\/351971"}],"collection":[{"href":"https:\/\/notinor.com\/jujuy\/wp-json\/wp\/v2\/posts"}],"about":[{"href":"https:\/\/notinor.com\/jujuy\/wp-json\/wp\/v2\/types\/post"}],"author":[{"embeddable":true,"href":"https:\/\/notinor.com\/jujuy\/wp-json\/wp\/v2\/users\/5"}],"replies":[{"embeddable":true,"href":"https:\/\/notinor.com\/jujuy\/wp-json\/wp\/v2\/comments?post=351971"}],"version-history":[{"count":1,"href":"https:\/\/notinor.com\/jujuy\/wp-json\/wp\/v2\/posts\/351971\/revisions"}],"predecessor-version":[{"id":351976,"href":"https:\/\/notinor.com\/jujuy\/wp-json\/wp\/v2\/posts\/351971\/revisions\/351976"}],"wp:featuredmedia":[{"embeddable":true,"href":"https:\/\/notinor.com\/jujuy\/wp-json\/wp\/v2\/media\/351974"}],"wp:attachment":[{"href":"https:\/\/notinor.com\/jujuy\/wp-json\/wp\/v2\/media?parent=351971"}],"wp:term":[{"taxonomy":"category","embeddable":true,"href":"https:\/\/notinor.com\/jujuy\/wp-json\/wp\/v2\/categories?post=351971"},{"taxonomy":"post_tag","embeddable":true,"href":"https:\/\/notinor.com\/jujuy\/wp-json\/wp\/v2\/tags?post=351971"}],"curies":[{"name":"wp","href":"https:\/\/api.w.org\/{rel}","templated":true}]}}