{"id":351952,"date":"2022-08-31T20:32:00","date_gmt":"2022-08-31T23:32:00","guid":{"rendered":"https:\/\/notinor.com\/jujuy\/?p=351952"},"modified":"2022-08-31T08:32:00","modified_gmt":"2022-08-31T08:32:00","slug":"la-comision-de-ambiente-emitio-despacho-para-proyecto-que-expresa-compromiso-de-cuidado-y-proteccion-del-medioambiente","status":"publish","type":"post","link":"https:\/\/notinor.com\/jujuy\/la-comision-de-ambiente-emitio-despacho-para-proyecto-que-expresa-compromiso-de-cuidado-y-proteccion-del-medioambiente\/","title":{"rendered":"La Comisi\u00f3n de Ambiente emiti\u00f3 despacho para proyecto que expresa compromiso de cuidado y protecci\u00f3n del medioambiente"},"content":{"rendered":"\n<p class=\"has-medium-font-size\"><strong><em>En el sal\u00f3n Pilar Berm\u00fadez tuvo lugar la reuni\u00f3n de la comisi\u00f3n de Ambiente donde se puso en estudio a diversos proyectos y emiti\u00f3 despacho favorable para el proyecto de Ley remitido por el Poder Ejecutivo que instituye que el d\u00eda 5 de junio, \"D\u00eda Mundial del Medio Ambiente\", que los alumnos que cursen el \u00faltimo a\u00f1o de escolaridad primaria, de establecimientos p\u00fablicos y privados, en acto ceremonial, expresaran compromiso de cuidado y protecci\u00f3n del ambiente. Indica que el mismo debe incorporarse al anuario escolar a partir del ciclo lectivo 2023.<\/em><\/strong><\/p>\n\n\n\n<div class=\"wp-block-image\"><figure class=\"aligncenter size-large is-resized\"><img decoding=\"async\" loading=\"lazy\" src=\"https:\/\/notinor.com\/jujuy\/wp-content\/uploads\/2022\/09\/Reuni\u00f3n-1-720x480.jpeg\" alt=\"\" class=\"wp-image-351956\" width=\"569\" height=\"379\" srcset=\"https:\/\/notinor.com\/jujuy\/wp-content\/uploads\/2022\/09\/Reuni\u00f3n-1-720x480.jpeg 720w, https:\/\/notinor.com\/jujuy\/wp-content\/uploads\/2022\/09\/Reuni\u00f3n-1-548x365.jpeg 548w, https:\/\/notinor.com\/jujuy\/wp-content\/uploads\/2022\/09\/Reuni\u00f3n-1.jpeg 750w\" sizes=\"(max-width: 569px) 100vw, 569px\" \/><\/figure><\/div>\n\n\n\n<p>En ese sentido, la presidenta de la comisi\u00f3n Valeria G\u00f3mez se\u00f1al\u00f3 que ingres\u00f3 a la comisi\u00f3n con despacho de la comisi\u00f3n de educaci\u00f3n y coment\u00f3 que <strong>el proyecto tiene por objeto concientizar a los ni\u00f1os en escolaridad primaria, sobre la importancia del cuidado y protecci\u00f3n del ambiente<\/strong>. \"Este es un proyecto que lo trabajamos mucho en la comisi\u00f3n de educaci\u00f3n y emitimos despacho\", acot\u00f3. \u00a0<\/p>\n\n\n\n<p>En otro orden de temas, G\u00f3mez agreg\u00f3 que junto a los legisladores de <strong>la comisi\u00f3n se avanz\u00f3 en un proyecto que analiza al edificio sustentable de la Legislatura y las pr\u00e1cticas que se llevan adelante en el mismo, \"para trabajar con el ministerio de Ambiente y de Modernizaci\u00f3n<\/strong>, para que sus equipos t\u00e9cnicos brinden capacitaci\u00f3n al personal de la instituci\u00f3n respecto de las pr\u00e1cticas del cuidado del medioambiente. La idea es dialogar y analizar en qu\u00e9\u00a0comenzar\u00edamos a trabajar, por lo pronto con la se\u00f1alizaci\u00f3n, la carteler\u00eda y los contenedores de residuos \", sostuvo.<\/p>\n\n\n\n<p><strong>Sobre su participaci\u00f3n en el Segundo Encuentro Federal de la Comisi\u00f3n de Cambio Clim\u00e1tico en la provincia de Neuqu\u00e9n afirm\u00f3 que fue altamente positivo dado que todas las provincias trabajaron de manera conjunta<\/strong>, \"hemos coincidi\u00f3 que nuestro trabajo debe ser de manera federal compartiendo los proyectos y adecu\u00e1ndolos a cada regi\u00f3n\", remarc\u00f3.<\/p>\n\n\n\n<p><strong>\"Jujuy es una provincia que tiene proyectos muy importantes y que el resto de las provincias a\u00fan no han implementado, somos pioneros en materia energ\u00e9tica, nos toman como punto de referencia\", valor\u00f3.<\/strong><\/p>\n\n\n\n<p>La legisladora adelant\u00f3 que <strong>los pr\u00f3ximos encuentros de la Comisi\u00f3n Federal de Cambio Clim\u00e1tico tendr\u00e1n lugar en la provincia de Corrientes, posteriormente en Santiago del Estero y Jujuy ser\u00e1 sede en el mes de mayo del 2023<\/strong>. \u00a0\u00a0\u00a0\u00a0\u00a0\u00a0<\/p>\n\n\n\n<div class=\"wp-block-image\"><figure class=\"aligncenter size-large is-resized\"><img decoding=\"async\" loading=\"lazy\" src=\"https:\/\/notinor.com\/jujuy\/wp-content\/uploads\/2022\/09\/Reuni\u00f3n-2-719x480.jpeg\" alt=\"\" class=\"wp-image-351958\" width=\"623\" height=\"416\" srcset=\"https:\/\/notinor.com\/jujuy\/wp-content\/uploads\/2022\/09\/Reuni\u00f3n-2-719x480.jpeg 719w, https:\/\/notinor.com\/jujuy\/wp-content\/uploads\/2022\/09\/Reuni\u00f3n-2-547x365.jpeg 547w, https:\/\/notinor.com\/jujuy\/wp-content\/uploads\/2022\/09\/Reuni\u00f3n-2-768x512.jpeg 768w, https:\/\/notinor.com\/jujuy\/wp-content\/uploads\/2022\/09\/Reuni\u00f3n-2-750x500.jpeg 750w, https:\/\/notinor.com\/jujuy\/wp-content\/uploads\/2022\/09\/Reuni\u00f3n-2-1140x761.jpeg 1140w, https:\/\/notinor.com\/jujuy\/wp-content\/uploads\/2022\/09\/Reuni\u00f3n-2.jpeg 1280w\" sizes=\"(max-width: 623px) 100vw, 623px\" \/><\/figure><\/div>\n","protected":false},"excerpt":{"rendered":"<p>En el sal\u00f3n Pilar Berm\u00fadez tuvo lugar la reuni\u00f3n de la comisi\u00f3n de Ambiente donde se puso en estudio a diversos proyectos y emiti\u00f3 despacho favorable para el proyecto de Ley remitido por el Poder Ejecutivo que instituye que el d\u00eda 5 de junio, \"D\u00eda Mundial del Medio Ambiente\", que los alumnos que cursen el [&hellip;]<\/p>\n","protected":false},"author":5,"featured_media":351955,"comment_status":"open","ping_status":"open","sticky":false,"template":"","format":"standard","meta":{"_stopmodifiedupdate":false,"_modified_date":"","inline_featured_image":false,"spay_email":"","jetpack_publicize_message":""},"categories":[514],"tags":[],"jetpack_featured_media_url":"https:\/\/notinor.com\/jujuy\/wp-content\/uploads\/2022\/09\/Reuni\u00f3n.jpeg","jetpack_publicize_connections":[],"_links":{"self":[{"href":"https:\/\/notinor.com\/jujuy\/wp-json\/wp\/v2\/posts\/351952"}],"collection":[{"href":"https:\/\/notinor.com\/jujuy\/wp-json\/wp\/v2\/posts"}],"about":[{"href":"https:\/\/notinor.com\/jujuy\/wp-json\/wp\/v2\/types\/post"}],"author":[{"embeddable":true,"href":"https:\/\/notinor.com\/jujuy\/wp-json\/wp\/v2\/users\/5"}],"replies":[{"embeddable":true,"href":"https:\/\/notinor.com\/jujuy\/wp-json\/wp\/v2\/comments?post=351952"}],"version-history":[{"count":1,"href":"https:\/\/notinor.com\/jujuy\/wp-json\/wp\/v2\/posts\/351952\/revisions"}],"predecessor-version":[{"id":351959,"href":"https:\/\/notinor.com\/jujuy\/wp-json\/wp\/v2\/posts\/351952\/revisions\/351959"}],"wp:featuredmedia":[{"embeddable":true,"href":"https:\/\/notinor.com\/jujuy\/wp-json\/wp\/v2\/media\/351955"}],"wp:attachment":[{"href":"https:\/\/notinor.com\/jujuy\/wp-json\/wp\/v2\/media?parent=351952"}],"wp:term":[{"taxonomy":"category","embeddable":true,"href":"https:\/\/notinor.com\/jujuy\/wp-json\/wp\/v2\/categories?post=351952"},{"taxonomy":"post_tag","embeddable":true,"href":"https:\/\/notinor.com\/jujuy\/wp-json\/wp\/v2\/tags?post=351952"}],"curies":[{"name":"wp","href":"https:\/\/api.w.org\/{rel}","templated":true}]}}