{"id":351940,"date":"2022-08-31T20:45:38","date_gmt":"2022-08-31T23:45:38","guid":{"rendered":"https:\/\/notinor.com\/jujuy\/?p=351940"},"modified":"2022-08-31T20:45:42","modified_gmt":"2022-08-31T23:45:42","slug":"legisladores-de-jxc-defendieron-la-autonomia-portena-hoy-es-la-ciudad-manana-es-cualquier-provincia","status":"publish","type":"post","link":"https:\/\/notinor.com\/jujuy\/legisladores-de-jxc-defendieron-la-autonomia-portena-hoy-es-la-ciudad-manana-es-cualquier-provincia\/","title":{"rendered":"Legisladores de JxC defendieron la autonom\u00eda porte\u00f1a: \u201cHoy es la Ciudad, ma\u00f1ana es cualquier provincia\u201d"},"content":{"rendered":"\n<p class=\"has-medium-font-size\"><strong><em>Luego del discurso de Cristina, senadores y diputados porte\u00f1os recordaron que la autonom\u00eda de la capital est\u00e1 contemplada en la Constituci\u00f3n Nacional de la que la propia Cristina Kirchner fue redactora en 1994.<\/em><\/strong><\/p>\n\n\n\n<div class=\"wp-block-image\"><figure class=\"aligncenter size-large\"><img decoding=\"async\" loading=\"lazy\" width=\"800\" height=\"450\" src=\"https:\/\/notinor.com\/jujuy\/wp-content\/uploads\/2022\/08\/juntos-por-el-cambio-4.jpg\" alt=\"\" class=\"wp-image-351942\" srcset=\"https:\/\/notinor.com\/jujuy\/wp-content\/uploads\/2022\/08\/juntos-por-el-cambio-4.jpg 800w, https:\/\/notinor.com\/jujuy\/wp-content\/uploads\/2022\/08\/juntos-por-el-cambio-4-649x365.jpg 649w, https:\/\/notinor.com\/jujuy\/wp-content\/uploads\/2022\/08\/juntos-por-el-cambio-4-500x280.jpg 500w, https:\/\/notinor.com\/jujuy\/wp-content\/uploads\/2022\/08\/juntos-por-el-cambio-4-768x432.jpg 768w, https:\/\/notinor.com\/jujuy\/wp-content\/uploads\/2022\/08\/juntos-por-el-cambio-4-750x422.jpg 750w\" sizes=\"(max-width: 800px) 100vw, 800px\" \/><\/figure><\/div>\n\n\n\n<p>El discurso de Cristina Kirchner ante legisladores del Frente de Todos <strong>crisp\u00f3 al m\u00e1ximo la relaci\u00f3n con la oposici\u00f3n y abri\u00f3 un nuevo frente de discusi\u00f3n: la autonom\u00eda de la ciudad de Buenos Aires.<\/strong><\/p>\n\n\n\n<p>Ayer, en el Sal\u00f3n Azul del Congreso, <strong>la Vicepresidenta redobl\u00f3 sus cr\u00edticas contra el gobierno porte\u00f1o por los violentos incidentes que protagonizaron militantes y polic\u00edas el s\u00e1bado pasado en Recoleta, y hasta recurri\u00f3 a una desafortunada iron\u00eda contra la presidenta del PRO, Patricia Bullrich.<\/strong> Sin embargo, otro de los puntos de su discurso fue el que m\u00e1s llam\u00f3 la atenci\u00f3n: la Vicepresidenta pidi\u00f3 \u201crepensar un poco el tema de esta bendita Ciudad de Buenos Aires\u201d porque \u201cuna polic\u00eda pol\u00edtica se ha apoderado de la seguridad de las calles\u201d.<\/p>\n\n\n\n<p><strong>\u201cPor esta Capital hubo guerras civiles durante todo el siglo XIX as\u00ed que creo que deber\u00edamos replantearnos tambi\u00e9n el funcionamiento jurisdiccional de c\u00f3mo se debe ejercer la jurisdicci\u00f3n y cu\u00e1l es el rol del gobierno federal tambi\u00e9n en una ciudad como esta\u201d, <\/strong>arremeti\u00f3 CFK.<\/p>\n\n\n\n<p>Ante este nuevo planteo pol\u00edtico, <strong>senadores y diputados porte\u00f1os de Juntos por el Cambio emitieron un comunicado para manifestar su \u201cabsoluto repudio\u201d y recordaron que la autonom\u00eda de la capital est\u00e1 contemplada en la Constituci\u00f3n Nacional de la que la propia Cristina Kirchner fue redactora en 1994 como convencional constituyente.<\/strong><\/p>\n\n\n\n<p><strong>\u201cLa Vicepresidenta no puede mentir y desconocer de manera sistem\u00e1tica la instituciones de la democracia\u201d,<\/strong> lamentaron y garantizaron a los vecinos porte\u00f1os que la oposici\u00f3n \u201cno va a cesar en su compromiso con el leg\u00edtimo derecho de los porte\u00f1os a que su Ciudad goce de la autonom\u00eda plena que le corresponde\u201d.<\/p>\n\n\n\n<p><strong>\u201cHoy es la ciudad de Buenos Aires, ma\u00f1ana es cualquier provincia en la que el voto no la acompa\u00f1a\u201d,<\/strong> advirtieron.<\/p>\n\n\n\n<p>El documento, que lleva las firmas de los senadores Guadalupe Tagliaferri y Mart\u00edn Lousteau, junto a los diputados Sabrina Ajmechet, Carla Carrizo, Maximiliano Ferraro, \u00c1lvaro Gonz\u00e1lez, Fernando Iglesias, Ricardo L\u00f3pez Murphy, Dolores Mart\u00ednez, Victoria Morales Gorleri, Paula Oliveto, Mart\u00edn Tetaz, Mar\u00eda Eugenia Vidal, Pablo Tonelli, Mariana Zuvic y Emiliano Yacobitti, tambi\u00e9n incluy\u00f3 con una copia del art\u00edculo 129 de la Constituci\u00f3n Nacional que determina que \u201cla ciudad de Buenos Aires tendr\u00e1 un r\u00e9gimen de gobierno aut\u00f3nomo, con facultades propias de legislaci\u00f3n y jurisdicci\u00f3n, y su jefe de gobierno ser\u00e1 elegido directamente por el pueblo de la ciudad\u201d.<\/p>\n\n\n\n<p>\u201cNo hay que dejarnos correr del foco. Hoy la Rep\u00fablica y Estado de derecho est\u00e1n en peligro por los permanentes ataques a la justicia independiente que realiza el oficialismo\u201d, continuaron los legisladores. Y concluyeron: <strong>\u201cEl Gobierno nacional ha menoscabado esa independencia y es nuestro deber estar juntos para defender las instituciones\u201d.<\/strong><\/p>\n\n\n\n<p><strong>Si bien Cristina Kirchner revel\u00f3 las intenciones del oficialismo de instalar este nuevo debate, hasta el momento no hubo ninguna propuesta ni proyecto de ley que abordara el tema.<\/strong> De hecho, a pesar del revuelo pol\u00edtico que caus\u00f3, la cuesti\u00f3n no se discuti\u00f3 en la reuni\u00f3n de Gabinete que se llev\u00f3 adelante esta ma\u00f1ana en Casa de Gobierno.<\/p>\n","protected":false},"excerpt":{"rendered":"<p>Luego del discurso de Cristina, senadores y diputados porte\u00f1os recordaron que la autonom\u00eda de la capital est\u00e1 contemplada en la Constituci\u00f3n Nacional de la que la propia Cristina Kirchner fue redactora en 1994. El discurso de Cristina Kirchner ante legisladores del Frente de Todos crisp\u00f3 al m\u00e1ximo la relaci\u00f3n con la oposici\u00f3n y abri\u00f3 un [&hellip;]<\/p>\n","protected":false},"author":49,"featured_media":351942,"comment_status":"open","ping_status":"open","sticky":false,"template":"","format":"standard","meta":{"_stopmodifiedupdate":false,"_modified_date":"","inline_featured_image":false,"spay_email":"","jetpack_publicize_message":""},"categories":[2,501],"tags":[],"jetpack_featured_media_url":"https:\/\/notinor.com\/jujuy\/wp-content\/uploads\/2022\/08\/juntos-por-el-cambio-4.jpg","jetpack_publicize_connections":[],"_links":{"self":[{"href":"https:\/\/notinor.com\/jujuy\/wp-json\/wp\/v2\/posts\/351940"}],"collection":[{"href":"https:\/\/notinor.com\/jujuy\/wp-json\/wp\/v2\/posts"}],"about":[{"href":"https:\/\/notinor.com\/jujuy\/wp-json\/wp\/v2\/types\/post"}],"author":[{"embeddable":true,"href":"https:\/\/notinor.com\/jujuy\/wp-json\/wp\/v2\/users\/49"}],"replies":[{"embeddable":true,"href":"https:\/\/notinor.com\/jujuy\/wp-json\/wp\/v2\/comments?post=351940"}],"version-history":[{"count":1,"href":"https:\/\/notinor.com\/jujuy\/wp-json\/wp\/v2\/posts\/351940\/revisions"}],"predecessor-version":[{"id":351943,"href":"https:\/\/notinor.com\/jujuy\/wp-json\/wp\/v2\/posts\/351940\/revisions\/351943"}],"wp:featuredmedia":[{"embeddable":true,"href":"https:\/\/notinor.com\/jujuy\/wp-json\/wp\/v2\/media\/351942"}],"wp:attachment":[{"href":"https:\/\/notinor.com\/jujuy\/wp-json\/wp\/v2\/media?parent=351940"}],"wp:term":[{"taxonomy":"category","embeddable":true,"href":"https:\/\/notinor.com\/jujuy\/wp-json\/wp\/v2\/categories?post=351940"},{"taxonomy":"post_tag","embeddable":true,"href":"https:\/\/notinor.com\/jujuy\/wp-json\/wp\/v2\/tags?post=351940"}],"curies":[{"name":"wp","href":"https:\/\/api.w.org\/{rel}","templated":true}]}}