{"id":351663,"date":"2022-08-24T08:00:00","date_gmt":"2022-08-24T11:00:00","guid":{"rendered":"https:\/\/notinor.com\/jujuy\/?p=351663"},"modified":"2022-08-24T13:46:00","modified_gmt":"2022-08-24T13:46:00","slug":"ejesa-informa-corte-de-suministro-para-este-jueves-25-de-agosto","status":"publish","type":"post","link":"https:\/\/notinor.com\/jujuy\/ejesa-informa-corte-de-suministro-para-este-jueves-25-de-agosto\/","title":{"rendered":"EJESA informa corte de suministro para este jueves 25 de agosto"},"content":{"rendered":"\n<p class=\"has-medium-font-size\"><strong>C<em>on el objeto de\u00a0elevar la calidad de nuestro servicio,\u00a0se realizar\u00e1n tareas de\u00a0mantenimiento y renovaci\u00f3n\u00a0en las instalaciones de nuestro sistema.<\/em><\/strong><\/p>\n\n\n\n<div class=\"wp-block-image\"><figure class=\"aligncenter size-large is-resized\"><img decoding=\"async\" loading=\"lazy\" src=\"https:\/\/notinor.com\/jujuy\/wp-content\/uploads\/2017\/04\/San-Salvador-de-Jujuy-e1644410035640-824x480.jpg\" alt=\"\" class=\"wp-image-113529\" width=\"668\" height=\"389\" srcset=\"https:\/\/notinor.com\/jujuy\/wp-content\/uploads\/2017\/04\/San-Salvador-de-Jujuy-e1644410035640-824x480.jpg 824w, https:\/\/notinor.com\/jujuy\/wp-content\/uploads\/2017\/04\/San-Salvador-de-Jujuy-e1644410035640-627x365.jpg 627w, https:\/\/notinor.com\/jujuy\/wp-content\/uploads\/2017\/04\/San-Salvador-de-Jujuy-e1644410035640-768x447.jpg 768w, https:\/\/notinor.com\/jujuy\/wp-content\/uploads\/2017\/04\/San-Salvador-de-Jujuy-e1644410035640-750x437.jpg 750w, https:\/\/notinor.com\/jujuy\/wp-content\/uploads\/2017\/04\/San-Salvador-de-Jujuy-e1644410035640.jpg 900w\" sizes=\"(max-width: 668px) 100vw, 668px\" \/><\/figure><\/div>\n\n\n\n<p>Con este fin, ser\u00e1 necesario efectuar una&nbsp;interrupci\u00f3n programada en las siguientes zonas y horarios:<\/p>\n\n\n\n<p>Localidad:<strong>&nbsp;EL CARMEN<\/strong><\/p>\n\n\n\n<p>D\u00eda:<strong>&nbsp;Jueves 25-08-2022<\/strong><\/p>\n\n\n\n<p>Hora:<strong>&nbsp;08:00 a 13:00 Hs. aprox.<\/strong><\/p>\n\n\n\n<p>Zonas:&nbsp;<strong>B\u00b0 San Carlos, B\u00b0 Nuestra Sra. Del Carmen, 40 Viv. B\u00b0 ODIJ, B\u00b0 CTA, B\u00b0 San Miguel y zonas aleda\u00f1as.<\/strong><\/p>\n\n\n\n<p>Localidad:<strong>&nbsp;S. S. DE JUJUY<\/strong><\/p>\n\n\n\n<p>D\u00eda:<strong>&nbsp;Jueves 25-08-2022<\/strong><\/p>\n\n\n\n<p>Hora:<strong>&nbsp;08:30 a 14:30 Hs. aprox.<\/strong><\/p>\n\n\n\n<p>Zonas:<strong>&nbsp;El Algarrobal, Los Blancos, El Cucho, Las Capillas, Las Escaleras y zonas aleda\u00f1as.<\/strong><\/p>\n\n\n\n<p>Localidad:<strong>&nbsp;TILCARA<\/strong><\/p>\n\n\n\n<p>D\u00eda:<strong>&nbsp;Jueves 25-08-2022<\/strong><\/p>\n\n\n\n<p>Hora:<strong>&nbsp;09:00 a 13:00 Hs. aprox.<\/strong><\/p>\n\n\n\n<p>Zonas:<strong>&nbsp;La Banda, Cerro Chico y zonas aleda\u00f1as.<\/strong><\/p>\n\n\n\n<p>Agradecemos tomar las precauciones necesarias durante la duraci\u00f3n de dicha interrupci\u00f3n a fin de evitar mayores inconvenientes.<\/p>\n\n\n\n<p>Para mayor informaci\u00f3n, comunicarse con nuestro Centro de<\/p>\n\n\n\n<p>Por consultas y\/o requerimientos te recordamos nuestros canales de contacto disponibles las 24hs.:<\/p>\n\n\n\n<p><img decoding=\"async\" loading=\"lazy\" width=\"16\" height=\"16\" src=\"https:\/\/notinor.com:2096\/cpsess6516557759\/3rdparty\/roundcube\/?_task=mail&amp;_action=get&amp;_mbox=INBOX&amp;_uid=67572&amp;_token=frezoD79UTn8QfsnncabptTNmCu8s61N&amp;_part=2&amp;_embed=1&amp;_mimeclass=image\">Nuestra Web&nbsp;<a href=\"https:\/\/www.ejesa.com.ar\/?fbclid=IwAR14rGgcVsKFtRmA2NmOFOPT8Zh7bN3g9FbnACLbH6gDSZ1s2OvPXPuyvMI\" target=\"_blank\" rel=\"noreferrer noopener\"><strong>https:\/\/www.ejesa.com.ar<\/strong><\/a><strong>&nbsp; &gt;&nbsp;&nbsp;<\/strong><a href=\"https:\/\/www.ejesa.com.ar\/gestion\/pwa\/tareasprogramadas\/cortes-de-luz\" target=\"_blank\" rel=\"noreferrer noopener\"><strong><\/strong><\/a><strong>Tareas Programadas<\/strong><\/p>\n\n\n\n<p><img decoding=\"async\" loading=\"lazy\" width=\"16\" height=\"16\" src=\"https:\/\/notinor.com:2096\/cpsess6516557759\/3rdparty\/roundcube\/?_task=mail&amp;_action=get&amp;_mbox=INBOX&amp;_uid=67572&amp;_token=frezoD79UTn8QfsnncabptTNmCu8s61N&amp;_part=2&amp;_embed=1&amp;_mimeclass=image\">VOLT, nuestro Asistente virtual<\/p>\n\n\n\n<p><img decoding=\"async\" loading=\"lazy\" width=\"16\" height=\"16\" src=\"https:\/\/notinor.com:2096\/cpsess6516557759\/3rdparty\/roundcube\/?_task=mail&amp;_action=get&amp;_mbox=INBOX&amp;_uid=67572&amp;_token=frezoD79UTn8QfsnncabptTNmCu8s61N&amp;_part=2&amp;_embed=1&amp;_mimeclass=image\">WhatsApp&nbsp;<strong>3884613738&nbsp;<\/strong><a href=\"https:\/\/wa.me\/543884613738?fbclid=IwAR30VgYAEKWAQcLcxjdHjF5jGp891rlLdKEEpF_y3CJrpxc_nkfd01quSIs\" target=\"_blank\" rel=\"noreferrer noopener\"><strong>https:\/\/wa.me\/543884613738<\/strong><\/a><\/p>\n","protected":false},"excerpt":{"rendered":"<p>Con el objeto de\u00a0elevar la calidad de nuestro servicio,\u00a0se realizar\u00e1n tareas de\u00a0mantenimiento y renovaci\u00f3n\u00a0en las instalaciones de nuestro sistema. Con este fin, ser\u00e1 necesario efectuar una&nbsp;interrupci\u00f3n programada en las siguientes zonas y horarios: Localidad:&nbsp;EL CARMEN D\u00eda:&nbsp;Jueves 25-08-2022 Hora:&nbsp;08:00 a 13:00 Hs. aprox. Zonas:&nbsp;B\u00b0 San Carlos, B\u00b0 Nuestra Sra. Del Carmen, 40 Viv. B\u00b0 ODIJ, B\u00b0 [&hellip;]<\/p>\n","protected":false},"author":5,"featured_media":351153,"comment_status":"open","ping_status":"open","sticky":false,"template":"","format":"standard","meta":{"_stopmodifiedupdate":false,"_modified_date":"","inline_featured_image":false,"spay_email":"","jetpack_publicize_message":""},"categories":[4],"tags":[],"jetpack_featured_media_url":"https:\/\/notinor.com\/jujuy\/wp-content\/uploads\/2022\/08\/el-carmen.jpg","jetpack_publicize_connections":[],"_links":{"self":[{"href":"https:\/\/notinor.com\/jujuy\/wp-json\/wp\/v2\/posts\/351663"}],"collection":[{"href":"https:\/\/notinor.com\/jujuy\/wp-json\/wp\/v2\/posts"}],"about":[{"href":"https:\/\/notinor.com\/jujuy\/wp-json\/wp\/v2\/types\/post"}],"author":[{"embeddable":true,"href":"https:\/\/notinor.com\/jujuy\/wp-json\/wp\/v2\/users\/5"}],"replies":[{"embeddable":true,"href":"https:\/\/notinor.com\/jujuy\/wp-json\/wp\/v2\/comments?post=351663"}],"version-history":[{"count":1,"href":"https:\/\/notinor.com\/jujuy\/wp-json\/wp\/v2\/posts\/351663\/revisions"}],"predecessor-version":[{"id":351665,"href":"https:\/\/notinor.com\/jujuy\/wp-json\/wp\/v2\/posts\/351663\/revisions\/351665"}],"wp:featuredmedia":[{"embeddable":true,"href":"https:\/\/notinor.com\/jujuy\/wp-json\/wp\/v2\/media\/351153"}],"wp:attachment":[{"href":"https:\/\/notinor.com\/jujuy\/wp-json\/wp\/v2\/media?parent=351663"}],"wp:term":[{"taxonomy":"category","embeddable":true,"href":"https:\/\/notinor.com\/jujuy\/wp-json\/wp\/v2\/categories?post=351663"},{"taxonomy":"post_tag","embeddable":true,"href":"https:\/\/notinor.com\/jujuy\/wp-json\/wp\/v2\/tags?post=351663"}],"curies":[{"name":"wp","href":"https:\/\/api.w.org\/{rel}","templated":true}]}}