{"id":351598,"date":"2022-08-29T08:41:07","date_gmt":"2022-08-29T11:41:07","guid":{"rendered":"https:\/\/notinor.com\/jujuy\/?p=351598"},"modified":"2022-08-29T08:41:13","modified_gmt":"2022-08-29T11:41:13","slug":"historico-resultado-de-juntos-por-el-cambio-en-las-paso-de-una-ciudad-clave-en-santa-fe","status":"publish","type":"post","link":"https:\/\/notinor.com\/jujuy\/historico-resultado-de-juntos-por-el-cambio-en-las-paso-de-una-ciudad-clave-en-santa-fe\/","title":{"rendered":"Hist\u00f3rico resultado de Juntos por el Cambio en las PASO de una ciudad clave en Santa Fe"},"content":{"rendered":"\n<p class=\"has-medium-font-size\"><em><strong>El candidato de la coalici\u00f3n opositora Gonzalo Braidot obtuvo un hist\u00f3rico resultado en la ciudad de Avellaneda, donde se fund\u00f3 la cerealera Vicent\u00edn, con el 72% de los votos<\/strong><\/em>.<\/p>\n\n\n\n<figure class=\"is-layout-flex wp-block-gallery-1 wp-block-gallery aligncenter columns-1 is-cropped\"><ul class=\"blocks-gallery-grid\"><li class=\"blocks-gallery-item\"><figure><img decoding=\"async\" loading=\"lazy\" width=\"640\" height=\"322\" src=\"https:\/\/notinor.com\/jujuy\/wp-content\/uploads\/2022\/08\/507541f4382cc268d20e63e2fee2bd74.jpg\" alt=\"\" data-id=\"351603\" data-full-url=\"https:\/\/notinor.com\/jujuy\/wp-content\/uploads\/2022\/08\/507541f4382cc268d20e63e2fee2bd74.jpg\" data-link=\"https:\/\/notinor.com\/jujuy\/?attachment_id=351603\" class=\"wp-image-351603\" srcset=\"https:\/\/notinor.com\/jujuy\/wp-content\/uploads\/2022\/08\/507541f4382cc268d20e63e2fee2bd74.jpg 640w, https:\/\/notinor.com\/jujuy\/wp-content\/uploads\/2022\/08\/507541f4382cc268d20e63e2fee2bd74-360x180.jpg 360w\" sizes=\"(max-width: 640px) 100vw, 640px\" \/><\/figure><\/li><\/ul><\/figure>\n\n\n\n<p>En la localidad de Avellaneda, en el norte de Santa Fe,&nbsp;<strong>ciudad donde se fund\u00f3 la cerealera Vicent\u00edn,&nbsp;<\/strong>hoy en medio de un complejo concurso de acreedores tras caer en default en diciembre 2019,&nbsp;<strong>se realizaron las PASO para la elecci\u00f3n del intendente,&nbsp;<\/strong>luego de la renuncia del jefe comunal&nbsp;<strong>Dionisio Scarp\u00edn,&nbsp;<\/strong>de Juntos por el Cambio, tras ser electo senador nacional junto a Carolina Losada el a\u00f1o pasado.<\/p>\n\n\n\n<p>El\u00a0<strong>candidato de <a href=\"https:\/\/notinor.com\/jujuy\/juntos-por-el-cambio-advirtio-sobre-una-crisis-sin-precedentes-y-la-descomposicion-del-tejido-social\/\">Juntos por el Cambio<\/a><\/strong>\u00a0en Avellaneda\u00a0<strong>Gonzalo Braidot<\/strong>\u00a0logr\u00f3 un\u00a0<strong>hist\u00f3rico triunfo<\/strong>\u00a0al obtener este domingo un 72% de los votos. Braidot es quien se encuentra al frente de la intendencia actualmente de manera interina tras la renuncia de Scarpin, y todo indica que en los comicios del 16 de octubre ser\u00e1 el elegido para ocupar el cargo de forma efectiva y completar el mandato hasta diciembre de 2023.<\/p>\n\n\n\n<p>Braidot obtuvo una diferencia mayor que el propio Scarp\u00edn en la PASO de 2019 cuando acumul\u00f3 el 65 por ciento. <strong>En los comicios hubo 10.330 votos afirmativos.<\/strong><\/p>\n\n\n\n<p>\u201cCuando las gestiones se enfocan en la gente con honestidad y transparencia, la ciudadan\u00eda acompa\u00f1a y sostiene. La ciudad de Avellaneda hoy es un ejemplo que toda la provincia est\u00e1 mirando, por sus pol\u00edticas productivas y sociales; pero tambi\u00e9n porque en esta localidad del norte santafesino\u00a0<strong>se puede ver de manera clara el objetivo de Juntos por el Cambio: gestionar para mejorarle la vida a las personas\u201d,\u00a0<\/strong>afirm\u00f3 este domingo Scarpin, tras conocerse los resultados, que dejaron a mucha distancia a los dos candidatos opositores.<\/p>\n\n\n\n<p>El peronismo present\u00f3 dos candidatos, que sumaron <strong>el 24% de los sufragios. <\/strong>Aldo \u201cDito\u201d Gonz\u00e1lez logr\u00f3 una contundente victoria en la interna del Justicialismo al sacar el <strong>16% de los votos<\/strong>, el doble que su rival, el abogado Lucio Alcides Vallejos.<\/p>\n\n\n\n<p>Scarp\u00edn, hoy senador nacional, se mostr\u00f3 como el principal articulador de la victoria de Braidot, que continu\u00f3 su gesti\u00f3n en el municipio. <strong>El actual senador radical logr\u00f3 trascender las fronteras de esa peque\u00f1a ciudad del norte santafesino, luego de que se transformara en uno de los principales defensores de Vicent\u00edn, empresa clave en la zona, luego de las intenciones de expropiaci\u00f3n de la administraci\u00f3n de Alberto Fern\u00e1ndez, despu\u00e9s de que la cerealera cayera en cesaci\u00f3n de pagos con un pasivo de m\u00e1s de 1400 millones de d\u00f3lares.<\/strong><\/p>\n\n\n\n<p>Luego, en 2021<strong>\u00a0Scarp\u00edn encabez\u00f3 con Losada la lista de <a href=\"https:\/\/notinor.com\/jujuy\/gerardo-morales-llamo-a-sostener-el-camino-de-la-consolidacion-de-juntos-por-el-cambio\/\">Juntos por el Cambio<\/a>\u00a0<\/strong>que se impuso en Santa Fe al obtener dos bancas para la c\u00e1mara alta. En el norte santafesino, donde los radicales festejaron el triunfo, el senador nacional insisti\u00f3 en que \u201clos vecinos de Avellaneda dejaron en claro cu\u00e1l es el camino que quieren seguir y le mostraron a los santafesinos que se puede emprender, estudiar, proyectar y vivir con la tranquilidad de saber que tienen un Estado que los acompa\u00f1a\u201d.<\/p>\n","protected":false},"excerpt":{"rendered":"<p>El candidato de la coalici\u00f3n opositora Gonzalo Braidot obtuvo un hist\u00f3rico resultado en la ciudad de Avellaneda, donde se fund\u00f3 la cerealera Vicent\u00edn, con el 72% de los votos. En la localidad de Avellaneda, en el norte de Santa Fe,&nbsp;ciudad donde se fund\u00f3 la cerealera Vicent\u00edn,&nbsp;hoy en medio de un complejo concurso de acreedores tras [&hellip;]<\/p>\n","protected":false},"author":52,"featured_media":351603,"comment_status":"open","ping_status":"open","sticky":false,"template":"","format":"standard","meta":{"_stopmodifiedupdate":false,"_modified_date":"","inline_featured_image":false,"spay_email":"","jetpack_publicize_message":""},"categories":[5,501],"tags":[1258,1935,1936],"jetpack_featured_media_url":"https:\/\/notinor.com\/jujuy\/wp-content\/uploads\/2022\/08\/507541f4382cc268d20e63e2fee2bd74.jpg","jetpack_publicize_connections":[],"_links":{"self":[{"href":"https:\/\/notinor.com\/jujuy\/wp-json\/wp\/v2\/posts\/351598"}],"collection":[{"href":"https:\/\/notinor.com\/jujuy\/wp-json\/wp\/v2\/posts"}],"about":[{"href":"https:\/\/notinor.com\/jujuy\/wp-json\/wp\/v2\/types\/post"}],"author":[{"embeddable":true,"href":"https:\/\/notinor.com\/jujuy\/wp-json\/wp\/v2\/users\/52"}],"replies":[{"embeddable":true,"href":"https:\/\/notinor.com\/jujuy\/wp-json\/wp\/v2\/comments?post=351598"}],"version-history":[{"count":1,"href":"https:\/\/notinor.com\/jujuy\/wp-json\/wp\/v2\/posts\/351598\/revisions"}],"predecessor-version":[{"id":351604,"href":"https:\/\/notinor.com\/jujuy\/wp-json\/wp\/v2\/posts\/351598\/revisions\/351604"}],"wp:featuredmedia":[{"embeddable":true,"href":"https:\/\/notinor.com\/jujuy\/wp-json\/wp\/v2\/media\/351603"}],"wp:attachment":[{"href":"https:\/\/notinor.com\/jujuy\/wp-json\/wp\/v2\/media?parent=351598"}],"wp:term":[{"taxonomy":"category","embeddable":true,"href":"https:\/\/notinor.com\/jujuy\/wp-json\/wp\/v2\/categories?post=351598"},{"taxonomy":"post_tag","embeddable":true,"href":"https:\/\/notinor.com\/jujuy\/wp-json\/wp\/v2\/tags?post=351598"}],"curies":[{"name":"wp","href":"https:\/\/api.w.org\/{rel}","templated":true}]}}