{"id":351594,"date":"2022-08-29T08:33:10","date_gmt":"2022-08-29T11:33:10","guid":{"rendered":"https:\/\/notinor.com\/jujuy\/?p=351594"},"modified":"2022-08-29T09:20:32","modified_gmt":"2022-08-29T12:20:32","slug":"sigue-el-reality-entre-la-autodegradacion-y-las-distracciones","status":"publish","type":"post","link":"https:\/\/notinor.com\/jujuy\/sigue-el-reality-entre-la-autodegradacion-y-las-distracciones\/","title":{"rendered":"Sigue el reality: entre la autodegradaci\u00f3n y las distracciones"},"content":{"rendered":"\n<p class=\"has-medium-font-size\"><strong><em>En la Argentina, estamos inmersos en una espiral de eventos escandalosos que son sustituidos por otros, cada vez m\u00e1s vertiginosamente. As\u00ed ocurri\u00f3 con la \u00faltima aparici\u00f3n de Alberto Fern\u00e1ndez en el programa A Dos Voces, donde pronunci\u00f3 lamentables definiciones que echaron m\u00e1s nafta al fuego de un clima que se viene caldeando por diversos factores.<br><\/em><\/strong><\/p>\n\n\n\n<div class=\"wp-block-image\"><figure class=\"aligncenter size-large is-resized\"><img decoding=\"async\" loading=\"lazy\" src=\"https:\/\/notinor.com\/jujuy\/wp-content\/uploads\/2022\/08\/110be2f0-e3fd-46d1-adb8-56e2b21faf52-1.jpg\" alt=\"\" class=\"wp-image-351596\" width=\"747\" height=\"358\"\/><\/figure><\/div>\n\n\n\n<p><strong>Normalmente, estos episodios escandalosos tienden a diluirse con el correr de los d\u00edas<\/strong> -a veces en el mismo d\u00eda- con un nuevo mamarracho protagonizado por alguno de los actores principales o de reparto. Pero esta vez, tras la bochornosa aparici\u00f3n del presidente en <em>TN<\/em>, donde <strong>traz\u00f3 un peligroso paralelismo entre el fiscal Alberto Nisman y el fiscal Diego Luciani<\/strong>, rayano a la amenaza o a la instigaci\u00f3n al suicidio, el tema comenz\u00f3 a agravarse con las consecuentes repercusiones y las explicaciones o aclaraciones que el propio presidente, y su vocera Gabriela Cerruti, pronunciaron horas m\u00e1s tarde intentando explicar lo inexplicable.<\/p>\n\n\n\n<p><strong>En su ansia de protagonismo, el Presidente parece haber entrado en una especie de etapa de autodegradaci\u00f3n in\u00e9dita.<\/strong> No solo se autodegrada, sino que parece hasta haber perdido el sentido de orientaci\u00f3n de supervivencia. En una radio amiga, Alberto Fern\u00e1ndez parece alcanz\u00f3 una nueva c\u00faspide en materia de rid\u00edculo al afirmar que <strong>fue a <em>TN <\/em>\u201ca enfrentarlos y poner en crisis el relato de que Nisman fue asesinado\u201d<\/strong>.<strong> <\/strong><\/p>\n\n\n\n<p>Este nueva peregrina e ins\u00f3lita noci\u00f3n, que solo cabe en la mente de los m\u00e1s fanatizados y radicalizados, no solo contradice la realidad -existe una investigaci\u00f3n judicial en marcha sobre el asesinato del fiscal especial de la Causa AMIA, y hasta hay un fallo de la justicia federal que, as\u00ed, lo determin\u00f3- sino que <strong>pone de manifiesto el grado de negacionismo en que vive el Presidente.<\/strong><\/p>\n\n\n\n<p><strong>No hubo ning\u00fan enfrentamiento en los estudios de <em>TN, <\/em>sino un papel\u00f3n may\u00fasculo, <\/strong>no solo por lo que desde el Poder Judicial y desde la oposici\u00f3n -casi un\u00e1nimemente- se interpret\u00f3 como una amenaza mafiosa, sino tambi\u00e9n por <strong>la inaceptable intromisi\u00f3n del Ejecutivo en otro poder de la rep\u00fablica<\/strong>, al deslizar la posibilidad de un indulto presidencial para eximir de prisi\u00f3n a la vicepresidente en caso de una sentencia adversa.<\/p>\n\n\n\n<div class=\"wp-block-image\"><figure class=\"aligncenter\"><img decoding=\"async\" src=\"https:\/\/tn.com.ar\/resizer\/nJUdhbGDHzWEBVy3pHcCRuLsdBM=\/767x0\/smart\/cloudfront-us-east-1.images.arcpublishing.com\/artear\/2RJDEWEUABCDZFLW54ZZANXXKE.jpg\" alt=\"\"\/><\/figure><\/div>\n\n\n\n<p>Como era de esperarse, inmediatamente circularon registros audiovisuales en los que, en otros tiempos, Alberto Fern\u00e1ndez opinaba otra cosa con respecto a la muerte del fiscal. Por otro lado, <strong>ese ofrecimiento anticipado -e inconstitucional- de indulto fue repudiado por el propio peronismo<\/strong>,<strong> que ahora aparece encolumnado detr\u00e1s de la figura de Cristina Kirchner<\/strong> para quien semejante ocurrencia resulta inaceptable, pues implicar\u00eda la aceptaci\u00f3n de la culpabilidad. Elocuente, en este sentido, fue Hebe de Bonafini, quien mand\u00f3 al presidente a \u201ccallarse la boca\u201d,<strong> contribuyendo otro granito de arena a esta espiral de esmerilamiento sistem\u00e1tico de la autoridad presidencial.<\/strong><\/p>\n\n\n\n<p class=\"has-medium-font-size\"><strong>La marcha en apoyo a Cristina<\/strong><\/p>\n\n\n\n<p>Lejos de acabar aqu\u00ed, <strong>el conflicto continu\u00f3 agrav\u00e1ndose con las escaramuzas entre la Polic\u00eda de la Ciudad de Buenos Aires y los fan\u00e1ticos revoltosos que concentraron en inmediaciones del domicilio de la vicepresidente<\/strong> haciendo acampes, ollas populares y vigilias en se\u00f1al de apoyo a la jefa, anticipando una eventual rebeld\u00eda y desacato a una sentencia que todav\u00eda se encuentra lejana en el calendario, y para la que a\u00fan faltan cumplir etapas procesales.<\/p>\n\n\n\n<p><strong>El clima ya ven\u00eda bastante caldeado, aun desde antes de la solicitud de condena. <\/strong>Y, tal como lo interpretamos en nuestro \u00faltimo editorial, todo parece indicar que <a href=\"https:\/\/notinor.com\/jujuy\/cristina-kirchner-apuesta-a-su-propio-17-de-octubre\/\" target=\"_blank\" aria-label=\"undefined (abre en una nueva pesta\u00f1a)\" rel=\"noreferrer noopener\">Cristina Kirchner busca su propio 17 de octubre<\/a>, reeditando la \u00e9pica de proscripci\u00f3n y persecuci\u00f3n al peronismo que ella asegura encarnar.<\/p>\n\n\n\n<p>Una vez concluido el alegato de Luciani, con <a href=\"https:\/\/notinor.com\/jujuy\/juicio-a-cristina-kirchner-el-fiscal-diego-luciani-pidio-12-anos-de-prision-para-la-vicepresidenta-por-la-causa-vialidad\/https:\/\/notinor.com\/jujuy\/juicio-a-cristina-kirchner-el-fiscal-diego-luciani-pidio-12-anos-de-prision-para-la-vicepresidenta-por-la-causa-vialidad\/\" target=\"_blank\" aria-label=\"undefined (abre en una nueva pesta\u00f1a)\" rel=\"noreferrer noopener\">el pedido de sentencia para los 13 imputados en la Causa Vialidad, <\/a><strong>comenz\u00f3 un nuevo episodio de la Argentina surrealista que vivimos. <\/strong>Se han producido desde ese momento muchas marchas en todo el pa\u00eds, a favor de sindicada jefa de la asociaci\u00f3n il\u00edcita de la obra p\u00fablica.<\/p>\n\n\n\n<p><strong>Si algo ha logrado Cristina luego de su respuesta al alegato del Fiscal Luciani es unir al Frente de Todos que, <\/strong>por estos d\u00edas, se muestra m\u00e1s unido que nunca. Aprovechando los desmanes que fueron<em> in crescendo <\/em>en cercan\u00edas de su domicilio de Recoleta, <strong>Cristina apareci\u00f3 con una gorra con la leyenda CFK 2023,<\/strong> hecho que abona la teor\u00eda de que este podr\u00eda ser su lanzamiento de campa\u00f1a.<\/p>\n\n\n\n<div class=\"wp-block-image\"><figure class=\"aligncenter size-large\"><img decoding=\"async\" loading=\"lazy\" width=\"718\" height=\"475\" src=\"https:\/\/notinor.com\/jujuy\/wp-content\/uploads\/2022\/08\/5f5dd779-43eb-4d8d-be26-f924d9d67d01.jpg\" alt=\"\" class=\"wp-image-351600\" srcset=\"https:\/\/notinor.com\/jujuy\/wp-content\/uploads\/2022\/08\/5f5dd779-43eb-4d8d-be26-f924d9d67d01.jpg 718w, https:\/\/notinor.com\/jujuy\/wp-content\/uploads\/2022\/08\/5f5dd779-43eb-4d8d-be26-f924d9d67d01-552x365.jpg 552w\" sizes=\"(max-width: 718px) 100vw, 718px\" \/><\/figure><\/div>\n\n\n\n<p><strong>El PJ se declar\u00f3 en estado de alerta y movilizaci\u00f3n \u201cen defensa del Estado de Derecho\u201d,<\/strong> que, a juicio del peronismo, estar\u00eda jaqueado. <strong>No es la primera vez que el peronismo o sectores ligados toman una postura peligrosamente desafiante ante los fallos judiciales. <\/strong>Hace pocos d\u00edas CTERA hab\u00eda llevado adelante un paro nacional en reclamo por la absoluci\u00f3n de Santiago Goodman, el exdirigente de ATECh que fue encontrado penalmente responsable del incendio de la Legislatura de Chubut registrado en septiembre de 2019.<\/p>\n\n\n\n<p><strong>Pero ahora la cosa parece m\u00e1s grave porque hay sectores del peronismo que redoblan la apuesta y amenazan con paros, movilizaciones y cortes hasta que se produzca la renuncia del pleno de la Corte Suprema de Justicia de la Naci\u00f3n.<\/strong> No parece vana ni inofensiva la intimidatoria consigna que ahora abraza un\u00e1nimemente el peronismo: \u201cSi la tocan a Cristina, qu\u00e9 kilombo se va a armar\u201d.<\/p>\n\n\n\n<p>Entre las delirantes repercusiones, dentro de la coalici\u00f3n gobernante, <strong>surgi\u00f3 la propuesta de la realizaci\u00f3n de un \u201ccabildo abierto\u201d, <\/strong>como si estuvieran a la altura de Manuel Belgrano o de Mariano Moreno. <strong>Luis D El\u00eda postul\u00f3 que hay que \u201cprepararse para la batalla contra la oligarqu\u00eda el imperio y la Corte\u201d. Un concejal de Esquel fue forzado a pedir licencia por no firmar un comunicado en defensa de Kirchner.<\/strong> En t\u00e9rminos algo m\u00e1s elegantes, <strong>Ricardo Forster expres\u00f3 su \u201centusiasmo\u201d ante las movilizaciones y consider\u00f3 que la derecha judicial y pol\u00edtica <\/strong>abri\u00f3 \u201cuna caja de pandora\u201d, que \u201cse despert\u00f3 un gigante dormido\u201d, que es tiempo de \u201cconstruir pol\u00edtica\u201d y de \u201cmedidas para los jubilados y los trabajadores\", y que \u201cestamos en un momento de peligro de la vida democr\u00e1tica porque est\u00e1 jaqueado el Estado de Derecho\u201d.<\/p>\n\n\n\n<blockquote class=\"wp-block-quote\"><p><strong>Otra cosa que parece haberse logrado en esta la escalada de acontecimientos es que pr\u00e1cticamente ya poco o nada se habla de la gesti\u00f3n en Econom\u00eda de Sergio Massa<\/strong>.<\/p><\/blockquote>\n\n\n\n<p><strong>Aqu\u00ed surgen los siguientes interrogantes:<\/strong> \u00bfQu\u00e9 sigue despu\u00e9s de que un partido pol\u00edtico -en este caso, el partido gobernante- sugiere o postula que el Estado de Derecho est\u00e1 jaqueado? \u00bfC\u00f3mo se defiende un Estado de Derecho \u201djaqueado? \u00bfQui\u00e9n o qui\u00e9nes \u201djaquean\u201d al Estado de Derecho? Hay una cantidad de modelos a la vista en todas esas autocracias aliadas del Caribe y de Medio Oriente, donde podr\u00edamos encontrar respuestas. Si este es el diagn\u00f3stico, pues lo l\u00f3gico es que le siga el tratamiento: \u00bfContra qui\u00e9n o qui\u00e9nes? No es dif\u00edcil la respuesta, por m\u00e1s descabellada que parezca.  <\/p>\n\n\n\n<p><strong>Otra cosa que parece haberse logrado en esta la escalada de acontecimientos es que pr\u00e1cticamente ya poco o nada se habla de la gesti\u00f3n en Econom\u00eda de Sergio Massa<\/strong>, que, por estos d\u00edas, aprovechando el avispero pateado,<a href=\"https:\/\/notinor.com\/jujuy\/massa-reducira-impuestos-a-la-energia-el-campo-y-la-economia-del-conocimiento-para-que-generen-mas-dolares\/\" target=\"_blank\" aria-label=\"undefined (abre en una nueva pesta\u00f1a)\" rel=\"noreferrer noopener\"> realiz\u00f3 recortes en Salud y Educaci\u00f3n, <\/a>pasando algo desapercibido.<\/p>\n\n\n\n<p> <strong>Con el foco de atenci\u00f3n puesto en el <em>reality <\/em>pol\u00edtico, a la opini\u00f3n p\u00fablica se le est\u00e1 pasando lo que se viene en materia econ\u00f3mica<\/strong>. Los especialistas estiman que la \u201credistribuci\u00f3n de subsidios con justicia social\u201d de Massa va a ser tres veces m\u00e1s grande que la de Guzm\u00e1n. <strong>Y mientras todos est\u00e1n entretenidos, algunos se hacen los distra\u00eddos<\/strong>. Pero cuidado porque la pi\u00f1a es inminente, y va a ser muy fuerte.<\/p>\n","protected":false},"excerpt":{"rendered":"<p>En la Argentina, estamos inmersos en una espiral de eventos escandalosos que son sustituidos por otros, cada vez m\u00e1s vertiginosamente. As\u00ed ocurri\u00f3 con la \u00faltima aparici\u00f3n de Alberto Fern\u00e1ndez en el programa A Dos Voces, donde pronunci\u00f3 lamentables definiciones que echaron m\u00e1s nafta al fuego de un clima que se viene caldeando por diversos factores. [&hellip;]<\/p>\n","protected":false},"author":51,"featured_media":351596,"comment_status":"open","ping_status":"open","sticky":false,"template":"","format":"standard","meta":{"_stopmodifiedupdate":false,"_modified_date":"","inline_featured_image":false,"spay_email":"","jetpack_publicize_message":""},"categories":[2,1035,1127],"tags":[],"jetpack_featured_media_url":"https:\/\/notinor.com\/jujuy\/wp-content\/uploads\/2022\/08\/110be2f0-e3fd-46d1-adb8-56e2b21faf52-1.jpg","jetpack_publicize_connections":[],"_links":{"self":[{"href":"https:\/\/notinor.com\/jujuy\/wp-json\/wp\/v2\/posts\/351594"}],"collection":[{"href":"https:\/\/notinor.com\/jujuy\/wp-json\/wp\/v2\/posts"}],"about":[{"href":"https:\/\/notinor.com\/jujuy\/wp-json\/wp\/v2\/types\/post"}],"author":[{"embeddable":true,"href":"https:\/\/notinor.com\/jujuy\/wp-json\/wp\/v2\/users\/51"}],"replies":[{"embeddable":true,"href":"https:\/\/notinor.com\/jujuy\/wp-json\/wp\/v2\/comments?post=351594"}],"version-history":[{"count":2,"href":"https:\/\/notinor.com\/jujuy\/wp-json\/wp\/v2\/posts\/351594\/revisions"}],"predecessor-version":[{"id":351602,"href":"https:\/\/notinor.com\/jujuy\/wp-json\/wp\/v2\/posts\/351594\/revisions\/351602"}],"wp:featuredmedia":[{"embeddable":true,"href":"https:\/\/notinor.com\/jujuy\/wp-json\/wp\/v2\/media\/351596"}],"wp:attachment":[{"href":"https:\/\/notinor.com\/jujuy\/wp-json\/wp\/v2\/media?parent=351594"}],"wp:term":[{"taxonomy":"category","embeddable":true,"href":"https:\/\/notinor.com\/jujuy\/wp-json\/wp\/v2\/categories?post=351594"},{"taxonomy":"post_tag","embeddable":true,"href":"https:\/\/notinor.com\/jujuy\/wp-json\/wp\/v2\/tags?post=351594"}],"curies":[{"name":"wp","href":"https:\/\/api.w.org\/{rel}","templated":true}]}}