{"id":351173,"date":"2022-08-24T10:49:13","date_gmt":"2022-08-24T13:49:13","guid":{"rendered":"https:\/\/notinor.com\/jujuy\/?p=351173"},"modified":"2022-08-24T10:53:57","modified_gmt":"2022-08-24T13:53:57","slug":"suba-del-salario-minimo-1-millon-de-jubilados-recibiran-un-ajuste-automatico","status":"publish","type":"post","link":"https:\/\/notinor.com\/jujuy\/suba-del-salario-minimo-1-millon-de-jubilados-recibiran-un-ajuste-automatico\/","title":{"rendered":"Suba del Salario M\u00ednimo: 1 mill\u00f3n de jubilados recibir\u00e1n un ajuste autom\u00e1tico"},"content":{"rendered":"\n<p class=\"has-medium-font-size\"><strong><em>Por el incremento del Salario M\u00ednimo, Vital y M\u00f3vil (SMVM),\u00a01.200.000 jubilados y pensionados que cobran el haber m\u00ednimo ($ 43.353)\u00a0a partir de septiembre y se jubilaron con 30 o m\u00e1s a\u00f1os de aportes efectivos, sin acudir a la moratoria,\u00a0tendr\u00e1n un aumento de $ 1.378 en octubre y de $ 4.125 en noviembre. Esos importes se suman al bono de $ 7.000 que percibir\u00e1n en esos meses.<\/em><\/strong><\/p>\n\n\n\n<div class=\"wp-block-image\"><figure class=\"aligncenter size-large\"><img decoding=\"async\" loading=\"lazy\" width=\"770\" height=\"447\" src=\"https:\/\/notinor.com\/jujuy\/wp-content\/uploads\/2022\/08\/WhatsApp-Image-2022-08-24-at-10.39.46-AM.jpeg\" alt=\"\" class=\"wp-image-351174\" srcset=\"https:\/\/notinor.com\/jujuy\/wp-content\/uploads\/2022\/08\/WhatsApp-Image-2022-08-24-at-10.39.46-AM.jpeg 770w, https:\/\/notinor.com\/jujuy\/wp-content\/uploads\/2022\/08\/WhatsApp-Image-2022-08-24-at-10.39.46-AM-629x365.jpeg 629w, https:\/\/notinor.com\/jujuy\/wp-content\/uploads\/2022\/08\/WhatsApp-Image-2022-08-24-at-10.39.46-AM-768x446.jpeg 768w, https:\/\/notinor.com\/jujuy\/wp-content\/uploads\/2022\/08\/WhatsApp-Image-2022-08-24-at-10.39.46-AM-750x435.jpeg 750w\" sizes=\"(max-width: 770px) 100vw, 770px\" \/><\/figure><\/div>\n\n\n\n<p>Esos adicionales se explican porque el art\u00edculo N\u00b0 5 de la ley 27.426, aprobada en diciembre de 2017, especifica que los jubilados y pensionados\u00a0<strong>\u201ccon 30 a\u00f1os o m\u00e1s de servicios con aportes efectivos\u201d<\/strong>\u00a0cobrar\u00e1n un \u201cun suplemento dinerario hasta alcanzar un haber previsional equivalente al ochenta y dos por ciento (82%) del valor del <a href=\"https:\/\/notinor.com\/jujuy\/desde-septiembre-el-salario-minimo-subira-un-7-y-sera-de-51-200-pesos\/\">Salario M\u00ednimo Vital y M\u00f3vil<\/a>\u201d.<\/p>\n\n\n\n<p>En<strong> septiembre el SMVM sube a $ 51.200. El 82% ($ 41.984) es inferior haber m\u00ednimo ($ 43.353). En cambio en octubre, el SMVM asciende a $ 54.550 y el 82% son $ 44.731, o sea $ 1.378 superior a los 43.353 de jubilaci\u00f3n m\u00ednima. Y en noviembre el SMVM pasa a $ 57.900 y el 82% son $ 47.478, es decir, $ 4.125 por encima del haber m\u00ednimo.<\/strong><\/p>\n\n\n\n<p>Luego esas diferencias dejar\u00edan de pagarse en diciembre porque, por la movilidad previsional, ese mes les corresponde a todos los jubilados y pensionados un incremento de haberes.\u00a0<strong>Y la jubilaci\u00f3n m\u00ednima tendr\u00eda un incremento y desaparecer\u00eda esa diferencia o plus,<\/strong>\u00a0salvo que vuelva a subir el Salario M\u00ednimo y el 82% del <a href=\"https:\/\/notinor.com\/jujuy\/salario-minimo-vital-y-movil-el-18-de-agosto-se-reunira-el-consejo-del-salario\/\">SMVM<\/a> supere el nuevo valor del haber m\u00ednimo que regir\u00e1 en diciembre, enero y febrero 2023.<\/p>\n\n\n\n<p>Desde que se aprob\u00f3 ese plus transitorio, se pag\u00f3 en los meses de enero-mayo y de julio a noviembre de 2018; en agosto y en octubre- noviembre de 2019, en octubre y noviembre 2021 y en agosto 2022.<\/p>\n\n\n\n<p><strong>Los jubilados y pensionados con haberes m\u00e1s altos no reciben este suplemento y tampoco el bono de hasta $ 7.000&nbsp;<\/strong>que abarca a los que cobran hasta 2 haberes m\u00ednimos.<\/p>\n\n\n\n<p>Es el sector de los jubilados y pensionados que mayor retroceso tuvo frente a la inflaci\u00f3n porque, al igual que el resto, tuvo una p\u00e9rdida del 19,5% durante el Gobierno de Mauricio Macri. Luego en 2020 recibi\u00f3 aumentos inferiores a los de la m\u00ednima, y en 2021 y en 2022 no percibi\u00f3 ninguno de los bonos que se les otorgaron a los jubilados y pensiones de haberes m\u00e1s bajos.<\/p>\n\n\n\n<p>El incremento del salario m\u00ednimo tambi\u00e9n i<strong>mpacta en los programas \u201cPotenciar Trabajo\u201d<\/strong>&nbsp;(poco m\u00e1s de un mill\u00f3n de personas) que cobran la mitad del salario m\u00ednimo y<strong>&nbsp;\u201cAcompa\u00f1ar\u201d<\/strong>&nbsp;(35.000 personas), especialmente mujeres y personas del colectivo LBGTI+ en situaciones de violencia de g\u00e9nero, que perciben un salario m\u00ednimo durante 6 meses consecutivos.<\/p>\n\n\n\n<p><strong>Tambi\u00e9n incide en los trabajadores registrados mensualizados o jornalizados&nbsp;<\/strong>que cobran menos del salario m\u00ednimo mensual o por hora. Y de manera indirecta como referencia sobre los trabajadores no registrados o informales.<\/p>\n","protected":false},"excerpt":{"rendered":"<p>Por el incremento del Salario M\u00ednimo, Vital y M\u00f3vil (SMVM),\u00a01.200.000 jubilados y pensionados que cobran el haber m\u00ednimo ($ 43.353)\u00a0a partir de septiembre y se jubilaron con 30 o m\u00e1s a\u00f1os de aportes efectivos, sin acudir a la moratoria,\u00a0tendr\u00e1n un aumento de $ 1.378 en octubre y de $ 4.125 en noviembre. Esos importes se [&hellip;]<\/p>\n","protected":false},"author":52,"featured_media":351174,"comment_status":"open","ping_status":"open","sticky":false,"template":"","format":"standard","meta":{"_stopmodifiedupdate":false,"_modified_date":"","inline_featured_image":false,"spay_email":"","jetpack_publicize_message":""},"categories":[2,5],"tags":[],"jetpack_featured_media_url":"https:\/\/notinor.com\/jujuy\/wp-content\/uploads\/2022\/08\/WhatsApp-Image-2022-08-24-at-10.39.46-AM.jpeg","jetpack_publicize_connections":[],"_links":{"self":[{"href":"https:\/\/notinor.com\/jujuy\/wp-json\/wp\/v2\/posts\/351173"}],"collection":[{"href":"https:\/\/notinor.com\/jujuy\/wp-json\/wp\/v2\/posts"}],"about":[{"href":"https:\/\/notinor.com\/jujuy\/wp-json\/wp\/v2\/types\/post"}],"author":[{"embeddable":true,"href":"https:\/\/notinor.com\/jujuy\/wp-json\/wp\/v2\/users\/52"}],"replies":[{"embeddable":true,"href":"https:\/\/notinor.com\/jujuy\/wp-json\/wp\/v2\/comments?post=351173"}],"version-history":[{"count":2,"href":"https:\/\/notinor.com\/jujuy\/wp-json\/wp\/v2\/posts\/351173\/revisions"}],"predecessor-version":[{"id":351176,"href":"https:\/\/notinor.com\/jujuy\/wp-json\/wp\/v2\/posts\/351173\/revisions\/351176"}],"wp:featuredmedia":[{"embeddable":true,"href":"https:\/\/notinor.com\/jujuy\/wp-json\/wp\/v2\/media\/351174"}],"wp:attachment":[{"href":"https:\/\/notinor.com\/jujuy\/wp-json\/wp\/v2\/media?parent=351173"}],"wp:term":[{"taxonomy":"category","embeddable":true,"href":"https:\/\/notinor.com\/jujuy\/wp-json\/wp\/v2\/categories?post=351173"},{"taxonomy":"post_tag","embeddable":true,"href":"https:\/\/notinor.com\/jujuy\/wp-json\/wp\/v2\/tags?post=351173"}],"curies":[{"name":"wp","href":"https:\/\/api.w.org\/{rel}","templated":true}]}}