{"id":351164,"date":"2022-08-24T09:57:27","date_gmt":"2022-08-24T12:57:27","guid":{"rendered":"https:\/\/notinor.com\/jujuy\/?p=351164"},"modified":"2022-08-24T10:12:34","modified_gmt":"2022-08-24T13:12:34","slug":"uninoa-se-reunio-con-los-gobernadores-del-norte-argentino","status":"publish","type":"post","link":"https:\/\/notinor.com\/jujuy\/uninoa-se-reunio-con-los-gobernadores-del-norte-argentino\/","title":{"rendered":"UniNoa se reuni\u00f3 con los Gobernadores del Norte Argentino"},"content":{"rendered":"\n<p class=\"has-medium-font-size\"><strong><em>En la provincia de Jujuy los presidentes de las Uniones Industriales del Norte Argentino que integran la alianza estrat\u00e9gica Uninoa se reunieron y expusieron sus preocupaciones sobre diversos temas que ata\u00f1en a las industrias de la regi\u00f3n ante los miembros de la Asamblea de Gobernadores del Norte.<\/em><\/strong><\/p>\n\n\n\n<div class=\"wp-block-image\"><figure class=\"aligncenter size-large\"><img decoding=\"async\" loading=\"lazy\" width=\"840\" height=\"473\" src=\"https:\/\/notinor.com\/jujuy\/wp-content\/uploads\/2022\/08\/WhatsApp-Image-2022-08-24-at-9.29.54-AM-840x473.jpeg\" alt=\"\" class=\"wp-image-351167\" srcset=\"https:\/\/notinor.com\/jujuy\/wp-content\/uploads\/2022\/08\/WhatsApp-Image-2022-08-24-at-9.29.54-AM-840x473.jpeg 840w, https:\/\/notinor.com\/jujuy\/wp-content\/uploads\/2022\/08\/WhatsApp-Image-2022-08-24-at-9.29.54-AM-649x365.jpeg 649w, https:\/\/notinor.com\/jujuy\/wp-content\/uploads\/2022\/08\/WhatsApp-Image-2022-08-24-at-9.29.54-AM-768x432.jpeg 768w, https:\/\/notinor.com\/jujuy\/wp-content\/uploads\/2022\/08\/WhatsApp-Image-2022-08-24-at-9.29.54-AM-750x422.jpeg 750w, https:\/\/notinor.com\/jujuy\/wp-content\/uploads\/2022\/08\/WhatsApp-Image-2022-08-24-at-9.29.54-AM-1140x641.jpeg 1140w, https:\/\/notinor.com\/jujuy\/wp-content\/uploads\/2022\/08\/WhatsApp-Image-2022-08-24-at-9.29.54-AM.jpeg 1280w\" sizes=\"(max-width: 840px) 100vw, 840px\" \/><\/figure><\/div>\n\n\n\n<p><strong><a href=\"https:\/\/notinor.com\/jujuy\/federico-gatti-es-el-nuevo-presidente-de-la-union-industrial-de-jujuy\/\">Federico Gatti<\/a>, <\/strong>anfitri\u00f3n y Presidente de la Uni\u00f3n Industrial de Jujuy fue el encargado de representar al sector y plantear los temas. Entre ellos: <strong>la instrumentaci\u00f3n de tarifas planas de energ\u00eda el\u00e9ctrica y gas para las industrias y agroindustrias ubicadas en la regi\u00f3n del norte argentino y la instrumentaci\u00f3n mediante computo como cr\u00e9dito fiscal del impuesto al valor agregado (ex r\u00e9gimen decreto 814), la reducci\u00f3n de contribuciones patronales con destinos a los subsistemas de la seguridad social. Gatti, adem\u00e1s agradeci\u00f3 la invitaci\u00f3n de los Gobernadores y volvi\u00f3 a poner a Uninoa a disposici\u00f3n para trabajar en conjunto en acciones que ayuden a sostener y generar puestos de trabajo.<\/strong><\/p>\n\n\n\n<p>Escucharon estas solicitudes de temas el Jefe de Gabinete de Ministros de la Naci\u00f3n, Juan Manzur, el presidente pro t\u00e9mpore del Consejo Consultivo del Norte Grande, Gerardo Zamora; el Ministro de Deporte y Turismo de la Naci\u00f3n, Matias Lamens y los Gobernadores: <strong>Gerardo Morales (Jujuy), Sergio Mansilla (Vicegobernador de Tucum\u00e1n), Gustavo S\u00e1enz (Salta), Gildo Insfr\u00e1n (Formosa) Ra\u00fal Jalil (Catamarca), Jorge Capitanich (Chaco), Gustavo Vald\u00e9s (Corrientes) y y Oscar Herrera Ahuad (Misiones). Tambi\u00e9n participan Flavia Roy\u00f3n, secretaria de Energ\u00eda de la Naci\u00f3n; el secretario General del Consejo Federal de inversiones, Ignacio Lamothe; y la subsecretaria de Relaciones con las Provincias del Ministerio del Interior de la Naci\u00f3n, Paula Espa\u00f1ol.<\/strong><\/p>\n\n\n\n<p>Por UNINOA, adem\u00e1s del presidente industrial juje\u00f1o <a href=\"https:\/\/notinor.com\/jujuy\/ledesma-federico-gatti-no-le-estamos-quitando-el-salario-a-nadie-le-estamos-aumentando-el-25\/\">Federico Gatti<\/a> estuvieron presentes: <strong>Paula Bibini y Abel Fern\u00e1ndez Castro (Salta), Jorge Rocchia Ferro (Tucum\u00e1n), Jos\u00e9 Mar\u00eda Cantos (Santiago del Estero), Bogos Ekserciyan (La Rioja), Diego Colonna (Catamarca) y Carlos Manzur (Misiones).<\/strong><\/p>\n","protected":false},"excerpt":{"rendered":"<p>En la provincia de Jujuy los presidentes de las Uniones Industriales del Norte Argentino que integran la alianza estrat\u00e9gica Uninoa se reunieron y expusieron sus preocupaciones sobre diversos temas que ata\u00f1en a las industrias de la regi\u00f3n ante los miembros de la Asamblea de Gobernadores del Norte. Federico Gatti, anfitri\u00f3n y Presidente de la Uni\u00f3n [&hellip;]<\/p>\n","protected":false},"author":52,"featured_media":351167,"comment_status":"open","ping_status":"open","sticky":false,"template":"","format":"standard","meta":{"_stopmodifiedupdate":false,"_modified_date":"","inline_featured_image":false,"spay_email":"","jetpack_publicize_message":""},"categories":[2,676],"tags":[1888,1889,1886,1887],"jetpack_featured_media_url":"https:\/\/notinor.com\/jujuy\/wp-content\/uploads\/2022\/08\/WhatsApp-Image-2022-08-24-at-9.29.54-AM.jpeg","jetpack_publicize_connections":[],"_links":{"self":[{"href":"https:\/\/notinor.com\/jujuy\/wp-json\/wp\/v2\/posts\/351164"}],"collection":[{"href":"https:\/\/notinor.com\/jujuy\/wp-json\/wp\/v2\/posts"}],"about":[{"href":"https:\/\/notinor.com\/jujuy\/wp-json\/wp\/v2\/types\/post"}],"author":[{"embeddable":true,"href":"https:\/\/notinor.com\/jujuy\/wp-json\/wp\/v2\/users\/52"}],"replies":[{"embeddable":true,"href":"https:\/\/notinor.com\/jujuy\/wp-json\/wp\/v2\/comments?post=351164"}],"version-history":[{"count":2,"href":"https:\/\/notinor.com\/jujuy\/wp-json\/wp\/v2\/posts\/351164\/revisions"}],"predecessor-version":[{"id":351169,"href":"https:\/\/notinor.com\/jujuy\/wp-json\/wp\/v2\/posts\/351164\/revisions\/351169"}],"wp:featuredmedia":[{"embeddable":true,"href":"https:\/\/notinor.com\/jujuy\/wp-json\/wp\/v2\/media\/351167"}],"wp:attachment":[{"href":"https:\/\/notinor.com\/jujuy\/wp-json\/wp\/v2\/media?parent=351164"}],"wp:term":[{"taxonomy":"category","embeddable":true,"href":"https:\/\/notinor.com\/jujuy\/wp-json\/wp\/v2\/categories?post=351164"},{"taxonomy":"post_tag","embeddable":true,"href":"https:\/\/notinor.com\/jujuy\/wp-json\/wp\/v2\/tags?post=351164"}],"curies":[{"name":"wp","href":"https:\/\/api.w.org\/{rel}","templated":true}]}}