{"id":351156,"date":"2022-08-24T09:25:29","date_gmt":"2022-08-24T12:25:29","guid":{"rendered":"https:\/\/notinor.com\/jujuy\/?p=351156"},"modified":"2022-08-24T09:49:11","modified_gmt":"2022-08-24T12:49:11","slug":"precios-massa-y-tombolini-se-reunen-con-empresas-de-consumo-masivo","status":"publish","type":"post","link":"https:\/\/notinor.com\/jujuy\/precios-massa-y-tombolini-se-reunen-con-empresas-de-consumo-masivo\/","title":{"rendered":"Precios: Massa y Tombolini se re\u00fanen con empresas de consumo masivo"},"content":{"rendered":"\n<p class=\"has-medium-font-size\"><strong><em>El ministro de Econom\u00eda y el secretario de Comercio se encontrar\u00e1n con representantes de las principales compa\u00f1\u00edas que comercializan bienes de primera necesidad.<\/em><\/strong><\/p>\n\n\n\n<div class=\"wp-block-image\"><figure class=\"aligncenter size-large\"><img decoding=\"async\" loading=\"lazy\" width=\"696\" height=\"360\" src=\"https:\/\/notinor.com\/jujuy\/wp-content\/uploads\/2022\/08\/WhatsApp-Image-2022-08-24-at-9.18.09-AM.jpeg\" alt=\"\" class=\"wp-image-351160\" srcset=\"https:\/\/notinor.com\/jujuy\/wp-content\/uploads\/2022\/08\/WhatsApp-Image-2022-08-24-at-9.18.09-AM.jpeg 696w, https:\/\/notinor.com\/jujuy\/wp-content\/uploads\/2022\/08\/WhatsApp-Image-2022-08-24-at-9.18.09-AM-660x341.jpeg 660w\" sizes=\"(max-width: 696px) 100vw, 696px\" \/><\/figure><\/div>\n\n\n\n<p>El <strong>ministro de Econom\u00eda, <a href=\"https:\/\/notinor.com\/jujuy\/sergio-massa-ajustara-el-gasto-en-200-000-millones-de-pesos-hasta-fin-de-ano-en-que-areas-recortara\/\">Sergio Massa<\/a>, y el secretario de Comercio, Mat\u00edas Tombolini<\/strong>, mantendr\u00e1n esta tarde una reuni\u00f3n con directivos de marcas l\u00edderes de consumo masivo para dialogar sobre el estado de situaci\u00f3n en materia de precios, en particular de los productos de primera necesidad.<\/p>\n\n\n\n<p>El encuentro tendr\u00e1 <strong>lugar en el Ministerio de Econom\u00eda a las 16 y fue convocado por el propio <a href=\"https:\/\/notinor.com\/jujuy\/para-captar-mas-dolares-sergio-massa-anuncio-que-se-reglamentara-el-blanqueo-para-la-construccion\/\">Massa<\/a>, quien invit\u00f3 a representantes de las principales compa\u00f1\u00edas que comercializan bienes de primera necesidad <\/strong>para comenzar una serie de reuniones, en un modelo similar al que est\u00e1 en marcha con los representantes del campo que integran la Mesa de Enlace, explicaron las fuentes del Palacio de Hacienda.<\/p>\n\n\n\n<p>Desde las \u00e1reas del equipo econ\u00f3mico involucradas insistieron en que <strong>se tratar\u00e1 de una primera conversaci\u00f3n, en la que se abordar\u00e1n diversos aspectos de la actualidad del sector con la prioridad puesta en c\u00f3mo recuperar los precios como referencia para la vida cotidiana.<\/strong><\/p>\n\n\n\n<p><strong>Es probable que tambi\u00e9n se analicen otras variables, como stocks e importaciones.<\/strong><\/p>\n\n\n\n<p>La idea que manejan las autoridades del Palacio de Hacienda <strong>es marcar una hoja de ruta con un conjunto de objetivos que, en el corto plazo y seg\u00fan un cronograma establecido, permita dar estabilidad de precios en los principales art\u00edculos de consumo popular.<\/strong><\/p>\n\n\n\n<p>Una alternativa es que<strong> en la mesa de negociaciones participen tambi\u00e9n las autoridades del Banco Central, para evaluar el impacto de la suba de tasas sobre la estructura de costos de las empresas, a partir del incremento en el costo financiero<\/strong>.<\/p>\n","protected":false},"excerpt":{"rendered":"<p>El ministro de Econom\u00eda y el secretario de Comercio se encontrar\u00e1n con representantes de las principales compa\u00f1\u00edas que comercializan bienes de primera necesidad. El ministro de Econom\u00eda, Sergio Massa, y el secretario de Comercio, Mat\u00edas Tombolini, mantendr\u00e1n esta tarde una reuni\u00f3n con directivos de marcas l\u00edderes de consumo masivo para dialogar sobre el estado de [&hellip;]<\/p>\n","protected":false},"author":52,"featured_media":351160,"comment_status":"open","ping_status":"open","sticky":false,"template":"","format":"standard","meta":{"_stopmodifiedupdate":false,"_modified_date":"","inline_featured_image":false,"spay_email":"","jetpack_publicize_message":""},"categories":[2,676],"tags":[1885,1300],"jetpack_featured_media_url":"https:\/\/notinor.com\/jujuy\/wp-content\/uploads\/2022\/08\/WhatsApp-Image-2022-08-24-at-9.18.09-AM.jpeg","jetpack_publicize_connections":[],"_links":{"self":[{"href":"https:\/\/notinor.com\/jujuy\/wp-json\/wp\/v2\/posts\/351156"}],"collection":[{"href":"https:\/\/notinor.com\/jujuy\/wp-json\/wp\/v2\/posts"}],"about":[{"href":"https:\/\/notinor.com\/jujuy\/wp-json\/wp\/v2\/types\/post"}],"author":[{"embeddable":true,"href":"https:\/\/notinor.com\/jujuy\/wp-json\/wp\/v2\/users\/52"}],"replies":[{"embeddable":true,"href":"https:\/\/notinor.com\/jujuy\/wp-json\/wp\/v2\/comments?post=351156"}],"version-history":[{"count":2,"href":"https:\/\/notinor.com\/jujuy\/wp-json\/wp\/v2\/posts\/351156\/revisions"}],"predecessor-version":[{"id":351166,"href":"https:\/\/notinor.com\/jujuy\/wp-json\/wp\/v2\/posts\/351156\/revisions\/351166"}],"wp:featuredmedia":[{"embeddable":true,"href":"https:\/\/notinor.com\/jujuy\/wp-json\/wp\/v2\/media\/351160"}],"wp:attachment":[{"href":"https:\/\/notinor.com\/jujuy\/wp-json\/wp\/v2\/media?parent=351156"}],"wp:term":[{"taxonomy":"category","embeddable":true,"href":"https:\/\/notinor.com\/jujuy\/wp-json\/wp\/v2\/categories?post=351156"},{"taxonomy":"post_tag","embeddable":true,"href":"https:\/\/notinor.com\/jujuy\/wp-json\/wp\/v2\/tags?post=351156"}],"curies":[{"name":"wp","href":"https:\/\/api.w.org\/{rel}","templated":true}]}}