{"id":351150,"date":"2022-08-24T08:15:59","date_gmt":"2022-08-24T11:15:59","guid":{"rendered":"https:\/\/notinor.com\/jujuy\/?p=351150"},"modified":"2022-08-24T08:33:55","modified_gmt":"2022-08-24T11:33:55","slug":"fornari-reynaldo-manuel","status":"publish","type":"post","link":"https:\/\/notinor.com\/jujuy\/fornari-reynaldo-manuel\/","title":{"rendered":"FORNARI, Reynaldo Manuel"},"content":{"rendered":"\n<p><strong>Falleci\u00f3 el d\u00eda 23 de agosto de 2022, a hs. 14:37. C.A.S.R. y B.P., a la edad de 77 a\u00f1os. Su esposa: Mar\u00eda Cristina Cha\u00f1i; su hija: Betiana Fornari; su hijo pol\u00edtico: Mariano Garz\u00f3n; sus hermanos: Sof\u00eda, Omar y Miguel; sus hermanas pol\u00edticas: Liliana y Sonia; sus sobrinos: Oscar Ram\u00edrez, Marcos, Lautaro, Nazarena, Estanislao, Aylen y dem\u00e1s familiares participan con profundo dolor su fallecimiento y comunican que sus restos ser\u00e1n inhumados hoy 24 de agosto a hs. 09:30 en el cementerio parque El Solar. FAE. Casa de duelo salas Arenales de empresa La Piedad sita en Arenales 1145.Servicio empresa La Piedad SA. Salta 727 S.S. de Jujuy. Tel. 0388-4222487. L\u00ednea gratuita 0800-444-5274.<\/strong><\/p>\n","protected":false},"excerpt":{"rendered":"<p>Falleci\u00f3 el d\u00eda 23 de agosto de 2022, a hs. 14:37. C.A.S.R. y B.P., a la edad de 77 a\u00f1os. Su esposa: Mar\u00eda Cristina Cha\u00f1i; su hija: Betiana Fornari; su hijo pol\u00edtico: Mariano Garz\u00f3n; sus hermanos: Sof\u00eda, Omar y Miguel; sus hermanas pol\u00edticas: Liliana y Sonia; sus sobrinos: Oscar Ram\u00edrez, Marcos, Lautaro, Nazarena, Estanislao, Aylen [&hellip;]<\/p>\n","protected":false},"author":5,"featured_media":129720,"comment_status":"open","ping_status":"open","sticky":false,"template":"","format":"standard","meta":{"_stopmodifiedupdate":false,"_modified_date":"","inline_featured_image":false,"spay_email":"","jetpack_publicize_message":""},"categories":[523],"tags":[],"jetpack_featured_media_url":"https:\/\/notinor.com\/jujuy\/wp-content\/uploads\/2017\/08\/Obituarios1.jpg","jetpack_publicize_connections":[],"_links":{"self":[{"href":"https:\/\/notinor.com\/jujuy\/wp-json\/wp\/v2\/posts\/351150"}],"collection":[{"href":"https:\/\/notinor.com\/jujuy\/wp-json\/wp\/v2\/posts"}],"about":[{"href":"https:\/\/notinor.com\/jujuy\/wp-json\/wp\/v2\/types\/post"}],"author":[{"embeddable":true,"href":"https:\/\/notinor.com\/jujuy\/wp-json\/wp\/v2\/users\/5"}],"replies":[{"embeddable":true,"href":"https:\/\/notinor.com\/jujuy\/wp-json\/wp\/v2\/comments?post=351150"}],"version-history":[{"count":1,"href":"https:\/\/notinor.com\/jujuy\/wp-json\/wp\/v2\/posts\/351150\/revisions"}],"predecessor-version":[{"id":351151,"href":"https:\/\/notinor.com\/jujuy\/wp-json\/wp\/v2\/posts\/351150\/revisions\/351151"}],"wp:featuredmedia":[{"embeddable":true,"href":"https:\/\/notinor.com\/jujuy\/wp-json\/wp\/v2\/media\/129720"}],"wp:attachment":[{"href":"https:\/\/notinor.com\/jujuy\/wp-json\/wp\/v2\/media?parent=351150"}],"wp:term":[{"taxonomy":"category","embeddable":true,"href":"https:\/\/notinor.com\/jujuy\/wp-json\/wp\/v2\/categories?post=351150"},{"taxonomy":"post_tag","embeddable":true,"href":"https:\/\/notinor.com\/jujuy\/wp-json\/wp\/v2\/tags?post=351150"}],"curies":[{"name":"wp","href":"https:\/\/api.w.org\/{rel}","templated":true}]}}