{"id":351148,"date":"2022-08-24T08:10:20","date_gmt":"2022-08-24T11:10:20","guid":{"rendered":"https:\/\/notinor.com\/jujuy\/?p=351148"},"modified":"2022-08-24T08:30:57","modified_gmt":"2022-08-24T11:30:57","slug":"hueso-sira-benita","status":"publish","type":"post","link":"https:\/\/notinor.com\/jujuy\/hueso-sira-benita\/","title":{"rendered":"HUESO, Sira Benita"},"content":{"rendered":"\n<p><strong>Falleci\u00f3 el d\u00eda 23 de agosto de 2022, a hs. 09:20. C.A.S.R. y B.P., a la edad de 80 a\u00f1os. Su hijo: Jos\u00e9 H\u00e9ctor Santaella; su hija pol\u00edtica: Patricia Susana Rua; sus nietos: Jos\u00e9 y Bel\u00e9n Santaella, Cristian Rios, Jos\u00e9 y Morena Rodriguez; su bisnieta: Constanza Santaella; sus sobrinas: Liliana, Patricia, Ana Hueso y dem\u00e1s familiares participan con profundo dolor su fallecimiento y comunican que sus restos ser\u00e1n inhumados hoy 24 de agosto a hs 11:00 en el cementerio parque El Jard\u00edn del Castillo. FAE. Casa de duelo salas Arenales de empresa La Piedad sita en Arenales 1145. Servicio empresa La Piedad SA. Salta 727 S.S.de Jujuy. Tel. 0388-4222487. L\u00ednea gratuita 0800-444-5274.<\/strong><\/p>\n","protected":false},"excerpt":{"rendered":"<p>Falleci\u00f3 el d\u00eda 23 de agosto de 2022, a hs. 09:20. C.A.S.R. y B.P., a la edad de 80 a\u00f1os. Su hijo: Jos\u00e9 H\u00e9ctor Santaella; su hija pol\u00edtica: Patricia Susana Rua; sus nietos: Jos\u00e9 y Bel\u00e9n Santaella, Cristian Rios, Jos\u00e9 y Morena Rodriguez; su bisnieta: Constanza Santaella; sus sobrinas: Liliana, Patricia, Ana Hueso y dem\u00e1s [&hellip;]<\/p>\n","protected":false},"author":5,"featured_media":129720,"comment_status":"open","ping_status":"open","sticky":false,"template":"","format":"standard","meta":{"_stopmodifiedupdate":false,"_modified_date":"","inline_featured_image":false,"spay_email":"","jetpack_publicize_message":""},"categories":[523],"tags":[],"jetpack_featured_media_url":"https:\/\/notinor.com\/jujuy\/wp-content\/uploads\/2017\/08\/Obituarios1.jpg","jetpack_publicize_connections":[],"_links":{"self":[{"href":"https:\/\/notinor.com\/jujuy\/wp-json\/wp\/v2\/posts\/351148"}],"collection":[{"href":"https:\/\/notinor.com\/jujuy\/wp-json\/wp\/v2\/posts"}],"about":[{"href":"https:\/\/notinor.com\/jujuy\/wp-json\/wp\/v2\/types\/post"}],"author":[{"embeddable":true,"href":"https:\/\/notinor.com\/jujuy\/wp-json\/wp\/v2\/users\/5"}],"replies":[{"embeddable":true,"href":"https:\/\/notinor.com\/jujuy\/wp-json\/wp\/v2\/comments?post=351148"}],"version-history":[{"count":1,"href":"https:\/\/notinor.com\/jujuy\/wp-json\/wp\/v2\/posts\/351148\/revisions"}],"predecessor-version":[{"id":351149,"href":"https:\/\/notinor.com\/jujuy\/wp-json\/wp\/v2\/posts\/351148\/revisions\/351149"}],"wp:featuredmedia":[{"embeddable":true,"href":"https:\/\/notinor.com\/jujuy\/wp-json\/wp\/v2\/media\/129720"}],"wp:attachment":[{"href":"https:\/\/notinor.com\/jujuy\/wp-json\/wp\/v2\/media?parent=351148"}],"wp:term":[{"taxonomy":"category","embeddable":true,"href":"https:\/\/notinor.com\/jujuy\/wp-json\/wp\/v2\/categories?post=351148"},{"taxonomy":"post_tag","embeddable":true,"href":"https:\/\/notinor.com\/jujuy\/wp-json\/wp\/v2\/tags?post=351148"}],"curies":[{"name":"wp","href":"https:\/\/api.w.org\/{rel}","templated":true}]}}