{"id":351146,"date":"2022-08-24T08:05:54","date_gmt":"2022-08-24T11:05:54","guid":{"rendered":"https:\/\/notinor.com\/jujuy\/?p=351146"},"modified":"2022-08-24T08:28:08","modified_gmt":"2022-08-24T11:28:08","slug":"lamas-dionicia","status":"publish","type":"post","link":"https:\/\/notinor.com\/jujuy\/lamas-dionicia\/","title":{"rendered":"LAMAS, Dionicia"},"content":{"rendered":"\n<p><strong>Falleci\u00f3 el d\u00eda 23 de agosto de 2022  a hs. 07:00. C.A.S.R. y B.P., a la edad de 76 a\u00f1os. Su hija: Andrea Amante; su hijo pol\u00edtico: Alberto Lopez; sus hermanos: Cristina, Lucia, Victorina y Nolberto; sus sobrinos; sus primos; sus nietos y dem\u00e1s familiares comunican que sus restos mortales ser\u00e1n inhumados hoy 24 de agosto a hs. 17:00 en el cementerio de Iturbe. Casa de duelo Iturbe. Servicio Previsi\u00f3n Social SRL. Avda. Hip\u00f3lito Irigoyen 1250.Tel. 0388 4222492 S.S de Jujuy.<\/strong><\/p>\n","protected":false},"excerpt":{"rendered":"<p>Falleci\u00f3 el d\u00eda 23 de agosto de 2022 a hs. 07:00. C.A.S.R. y B.P., a la edad de 76 a\u00f1os. Su hija: Andrea Amante; su hijo pol\u00edtico: Alberto Lopez; sus hermanos: Cristina, Lucia, Victorina y Nolberto; sus sobrinos; sus primos; sus nietos y dem\u00e1s familiares comunican que sus restos mortales ser\u00e1n inhumados hoy 24 de [&hellip;]<\/p>\n","protected":false},"author":5,"featured_media":129720,"comment_status":"open","ping_status":"open","sticky":false,"template":"","format":"standard","meta":{"_stopmodifiedupdate":false,"_modified_date":"","inline_featured_image":false,"spay_email":"","jetpack_publicize_message":""},"categories":[523],"tags":[],"jetpack_featured_media_url":"https:\/\/notinor.com\/jujuy\/wp-content\/uploads\/2017\/08\/Obituarios1.jpg","jetpack_publicize_connections":[],"_links":{"self":[{"href":"https:\/\/notinor.com\/jujuy\/wp-json\/wp\/v2\/posts\/351146"}],"collection":[{"href":"https:\/\/notinor.com\/jujuy\/wp-json\/wp\/v2\/posts"}],"about":[{"href":"https:\/\/notinor.com\/jujuy\/wp-json\/wp\/v2\/types\/post"}],"author":[{"embeddable":true,"href":"https:\/\/notinor.com\/jujuy\/wp-json\/wp\/v2\/users\/5"}],"replies":[{"embeddable":true,"href":"https:\/\/notinor.com\/jujuy\/wp-json\/wp\/v2\/comments?post=351146"}],"version-history":[{"count":1,"href":"https:\/\/notinor.com\/jujuy\/wp-json\/wp\/v2\/posts\/351146\/revisions"}],"predecessor-version":[{"id":351147,"href":"https:\/\/notinor.com\/jujuy\/wp-json\/wp\/v2\/posts\/351146\/revisions\/351147"}],"wp:featuredmedia":[{"embeddable":true,"href":"https:\/\/notinor.com\/jujuy\/wp-json\/wp\/v2\/media\/129720"}],"wp:attachment":[{"href":"https:\/\/notinor.com\/jujuy\/wp-json\/wp\/v2\/media?parent=351146"}],"wp:term":[{"taxonomy":"category","embeddable":true,"href":"https:\/\/notinor.com\/jujuy\/wp-json\/wp\/v2\/categories?post=351146"},{"taxonomy":"post_tag","embeddable":true,"href":"https:\/\/notinor.com\/jujuy\/wp-json\/wp\/v2\/tags?post=351146"}],"curies":[{"name":"wp","href":"https:\/\/api.w.org\/{rel}","templated":true}]}}