{"id":351141,"date":"2022-08-23T17:42:09","date_gmt":"2022-08-23T20:42:09","guid":{"rendered":"https:\/\/notinor.com\/jujuy\/?p=351141"},"modified":"2022-08-23T17:42:13","modified_gmt":"2022-08-23T20:42:13","slug":"capitanich-anuncio-una-mision-de-busqueda-de-inversiones-de-ee-uu-para-el-norte-grande","status":"publish","type":"post","link":"https:\/\/notinor.com\/jujuy\/capitanich-anuncio-una-mision-de-busqueda-de-inversiones-de-ee-uu-para-el-norte-grande\/","title":{"rendered":"Capitanich anunci\u00f3 una misi\u00f3n de b\u00fasqueda de inversiones de EE.UU. para el Norte Grande"},"content":{"rendered":"\n<p class=\"has-medium-font-size\"><strong><em>El gobernador chaque\u00f1o, Jorge Capitanich, detall\u00f3 las tem\u00e1ticas abordadas en la 12\u00b0 Asamblea del Consejo Regional del Norte Grande y los pr\u00f3ximos pasos a seguir para fortalecer el desarrollo productivo del norte grande argentino<\/em><\/strong>.<\/p>\n\n\n\n<div class=\"wp-block-image\"><figure class=\"aligncenter size-large\"><img decoding=\"async\" loading=\"lazy\" width=\"840\" height=\"472\" src=\"https:\/\/notinor.com\/jujuy\/wp-content\/uploads\/2022\/08\/630501b35dbee_900-840x472.jpg\" alt=\"\" class=\"wp-image-351143\" srcset=\"https:\/\/notinor.com\/jujuy\/wp-content\/uploads\/2022\/08\/630501b35dbee_900-840x472.jpg 840w, https:\/\/notinor.com\/jujuy\/wp-content\/uploads\/2022\/08\/630501b35dbee_900-649x365.jpg 649w, https:\/\/notinor.com\/jujuy\/wp-content\/uploads\/2022\/08\/630501b35dbee_900-500x280.jpg 500w, https:\/\/notinor.com\/jujuy\/wp-content\/uploads\/2022\/08\/630501b35dbee_900-768x432.jpg 768w, https:\/\/notinor.com\/jujuy\/wp-content\/uploads\/2022\/08\/630501b35dbee_900-750x422.jpg 750w, https:\/\/notinor.com\/jujuy\/wp-content\/uploads\/2022\/08\/630501b35dbee_900.jpg 900w\" sizes=\"(max-width: 840px) 100vw, 840px\" \/><\/figure><\/div>\n\n\n\n<p><strong>El gobernador de Chaco, Jorge Capitanich, anunci\u00f3 una misi\u00f3n de b\u00fasqueda de inversiones de los Estados Unidos para el Norte Grande<\/strong>. As\u00ed lo anticip\u00f3 en la reuni\u00f3n que tuvo lugar este martes en Jujuy de los 10 gobernadores del Norte Grande.<\/p>\n\n\n\n<p>En primer lugar, <strong>Capitanich realiz\u00f3 un balance sobre las tem\u00e1ticas abordadas por los mandatarios provinciales durante la asamblea y las expectativas de gesti\u00f3n para el futuro. <\/strong>En ese sentido, recalc\u00f3 la construcci\u00f3n colectiva de una hoja de ruta com\u00fan para todas las provincias involucradas en el crecimiento de la regi\u00f3n.<\/p>\n\n\n\n<p>Siguiendo con la agenda de trabajo conjunta que se estableci\u00f3, <strong>el 8 de septiembre en la provincia que comanda Capitanich se llevar\u00e1 a cabo la 13\u00b0 Asamblea del Consejo Regional del Norte<\/strong>, en el marco de la Expo Norte Grande que tendr\u00e1 lugar ese mes y donde se espera tenga concreci\u00f3n el plan del corredor bioce\u00e1nico del Norte Grande, que ser\u00e1 detallado en esa cita.<\/p>\n\n\n\n<div class=\"wp-block-image\"><figure class=\"aligncenter\"><img decoding=\"async\" src=\"https:\/\/images.pagina12.com.ar\/styles\/focal_3_2_960x640\/public\/2022-08\/619969-22-08-2022-salta-los-gobernadores-del-norte.jpg?itok=5doUIoOl\" alt=\"\"\/><\/figure><\/div>\n\n\n\n<p>Por otra parte, el gobernador de Jujuy afirm\u00f3: \u201c<strong>Es necesario fortalecer un plan federal de inversiones en materia energ\u00e9tica<\/strong>, para mejorar la baja, media y alta tensi\u00f3n. <strong>Es un plan de casi 500 millones de d\u00f3lares en ejecuci\u00f3n<\/strong>\u201d.<\/p>\n\n\n\n<p><strong>Otro punto trabajado por los gobernadores est\u00e1 relacionado con el abastecimiento de combustibles de cara al pr\u00f3ximo a\u00f1o<\/strong>, en el pico de demanda que habitualmente tiene lugar entre marzo a julio, con la idea de mantener el corte de biodiesel de 5% a 12,5% y tener garantizada as\u00ed la provisi\u00f3n.<\/p>\n\n\n\n<p><strong>Capitanich destac\u00f3 el plan de inversi\u00f3n de energ\u00edas renovables y energ\u00eda solar <\/strong>para que se puedan ejecutar capacidades en 1000 megavatios, porque ya se han recibido manifestaciones de inter\u00e9s en esta materia, anticip\u00f3.<\/p>\n\n\n\n<p><strong>Los medicamentos son otro eje de la agenda.<\/strong> \u201c<strong>Hemos solicitado una red de proveedores de insumos para intercambio compensado para nuestras provincias con el objeto de mejorar el precio y la accesibilidad de medicamentos,<\/strong> y as\u00ed tambi\u00e9n impulsar el acuerdo para la garant\u00eda de inversiones que est\u00e1 para su tratamiento en el Senado de la Naci\u00f3n\u201d.<\/p>\n\n\n\n<p class=\"has-medium-font-size\"><strong>Misi\u00f3n a los Estados Unidos<\/strong><\/p>\n\n\n\n<p><strong>Gobernadores del Norte Grande participar\u00e1n de una misi\u00f3n\u00a0de trabajo en los Estados Unidos, con fecha fijada para el 25 de septiembre y con una agenda de trabajo de atracci\u00f3n de inversiones y de car\u00e1cter institucional<\/strong>, con organismos multilaterales de cr\u00e9dito. \u201c<strong>El litio ser\u00e1 un tema clave<\/strong>, junto a las industrias del complejo textil y las nuevas tecnolog\u00edas\u201d, se\u00f1al\u00f3 Capitanich.<\/p>\n\n\n\n<blockquote class=\"wp-block-quote\"><p><strong>Gobernadores del Norte Grande participar\u00e1n de una misi\u00f3n\u00a0de trabajo en los Estados Unidos, con fecha fijada para el 25 de septiembre.<\/strong><\/p><\/blockquote>\n\n\n\n<p>El gobernador chaque\u00f1o indic\u00f3 que <strong>en relaci\u00f3n a la presentaci\u00f3n del presupuesto general para el 2023<\/strong>,<strong> se ha propuesto que es necesario contemplar para toda la regi\u00f3n el subsidio al transporte y la concreci\u00f3n del corredor bioce\u00e1nico<\/strong>.\u00a0\u201cLa agencia de comercio exterior del Consejo Federal de Inversiones (CFI) est\u00e1 en movimiento y e<strong>l 8 de septiembre se va a presentar un plan de trabajo en la Asamblea de Chaco<\/strong>\u201d, detall\u00f3.<\/p>\n\n\n\n<p>Para finalizar, indic\u00f3 que <strong>este tipo de eventos son muy positivos, ya que se re\u00fanen en \u00e9l 10 gobernadores de diferentes signos pol\u00edticos pero que piensan de manera parecida <\/strong>para promover la integraci\u00f3n regional y el desarrollo productivo de toda la zona.<\/p>\n","protected":false},"excerpt":{"rendered":"<p>El gobernador chaque\u00f1o, Jorge Capitanich, detall\u00f3 las tem\u00e1ticas abordadas en la 12\u00b0 Asamblea del Consejo Regional del Norte Grande y los pr\u00f3ximos pasos a seguir para fortalecer el desarrollo productivo del norte grande argentino. El gobernador de Chaco, Jorge Capitanich, anunci\u00f3 una misi\u00f3n de b\u00fasqueda de inversiones de los Estados Unidos para el Norte Grande. [&hellip;]<\/p>\n","protected":false},"author":51,"featured_media":351144,"comment_status":"open","ping_status":"open","sticky":false,"template":"","format":"standard","meta":{"_stopmodifiedupdate":false,"_modified_date":"","inline_featured_image":false,"spay_email":"","jetpack_publicize_message":""},"categories":[2,676],"tags":[],"jetpack_featured_media_url":"https:\/\/notinor.com\/jujuy\/wp-content\/uploads\/2022\/08\/630501b35dbee_900-1.jpg","jetpack_publicize_connections":[],"_links":{"self":[{"href":"https:\/\/notinor.com\/jujuy\/wp-json\/wp\/v2\/posts\/351141"}],"collection":[{"href":"https:\/\/notinor.com\/jujuy\/wp-json\/wp\/v2\/posts"}],"about":[{"href":"https:\/\/notinor.com\/jujuy\/wp-json\/wp\/v2\/types\/post"}],"author":[{"embeddable":true,"href":"https:\/\/notinor.com\/jujuy\/wp-json\/wp\/v2\/users\/51"}],"replies":[{"embeddable":true,"href":"https:\/\/notinor.com\/jujuy\/wp-json\/wp\/v2\/comments?post=351141"}],"version-history":[{"count":2,"href":"https:\/\/notinor.com\/jujuy\/wp-json\/wp\/v2\/posts\/351141\/revisions"}],"predecessor-version":[{"id":351145,"href":"https:\/\/notinor.com\/jujuy\/wp-json\/wp\/v2\/posts\/351141\/revisions\/351145"}],"wp:featuredmedia":[{"embeddable":true,"href":"https:\/\/notinor.com\/jujuy\/wp-json\/wp\/v2\/media\/351144"}],"wp:attachment":[{"href":"https:\/\/notinor.com\/jujuy\/wp-json\/wp\/v2\/media?parent=351141"}],"wp:term":[{"taxonomy":"category","embeddable":true,"href":"https:\/\/notinor.com\/jujuy\/wp-json\/wp\/v2\/categories?post=351141"},{"taxonomy":"post_tag","embeddable":true,"href":"https:\/\/notinor.com\/jujuy\/wp-json\/wp\/v2\/tags?post=351141"}],"curies":[{"name":"wp","href":"https:\/\/api.w.org\/{rel}","templated":true}]}}