{"id":351132,"date":"2022-08-23T16:36:50","date_gmt":"2022-08-23T19:36:50","guid":{"rendered":"https:\/\/notinor.com\/jujuy\/?p=351132"},"modified":"2022-08-23T16:36:55","modified_gmt":"2022-08-23T19:36:55","slug":"gobernadores-del-norte-grande-reunidos-en-jujuy-avanzan-en-agenda-de-trabajo-conjunta","status":"publish","type":"post","link":"https:\/\/notinor.com\/jujuy\/gobernadores-del-norte-grande-reunidos-en-jujuy-avanzan-en-agenda-de-trabajo-conjunta\/","title":{"rendered":"Gobernadores del Norte Grande reunidos en Jujuy avanzan en agenda de trabajo conjunta"},"content":{"rendered":"\n<p class=\"has-medium-font-size\"><strong><em>Se llev\u00f3 a cabo, en la capital provincial, la 12\u00b0 Asamblea del Consejo Regional del Norte Grande. Los gobernadores de Jujuy, Salta, Tucum\u00e1n, Catamarca, Santiago del Estero, La Rioja, Misiones, Formosa, Chaco y Corrientes trabajaron sobre temas econ\u00f3micos y de integraci\u00f3n regional con una agenda en com\u00fan.<\/em><\/strong><\/p>\n\n\n\n<div class=\"wp-block-image\"><figure class=\"aligncenter size-large\"><img decoding=\"async\" loading=\"lazy\" width=\"769\" height=\"480\" src=\"https:\/\/notinor.com\/jujuy\/wp-content\/uploads\/2022\/08\/Morales-769x480.jpg\" alt=\"\" class=\"wp-image-351135\" srcset=\"https:\/\/notinor.com\/jujuy\/wp-content\/uploads\/2022\/08\/Morales-769x480.jpg 769w, https:\/\/notinor.com\/jujuy\/wp-content\/uploads\/2022\/08\/Morales-585x365.jpg 585w, https:\/\/notinor.com\/jujuy\/wp-content\/uploads\/2022\/08\/Morales-768x479.jpg 768w, https:\/\/notinor.com\/jujuy\/wp-content\/uploads\/2022\/08\/Morales-750x468.jpg 750w, https:\/\/notinor.com\/jujuy\/wp-content\/uploads\/2022\/08\/Morales.jpg 931w\" sizes=\"(max-width: 769px) 100vw, 769px\" \/><\/figure><\/div>\n\n\n\n<p><strong>Gobernadores del Norte Grande se reunieron este martes en Jujuy<\/strong>, en un d\u00eda que es feriado en la provincia por la conmemoraci\u00f3n del \u201c\u00c9xodo Juje\u00f1o\u201d. Los mandatarios de Jujuy, Salta, Tucum\u00e1n, Catamarca, Santiago del Estero, La Rioja, Misiones, Formosa, Chaco y Corrientes <strong>trabajaron sobre temas econ\u00f3micos y de integraci\u00f3n regional con una agenda en com\u00fan.<\/strong><\/p>\n\n\n\n<p><strong>El Gobernador de Jujuy, Gerardo Morales, agradeci\u00f3 la presencia en el encuentro del Jefe de Gabinete de la Naci\u00f3n, Juan Manzur<\/strong> y destac\u00f3 su gesti\u00f3n, primero como gobernador de Tucum\u00e1n, y ahora como jefe de ministros nacional.<\/p>\n\n\n\n<p>Por otra parte, <strong>el mandatario provincial agradeci\u00f3 el compromiso del ministro de Turismo y Deportes de Naci\u00f3n, Mat\u00edas Lammens<\/strong>, <strong>por su compromiso y trabajo con todas las provincias del norte del pa\u00eds<\/strong> para impulsar las dos industrias que lidera su cartera, as\u00ed como tambi\u00e9n <strong>dio gracias por la participaci\u00f3n de todos los gobernadores de las provincias del NOA y del NEA<\/strong> que asistieron al plenario en la provincia, en un d\u00eda tan importante por la celebraci\u00f3n del \u201c\u00c9xodo Juje\u00f1o\u201d.<\/p>\n\n\n\n<p>\u201c<strong>En Jujuy y en el norte argentino, hemos aportado generaciones de hombres y mujeres para que hoy seamos una naci\u00f3n<\/strong>\u201d, afirm\u00f3 Morales. Tambi\u00e9n indic\u00f3 que<strong> se continuar\u00e1 con el trabajo iniciado en septiembre, mes cuando se lleve a cabo nuevamente una reuni\u00f3n de gobernadores en Chaco.<\/strong><\/p>\n\n\n\n<div class=\"wp-block-image\"><figure class=\"aligncenter size-full is-resized\"><img decoding=\"async\" loading=\"lazy\" src=\"https:\/\/notinor.com\/jujuy\/wp-content\/uploads\/2022\/08\/e191d87c-e96a-4593-8dc5-7ba1c376fa28.jpg\" alt=\"\" class=\"wp-image-351137\" width=\"734\" height=\"362\"\/><\/figure><\/div>\n\n\n\n<p>Por su parte, <strong>Manzur agradeci\u00f3 a Morales y a todo el pueblo de Jujuy<\/strong>, por el grato recibimiento recibido y por poder participar de los festejos que se llevan adelante este 23 de Agosto. \u201cEn el marco de un pa\u00eds profundamente federal, esta reuni\u00f3n de gobernadores del norte grande, con propuestas, con iniciativas y proyectos, <strong>constituye una mirada integral para toda la regi\u00f3n<\/strong>\u201d, indic\u00f3.<\/p>\n\n\n\n<p>Por otra parte, el Jefe de Gabinete indic\u00f3 que en este espacio <strong>se pone al bien com\u00fan como el principal objetivo de trabajo<\/strong> con una agenda muy ambiciosa y que de a poco se van dando pasos firmes para concretar las metas fijadas en esa direcci\u00f3n. <\/p>\n\n\n\n<p>\u201c<strong>Todo tiene que ver con mejorar la calidad\u00a0 de vida de nuestra gente del norte argentino. <\/strong>Los 10 gobernadores de las provincias presentes tienen que saber que <strong>el Gobierno nacional en pleno va a acompa\u00f1ar a esta iniciativa<\/strong> en el marco del di\u00e1logo fruct\u00edfero y de acercar posiciones con consenso para avanzar en la direcci\u00f3n propuesta\u201d, remarc\u00f3. <\/p>\n\n\n\n<p>Para finalizar, Manzur afirm\u00f3 que de parte de Naci\u00f3n se viene a sumar y coordinar esfuerzo porque el norte argentino tiene un gran potencial de desarrollo. \u201c<strong>Lo mejor que tiene es su gente, el norte tiene que despegar a un destino de grandeza<\/strong>\u201d, concluy\u00f3.<\/p>\n","protected":false},"excerpt":{"rendered":"<p>Se llev\u00f3 a cabo, en la capital provincial, la 12\u00b0 Asamblea del Consejo Regional del Norte Grande. Los gobernadores de Jujuy, Salta, Tucum\u00e1n, Catamarca, Santiago del Estero, La Rioja, Misiones, Formosa, Chaco y Corrientes trabajaron sobre temas econ\u00f3micos y de integraci\u00f3n regional con una agenda en com\u00fan. Gobernadores del Norte Grande se reunieron este martes [&hellip;]<\/p>\n","protected":false},"author":51,"featured_media":351136,"comment_status":"open","ping_status":"open","sticky":false,"template":"","format":"standard","meta":{"_stopmodifiedupdate":false,"_modified_date":"","inline_featured_image":false,"spay_email":"","jetpack_publicize_message":""},"categories":[2,501],"tags":[],"jetpack_featured_media_url":"https:\/\/notinor.com\/jujuy\/wp-content\/uploads\/2022\/08\/Morales-1.jpg","jetpack_publicize_connections":[],"_links":{"self":[{"href":"https:\/\/notinor.com\/jujuy\/wp-json\/wp\/v2\/posts\/351132"}],"collection":[{"href":"https:\/\/notinor.com\/jujuy\/wp-json\/wp\/v2\/posts"}],"about":[{"href":"https:\/\/notinor.com\/jujuy\/wp-json\/wp\/v2\/types\/post"}],"author":[{"embeddable":true,"href":"https:\/\/notinor.com\/jujuy\/wp-json\/wp\/v2\/users\/51"}],"replies":[{"embeddable":true,"href":"https:\/\/notinor.com\/jujuy\/wp-json\/wp\/v2\/comments?post=351132"}],"version-history":[{"count":3,"href":"https:\/\/notinor.com\/jujuy\/wp-json\/wp\/v2\/posts\/351132\/revisions"}],"predecessor-version":[{"id":351139,"href":"https:\/\/notinor.com\/jujuy\/wp-json\/wp\/v2\/posts\/351132\/revisions\/351139"}],"wp:featuredmedia":[{"embeddable":true,"href":"https:\/\/notinor.com\/jujuy\/wp-json\/wp\/v2\/media\/351136"}],"wp:attachment":[{"href":"https:\/\/notinor.com\/jujuy\/wp-json\/wp\/v2\/media?parent=351132"}],"wp:term":[{"taxonomy":"category","embeddable":true,"href":"https:\/\/notinor.com\/jujuy\/wp-json\/wp\/v2\/categories?post=351132"},{"taxonomy":"post_tag","embeddable":true,"href":"https:\/\/notinor.com\/jujuy\/wp-json\/wp\/v2\/tags?post=351132"}],"curies":[{"name":"wp","href":"https:\/\/api.w.org\/{rel}","templated":true}]}}