{"id":351113,"date":"2022-08-23T12:45:54","date_gmt":"2022-08-23T15:45:54","guid":{"rendered":"https:\/\/notinor.com\/jujuy\/?p=351113"},"modified":"2022-08-23T12:46:34","modified_gmt":"2022-08-23T15:46:34","slug":"la-uninoa-se-reunio-en-jujuy","status":"publish","type":"post","link":"https:\/\/notinor.com\/jujuy\/la-uninoa-se-reunio-en-jujuy\/","title":{"rendered":"La Uninoa se reuni\u00f3 en Jujuy"},"content":{"rendered":"\n<p><strong><em>Los presidentes de las Uniones Industriales de las Provincias del Norte Argentino (Uninoa), se reunieron en Jujuy y mantuvieron una extensa agenda de actividades y reuniones, con funcionarios nacionales, provinciales y con sus pares de la provincia.<\/em><\/strong><\/p>\n\n\n\n<div class=\"wp-block-image\"><figure class=\"aligncenter size-large\"><img decoding=\"async\" loading=\"lazy\" width=\"640\" height=\"480\" src=\"https:\/\/notinor.com\/jujuy\/wp-content\/uploads\/2022\/08\/UNINOA-640x480.jpg\" alt=\"\" class=\"wp-image-351120\" srcset=\"https:\/\/notinor.com\/jujuy\/wp-content\/uploads\/2022\/08\/UNINOA-640x480.jpg 640w, https:\/\/notinor.com\/jujuy\/wp-content\/uploads\/2022\/08\/UNINOA-487x365.jpg 487w, https:\/\/notinor.com\/jujuy\/wp-content\/uploads\/2022\/08\/UNINOA-768x576.jpg 768w, https:\/\/notinor.com\/jujuy\/wp-content\/uploads\/2022\/08\/UNINOA-1536x1152.jpg 1536w, https:\/\/notinor.com\/jujuy\/wp-content\/uploads\/2022\/08\/UNINOA-750x563.jpg 750w, https:\/\/notinor.com\/jujuy\/wp-content\/uploads\/2022\/08\/UNINOA-1140x855.jpg 1140w, https:\/\/notinor.com\/jujuy\/wp-content\/uploads\/2022\/08\/UNINOA.jpg 1600w\" sizes=\"(max-width: 640px) 100vw, 640px\" \/><\/figure><\/div>\n\n\n\n<p><strong>En la ciudad de San Salvador, compartieron un almuerzo y reuni\u00f3n informal con la Secretaria de Energ\u00eda de la Naci\u00f3n, Flavia Roy\u00f3n, a los ministros de Producci\u00f3n de Jujuy, Dr. Exequiel Lello Ivanicevich, de Salta, Ing. Mart\u00edn de los R\u00edos, y de Tucum\u00e1n, Ing. Alvaro Sim\u00f3n Padr\u00f3s, y el presidente de Instituto Nacional de Tecnolog\u00eda Industrial (INTI), Dr. Rub\u00e9n Geneyro<\/strong>.<\/p>\n\n\n\n<p><strong>En este marco los miembros de la Uninoa expresaron los temas que preocupan a la actividad industrial, entre otros<\/strong>:<\/p>\n\n\n\n<p><strong>a) Instrumentaci\u00f3n de Tarifas Planas de Energ\u00eda El\u00e9ctrica y Gas para las industrias y agroindustrias ubicadas en la regi\u00f3n del Norte Argentino;<br>b) <\/strong>I<strong>nstrumentaci\u00f3n mediante computo como cr\u00e9dito fiscal del impuesto al valor agregado, la reducci\u00f3n de contribuciones patronales con destinos a los subsistemas de la seguridad social regidas por las leyes n\u00b0 19.032, 24.013, 24.241 y 24.714, similar al r\u00e9gimen ya derogado del Decreto N\u00b0 814\/01;<\/strong><\/p>\n\n\n\n<p>\u00a8Por UNINOA, estuvieron presentes los siguientes miembros: Paula Bibini, por Salta, Jos\u00e9 Mar\u00eda Cantos, por Santiago del Estero, Bogos Ekserciyan, por La Rioja, Diego Colonna por Catamarca, Carlos Manzur por Misiones y Federico Gatti por Jujuy.<\/p>\n","protected":false},"excerpt":{"rendered":"<p>Los presidentes de las Uniones Industriales de las Provincias del Norte Argentino (Uninoa), se reunieron en Jujuy y mantuvieron una extensa agenda de actividades y reuniones, con funcionarios nacionales, provinciales y con sus pares de la provincia. En la ciudad de San Salvador, compartieron un almuerzo y reuni\u00f3n informal con la Secretaria de Energ\u00eda de [&hellip;]<\/p>\n","protected":false},"author":5,"featured_media":351120,"comment_status":"open","ping_status":"open","sticky":false,"template":"","format":"standard","meta":{"_stopmodifiedupdate":false,"_modified_date":"","inline_featured_image":false,"spay_email":"","jetpack_publicize_message":""},"categories":[4],"tags":[1884,19],"jetpack_featured_media_url":"https:\/\/notinor.com\/jujuy\/wp-content\/uploads\/2022\/08\/UNINOA.jpg","jetpack_publicize_connections":[],"_links":{"self":[{"href":"https:\/\/notinor.com\/jujuy\/wp-json\/wp\/v2\/posts\/351113"}],"collection":[{"href":"https:\/\/notinor.com\/jujuy\/wp-json\/wp\/v2\/posts"}],"about":[{"href":"https:\/\/notinor.com\/jujuy\/wp-json\/wp\/v2\/types\/post"}],"author":[{"embeddable":true,"href":"https:\/\/notinor.com\/jujuy\/wp-json\/wp\/v2\/users\/5"}],"replies":[{"embeddable":true,"href":"https:\/\/notinor.com\/jujuy\/wp-json\/wp\/v2\/comments?post=351113"}],"version-history":[{"count":1,"href":"https:\/\/notinor.com\/jujuy\/wp-json\/wp\/v2\/posts\/351113\/revisions"}],"predecessor-version":[{"id":351122,"href":"https:\/\/notinor.com\/jujuy\/wp-json\/wp\/v2\/posts\/351113\/revisions\/351122"}],"wp:featuredmedia":[{"embeddable":true,"href":"https:\/\/notinor.com\/jujuy\/wp-json\/wp\/v2\/media\/351120"}],"wp:attachment":[{"href":"https:\/\/notinor.com\/jujuy\/wp-json\/wp\/v2\/media?parent=351113"}],"wp:term":[{"taxonomy":"category","embeddable":true,"href":"https:\/\/notinor.com\/jujuy\/wp-json\/wp\/v2\/categories?post=351113"},{"taxonomy":"post_tag","embeddable":true,"href":"https:\/\/notinor.com\/jujuy\/wp-json\/wp\/v2\/tags?post=351113"}],"curies":[{"name":"wp","href":"https:\/\/api.w.org\/{rel}","templated":true}]}}