{"id":351105,"date":"2022-08-23T12:18:16","date_gmt":"2022-08-23T15:18:16","guid":{"rendered":"https:\/\/notinor.com\/jujuy\/?p=351105"},"modified":"2022-08-24T16:17:20","modified_gmt":"2022-08-24T19:17:20","slug":"bebes-muertos-en-cordoba-confirman-que-les-inyectaron-potasio-intencionalmente","status":"publish","type":"post","link":"https:\/\/notinor.com\/jujuy\/bebes-muertos-en-cordoba-confirman-que-les-inyectaron-potasio-intencionalmente\/","title":{"rendered":"Beb\u00e9s muertos en C\u00f3rdoba: confirman que les inyectaron potasio intencionalmente"},"content":{"rendered":"\n<p class=\"has-medium-font-size\"><strong><em>Tras los resultados de la investigaci\u00f3n, las miradas se centran en la \u00fanica enfermera detenida e imputada<\/em><\/strong><\/p>\n\n\n\n<div class=\"wp-block-image\"><figure class=\"aligncenter size-large is-resized\"><img decoding=\"async\" loading=\"lazy\" src=\"https:\/\/notinor.com\/jujuy\/wp-content\/uploads\/2022\/08\/BEBES-1-717x480.jpg\" alt=\"\" class=\"wp-image-351111\" width=\"707\" height=\"473\" srcset=\"https:\/\/notinor.com\/jujuy\/wp-content\/uploads\/2022\/08\/BEBES-1-717x480.jpg 717w, https:\/\/notinor.com\/jujuy\/wp-content\/uploads\/2022\/08\/BEBES-1-545x365.jpg 545w, https:\/\/notinor.com\/jujuy\/wp-content\/uploads\/2022\/08\/BEBES-1-768x514.jpg 768w, https:\/\/notinor.com\/jujuy\/wp-content\/uploads\/2022\/08\/BEBES-1-750x502.jpg 750w, https:\/\/notinor.com\/jujuy\/wp-content\/uploads\/2022\/08\/BEBES-1.jpg 851w\" sizes=\"(max-width: 707px) 100vw, 707px\" \/><\/figure><\/div>\n\n\n\n<p><strong>Un nuevo avance en la investigaci\u00f3n por la muerte de cinco beb\u00e9s nacidos en el Hospital Materno Neonatal Ram\u00f3n Carrillo, de C\u00f3rdoba, demostr\u00f3 que perdieron la vida debido a un cuadro de \u201chiperpotasemia por exceso de potasio\u201d <\/strong>que fue \u201cinyectada de manera intencional\u201d. As\u00ed lo reflejan los resultados de la autopsia a dos peque\u00f1os que fallecieron pocos despu\u00e9s de nacer. Actualmente, la causa cuenta con una enfermera detenida e imputada.<\/p>\n\n\n\n<p><strong>\u201cSe detectaron sustancias t\u00f3xicas incompatibles con la vida\u201d, resaltan los datos forenses correspondientes a las autopsias de los reci\u00e9n nacidos, realizadas el 6 de junio pasado. <\/strong>Hasta el momento, estas son las \u00fanicas que se realizaron a partir de las sospechosas muertes que motivaron la investigaci\u00f3n judicial, la cual se encuentra a cargo del fiscal de Instrucci\u00f3n Ra\u00fal Garz\u00f3n.<\/p>\n\n\n\n<p>El funcionario judicial realiza tr\u00e1mites procesales para determinar si, adem\u00e1s de la enfermera detenida, existen otros responsables sobre la presunta mala praxis o intencionalidad de los resultados arrojados en los ex\u00e1menes. <strong>Por esa raz\u00f3n recibi\u00f3 a los abogados querellantes y representantes legales de los empleados del centro de salud p\u00fablico provincial, donde ocurrieron las muertes.<\/strong><\/p>\n\n\n\n<p class=\"has-medium-font-size\"><strong>La enfermera detenida<\/strong><\/p>\n\n\n\n<p><strong>Hasta el momento, Brenda Ag\u00fcero, de 27 a\u00f1os, es la \u00fanica detenida e imputada por esta causa. <\/strong>La enfermera fue acusada como presunta autora del delito de \u2018homicidio calificado reiterado por procedimiento insidioso\u2019 y fue alojada en el penal local de Bouwer.<\/p>\n\n\n\n<p><strong>Al respecto, el fiscal hab\u00eda declarado que a la enfermera se la detiene por dos hechos concretos, que son los que al d\u00eda de la fecha se avanz\u00f3 en los estudios complementarios de las autopsias. <\/strong>La decisi\u00f3n de Garz\u00f3n surge a partir de un patr\u00f3n que se repiti\u00f3 en los beb\u00e9s fallecidos, un cuarto pinchazo que correspond\u00eda al potasio y que se los habr\u00eda aplicado Ag\u00fcero. Habitualmente, a los reci\u00e9n nacidos solo se los inocula con tres: en el caso de vacunas, se colocan la hepatitis B y la BCG, y en medicaci\u00f3n, la vitamina K.<\/p>\n\n\n\n<div class=\"wp-block-image\"><figure class=\"aligncenter is-resized\"><img decoding=\"async\" loading=\"lazy\" src=\"https:\/\/www.clarin.com\/img\/2022\/08\/16\/familiares-pidieron-justicia-por-el___t2PPWD3Y3_720x0__1.jpg\" alt=\"Beb\u00e9s muertos en C\u00f3rdoba: la autopsia confirm\u00f3 que les inyectaron potasio  &quot;de manera intencional&quot;\" width=\"751\" height=\"501\"\/><\/figure><\/div>\n\n\n\n<p><strong>\u201cObviamente que es una instancia preliminar, falta complementar sobre los otros hechos\u201d, hab\u00eda manifestado Garz\u00f3n tras la detenci\u00f3n de la enfermera<\/strong> y precis\u00f3 que, si bien la investigaci\u00f3n inicial se dio sobre cinco beb\u00e9s muertos, en total son 13 los casos que se estudian entre los fallecidos y otros que sufrieron serias consecuencias y sobrevivieron. A ra\u00edz de la investigaci\u00f3n tambi\u00e9n imput\u00f3 a tres exdirectivos del Neonatal \u2014 entre ellos la exdirectora, Liliana As\u00eds\u2014 quienes est\u00e1n acusados por responsabilidades mediatas, vinculadas a su funci\u00f3n, como la omisi\u00f3n de deberes de funcionario p\u00fablico.<\/p>\n\n\n\n<p><strong>Por otra parte, Garz\u00f3n resolvi\u00f3 designar a Eduardo Caeiro como representante legal de los beb\u00e9s fallecidos y de los que sobrevivieron. <\/strong>Mientras la investigaci\u00f3n avanza crecen los rumores sobre los trabajos del Hospital Materno Neonatal, por esa raz\u00f3n, cerca del mediod\u00eda, trabajadores de salud del establecimiento realizaron un \u2018abrazo solidario\u2019 alrededor de ese lugar para pedir justicia por los beb\u00e9s fallecidos y sus familiares, y tambi\u00e9n por solidaridad y justicia para quienes trabajan d\u00eda a d\u00eda y no tienen ninguna relaci\u00f3n con las muertes que se investigan. <\/p>\n\n\n\n<p>La iniciativa de la manifestaci\u00f3n fue de la Asociaci\u00f3n de Enfermer\u00eda de C\u00f3rdoba, entidad que poste\u00f3 en las redes sociales que el establecimiento \u201cseguir\u00e1 demostrando, como lo ha hecho a lo largo de estos 23 a\u00f1os, que esto nada ha tenido que ver con el esp\u00edritu solidario, la entrega, el profesionalismo y la pericia\u201d de todos los que integran el centro asistencial. <strong>De acuerdo a los datos oficiales, los fallecimientos de los beb\u00e9s ocurrieron el 18 de marzo, el 23 de abril, el 23 de mayo y dos (decesos) el 6 de junio de este a\u00f1o.<\/strong><\/p>\n\n\n\n<div class=\"wp-block-image\"><figure class=\"aligncenter is-resized\"><img decoding=\"async\" loading=\"lazy\" src=\"https:\/\/www.rionegro.com.ar\/wp-content\/uploads\/2022\/08\/Hospital-neonatala-cordoba.jpg\" alt=\"Detuvieron a una enfermera por la muerte de cinco beb\u00e9s en un hospital de  C\u00f3rdoba\" width=\"783\" height=\"420\"\/><\/figure><\/div>\n","protected":false},"excerpt":{"rendered":"<p>Tras los resultados de la investigaci\u00f3n, las miradas se centran en la \u00fanica enfermera detenida e imputada Un nuevo avance en la investigaci\u00f3n por la muerte de cinco beb\u00e9s nacidos en el Hospital Materno Neonatal Ram\u00f3n Carrillo, de C\u00f3rdoba, demostr\u00f3 que perdieron la vida debido a un cuadro de \u201chiperpotasemia por exceso de potasio\u201d que [&hellip;]<\/p>\n","protected":false},"author":5,"featured_media":351107,"comment_status":"open","ping_status":"open","sticky":false,"template":"","format":"standard","meta":{"_stopmodifiedupdate":false,"_modified_date":"","inline_featured_image":false,"spay_email":"","jetpack_publicize_message":""},"categories":[5],"tags":[],"jetpack_featured_media_url":"https:\/\/notinor.com\/jujuy\/wp-content\/uploads\/2022\/08\/BEBES.jpg","jetpack_publicize_connections":[],"_links":{"self":[{"href":"https:\/\/notinor.com\/jujuy\/wp-json\/wp\/v2\/posts\/351105"}],"collection":[{"href":"https:\/\/notinor.com\/jujuy\/wp-json\/wp\/v2\/posts"}],"about":[{"href":"https:\/\/notinor.com\/jujuy\/wp-json\/wp\/v2\/types\/post"}],"author":[{"embeddable":true,"href":"https:\/\/notinor.com\/jujuy\/wp-json\/wp\/v2\/users\/5"}],"replies":[{"embeddable":true,"href":"https:\/\/notinor.com\/jujuy\/wp-json\/wp\/v2\/comments?post=351105"}],"version-history":[{"count":4,"href":"https:\/\/notinor.com\/jujuy\/wp-json\/wp\/v2\/posts\/351105\/revisions"}],"predecessor-version":[{"id":351223,"href":"https:\/\/notinor.com\/jujuy\/wp-json\/wp\/v2\/posts\/351105\/revisions\/351223"}],"wp:featuredmedia":[{"embeddable":true,"href":"https:\/\/notinor.com\/jujuy\/wp-json\/wp\/v2\/media\/351107"}],"wp:attachment":[{"href":"https:\/\/notinor.com\/jujuy\/wp-json\/wp\/v2\/media?parent=351105"}],"wp:term":[{"taxonomy":"category","embeddable":true,"href":"https:\/\/notinor.com\/jujuy\/wp-json\/wp\/v2\/categories?post=351105"},{"taxonomy":"post_tag","embeddable":true,"href":"https:\/\/notinor.com\/jujuy\/wp-json\/wp\/v2\/tags?post=351105"}],"curies":[{"name":"wp","href":"https:\/\/api.w.org\/{rel}","templated":true}]}}