{"id":350987,"date":"2022-08-22T21:50:09","date_gmt":"2022-08-23T00:50:09","guid":{"rendered":"https:\/\/notinor.com\/jujuy\/?p=350987"},"modified":"2022-08-22T21:50:13","modified_gmt":"2022-08-23T00:50:13","slug":"desde-septiembre-el-salario-minimo-subira-un-7-y-sera-de-51-200-pesos","status":"publish","type":"post","link":"https:\/\/notinor.com\/jujuy\/desde-septiembre-el-salario-minimo-subira-un-7-y-sera-de-51-200-pesos\/","title":{"rendered":"Desde septiembre, el salario m\u00ednimo subir\u00e1 un 7% y ser\u00e1 de 51.200 pesos"},"content":{"rendered":"\n<p class=\"has-medium-font-size\"><strong><em>La decisi\u00f3n lleg\u00f3 tras la reuni\u00f3n del Consejo del Salario M\u00ednimo, Vital y M\u00f3vil, con representaci\u00f3n gremial, empresarial y del Gobierno. Para la totalidad del a\u00f1o, el incremento ser\u00e1 de 80,9%.<\/em><\/strong><\/p>\n\n\n\n<div class=\"wp-block-image\"><figure class=\"aligncenter size-large\"><img decoding=\"async\" loading=\"lazy\" width=\"800\" height=\"450\" src=\"https:\/\/notinor.com\/jujuy\/wp-content\/uploads\/2022\/08\/consejo-del-salario-minimo-vital-y-movil.jpg\" alt=\"\" class=\"wp-image-350988\" srcset=\"https:\/\/notinor.com\/jujuy\/wp-content\/uploads\/2022\/08\/consejo-del-salario-minimo-vital-y-movil.jpg 800w, https:\/\/notinor.com\/jujuy\/wp-content\/uploads\/2022\/08\/consejo-del-salario-minimo-vital-y-movil-649x365.jpg 649w, https:\/\/notinor.com\/jujuy\/wp-content\/uploads\/2022\/08\/consejo-del-salario-minimo-vital-y-movil-500x280.jpg 500w, https:\/\/notinor.com\/jujuy\/wp-content\/uploads\/2022\/08\/consejo-del-salario-minimo-vital-y-movil-768x432.jpg 768w, https:\/\/notinor.com\/jujuy\/wp-content\/uploads\/2022\/08\/consejo-del-salario-minimo-vital-y-movil-750x422.jpg 750w\" sizes=\"(max-width: 800px) 100vw, 800px\" \/><\/figure><\/div>\n\n\n\n<p><strong>Tras la reuni\u00f3n del Consejo del Salario M\u00ednimo Vital y M\u00f3vil se alcanz\u00f3 un acuerdo para aplicarle un aumento del 7% y que sea de 51.200 a partir de septiembre.<\/strong> <strong>Asimismo, se estableci\u00f3 que el sueldo m\u00ednimo alcanzar\u00e1 los $54.550 en octubre y $57.900 en noviembre.<\/strong> En ese mes, habr\u00e1 una revisi\u00f3n del monto, seg\u00fan se acord\u00f3. De esa forma, el salario m\u00ednimo tendr\u00e1 en diciembre un incremento interanual del 80,9% y en marzo de 2023 del 75,5%.<\/p>\n\n\n\n<p>Las partes acordaron entonces realizar un seguimiento de la situaci\u00f3n y volver a reunirse en caso de considerarlo necesario. El Consejo Nacional del Empleo, la Productividad y el Salario M\u00ednimo, Vital y M\u00f3vil convoca a 32 miembros, 16 por la parte trabajadora y 16 por la empleadora. <strong>Seg\u00fan se inform\u00f3, la votaci\u00f3n no fue un\u00e1nime en raz\u00f3n de la abstenci\u00f3n de Hugo Yasky, de la CTA, y del voto negativo de Ricardo Peidr\u00f3, de la CTA Aut\u00f3noma.<\/strong><\/p>\n\n\n\n<p>Empresarios y gremios mantuvieron esta tarde la discusi\u00f3n sobre un nuevo incremento al salario m\u00ednimo vital y m\u00f3vil con la mediaci\u00f3n del Ministerio de Trabajo. <strong>La suma acordada por las partes influir\u00e1 en el piso de remuneraciones para el sector privado pero adem\u00e1s tendr\u00e1 impacto en algunos programas de asistencia social del Estado.<\/strong><\/p>\n\n\n\n<p><strong>Esta revisi\u00f3n ya hab\u00eda sido prevista en la <\/strong>\u00faltima reuni\u00f3n que se realiz\u00f3 en marzo de este a\u00f1o y se resolvi\u00f3 una suba del 45% sobre la base del mes de marzo en cuatro tramos. A las 15 comenzaron las reuniones preliminares y pasadas las 18 se inici\u00f3 el plenario, encabezado por el ministro de Trabajo Claudio Moroni.<\/p>\n\n\n\n<p>De esta manera, de acuerdo al \u00faltimo acuerdo, el monto del salario m\u00ednimo, vital y m\u00f3vil, hab\u00eda pasado de $33.000 a $47.850 para agosto. El aumento definido fue de 18% en abril, 10% en junio, 10% en agosto y 7% en diciembre. <strong>En ese encuentro ya se hab\u00eda planteado la posibilidad de una revisi\u00f3n a pedido de las partes en agosto, que en virtud del alza de la inflaci\u00f3n se celebr\u00f3 hoy.<\/strong><\/p>\n\n\n\n<p><strong>El establecimiento de una nueva pauta m\u00ednima de remuneraciones tiene menos impacto en los convenios colectivos de trabajo privados<\/strong> -que en su gran mayor\u00eda ya est\u00e1n por encima del salario m\u00ednimo- como dentro del propio Estado. Esto sucede porque existen una serie de programas sociales que se actualizan de acuerdo al reajuste del piso de ingresos.<\/p>\n\n\n\n<p>Para el caso del programa Potenciar Trabajo, que depende del Ministerio de Desarrollo Social, <strong>sus montos se actualizan con los mismos porcentajes que el salario m\u00ednimo.<\/strong> El programa implica una carga horaria de media jornada (cuatro horas) en trabajos de distintos rubros, y recibe un monto igual al 50% del salario m\u00ednimo.<\/p>\n\n\n\n<p><strong>Un cambio en el salario m\u00ednimo tambi\u00e9n impacta en parte del sistema previsional. <\/strong>Es el caso de las jubilaciones de personas que completen los 30 a\u00f1os de aportes: sus haberes deber\u00e1n ser como m\u00ednimo equivalentes al 82% del salario m\u00ednimo, vital y m\u00f3vil.<\/p>\n\n\n\n<p>Existen una serie de programas sociales que se actualizan de acuerdo al reajuste del piso de ingresos, como el <strong>Potenciar Trabajo, Becas Progresar, jubilaciones y seguro de desempleo<\/strong><\/p>\n\n\n\n<p><strong>En el caso de las Becas Progresar el impacto es indirecto.<\/strong> Para esta ayuda salarial dirigida a estudiantes universitarios, el salario m\u00ednimo vital y m\u00f3vil funciona como tope para la entrega de la beca de estudio. El beneficiario, menor de 24 a\u00f1os, lo cobra si su familia gana menos de tres salarios m\u00ednimos. Por \u00faltimo, la prestaci\u00f3n que otorga Anses por desocupaci\u00f3n replica el mismo ritmo de suba que se acuerde para el piso de remuneraciones.<\/p>\n\n\n\n<p>Estuvieron presentes en la reuni\u00f3n virtual los empresarios Daniel Funes de Rioja (Uni\u00f3n Industrial Argentina), Carlos Achetoni (Federaci\u00f3n Agraria), Pedro Apaolaza (CRA), Javier Bolzico (Adeba), Jaime Campos (AEA), Pablo Devoto (C\u00e1mara de Comercio), Adelmo Gabbi (Bolsa de Comercio), y Nicol\u00e1s Pino (Sociedad Rural).<\/p>\n\n\n\n<p>Por su parte, entre los sindicalistas se anotaron Carlos Acu\u00f1a (Estaciones de servicio), Roberto Baradel (docentes), Daniel Catalano (CTA), H\u00e9ctor Daer (CGT), Rodolfo Daer (alimentaci\u00f3n), Abel Furl\u00e1n (metal\u00fargicos), Hugo \u201cCachorro\u201d Godoy (estatales ATE), Jos\u00e9 Luis Lingeri (obras sanitarias), Gerardo Mart\u00ednez (construcci\u00f3n), Pablo Moyano (camioneros) y Hugo Yasky (CTA), entre otros.<\/p>\n","protected":false},"excerpt":{"rendered":"<p>La decisi\u00f3n lleg\u00f3 tras la reuni\u00f3n del Consejo del Salario M\u00ednimo, Vital y M\u00f3vil, con representaci\u00f3n gremial, empresarial y del Gobierno. Para la totalidad del a\u00f1o, el incremento ser\u00e1 de 80,9%. Tras la reuni\u00f3n del Consejo del Salario M\u00ednimo Vital y M\u00f3vil se alcanz\u00f3 un acuerdo para aplicarle un aumento del 7% y que sea [&hellip;]<\/p>\n","protected":false},"author":49,"featured_media":350988,"comment_status":"open","ping_status":"open","sticky":false,"template":"","format":"standard","meta":{"_stopmodifiedupdate":false,"_modified_date":"","inline_featured_image":false,"spay_email":"","jetpack_publicize_message":""},"categories":[676],"tags":[],"jetpack_featured_media_url":"https:\/\/notinor.com\/jujuy\/wp-content\/uploads\/2022\/08\/consejo-del-salario-minimo-vital-y-movil.jpg","jetpack_publicize_connections":[],"_links":{"self":[{"href":"https:\/\/notinor.com\/jujuy\/wp-json\/wp\/v2\/posts\/350987"}],"collection":[{"href":"https:\/\/notinor.com\/jujuy\/wp-json\/wp\/v2\/posts"}],"about":[{"href":"https:\/\/notinor.com\/jujuy\/wp-json\/wp\/v2\/types\/post"}],"author":[{"embeddable":true,"href":"https:\/\/notinor.com\/jujuy\/wp-json\/wp\/v2\/users\/49"}],"replies":[{"embeddable":true,"href":"https:\/\/notinor.com\/jujuy\/wp-json\/wp\/v2\/comments?post=350987"}],"version-history":[{"count":1,"href":"https:\/\/notinor.com\/jujuy\/wp-json\/wp\/v2\/posts\/350987\/revisions"}],"predecessor-version":[{"id":350989,"href":"https:\/\/notinor.com\/jujuy\/wp-json\/wp\/v2\/posts\/350987\/revisions\/350989"}],"wp:featuredmedia":[{"embeddable":true,"href":"https:\/\/notinor.com\/jujuy\/wp-json\/wp\/v2\/media\/350988"}],"wp:attachment":[{"href":"https:\/\/notinor.com\/jujuy\/wp-json\/wp\/v2\/media?parent=350987"}],"wp:term":[{"taxonomy":"category","embeddable":true,"href":"https:\/\/notinor.com\/jujuy\/wp-json\/wp\/v2\/categories?post=350987"},{"taxonomy":"post_tag","embeddable":true,"href":"https:\/\/notinor.com\/jujuy\/wp-json\/wp\/v2\/tags?post=350987"}],"curies":[{"name":"wp","href":"https:\/\/api.w.org\/{rel}","templated":true}]}}