{"id":350895,"date":"2022-08-22T12:13:41","date_gmt":"2022-08-22T15:13:41","guid":{"rendered":"https:\/\/notinor.com\/jujuy\/?p=350895"},"modified":"2022-08-22T12:13:46","modified_gmt":"2022-08-22T15:13:46","slug":"sergio-massa-ajustara-el-gasto-en-200-000-millones-de-pesos-hasta-fin-de-ano-en-que-areas-recortara","status":"publish","type":"post","link":"https:\/\/notinor.com\/jujuy\/sergio-massa-ajustara-el-gasto-en-200-000-millones-de-pesos-hasta-fin-de-ano-en-que-areas-recortara\/","title":{"rendered":"Sergio Massa ajustar\u00e1 el gasto en 200.000 millones de pesos hasta fin de a\u00f1o: en qu\u00e9 \u00e1reas recortar\u00e1"},"content":{"rendered":"\n<p class=\"has-medium-font-size\"><strong><em>El recorte representa un 0,3% del PBI y se centrar\u00eda en transferencias a provincias y obras p\u00fablicas subejecutadas. Nueva se\u00f1al de ortodoxia fiscal al FMI y los mercados.<\/em><\/strong><\/p>\n\n\n\n<div class=\"wp-block-image\"><figure class=\"aligncenter size-large is-resized\"><img decoding=\"async\" loading=\"lazy\" src=\"https:\/\/notinor.com\/jujuy\/wp-content\/uploads\/2022\/08\/Dise\u00f1o-sin-t\u00edtulo-2022-08-22T121233.432.jpg\" alt=\"\" class=\"wp-image-350904\" width=\"795\" height=\"398\" srcset=\"https:\/\/notinor.com\/jujuy\/wp-content\/uploads\/2022\/08\/Dise\u00f1o-sin-t\u00edtulo-2022-08-22T121233.432.jpg 600w, https:\/\/notinor.com\/jujuy\/wp-content\/uploads\/2022\/08\/Dise\u00f1o-sin-t\u00edtulo-2022-08-22T121233.432-360x180.jpg 360w\" sizes=\"(max-width: 795px) 100vw, 795px\" \/><\/figure><\/div>\n\n\n\n<p><strong>El ministro de Econom\u00eda mantuvo otro fin de semana muy activo con el foco en el freno de la expansi\u00f3n del gasto p\u00fablico en lo que resta del corriente a\u00f1o,<\/strong> mientras avanza con los lineamientos de las pautas presupuestarias para 2023, previo a su viaje en septiembre a los EEUU para continuar las negociaciones del acuerdo vigente con el FMI.<\/p>\n\n\n\n<p><strong>El ministro de Econom\u00eda, Sergio Massa, define por estas horas recortar en $ 200.000 millones los gastos presupuestados para lo que queda del a\u00f1o, lo que implicar\u00eda un ajuste de alrededor de 0,3 puntos del PBI.<\/strong> El grueso de la poda se concentrar\u00eda en los gastos de capital, dijo una fuente al tanto de la medida, aunque voceros de Massa indicaron que se har\u00e1 foco en partidas subejecutadas, tanto de obras como de transferencias a provincias o subsidios personales.<\/p>\n\n\n\n<p><strong>El recorte presupuestario busca acomodar las cuentas p\u00fablicas para acercarlas a la meta de d\u00e9ficit de 2,5% del PBI acordada con el Fondo Monetario Internacional (FMI) <\/strong>y es complementaria con las tres medidas anunciadas hasta el momento: el congelamiento de las partidas presupuestarias, el freno a la contrataci\u00f3n de personal y el inicio de la quita de subsidios a la energ\u00eda y el agua corriente.<\/p>\n\n\n\n<p>Voceros del ministro indicaron que se disminuir\u00e1n partidas presupuestarias subejecutadas de distintas categor\u00edas, desde transferencias a provincias hasta subsidios personales. Las empresas constructoras entienden que el ajuste afectar\u00eda a nuevos proyectos y que no se interrumpir\u00e1n las obras en curso. <strong>Advierten, s\u00ed, que\u00a0desde junio comenzaron a demorarse los pagos.\u00a0Al mismo tiempo, admiten que no es usual que el Estado pague en tiempo y forma como lo ven\u00eda haciendo. <\/strong><\/p>\n\n\n\n<p class=\"has-medium-font-size\"><strong>Los mayores recortes recaen inicialmente sobre 7 \u00e1reas:<\/strong><\/p>\n\n\n\n<p>-Ministerio de Desarrollo Productivo, para el financiamiento de la producci\u00f3n<strong>: -$70.000 millones<\/strong><\/p>\n\n\n\n<p>-Ministerio de Desarrollo Territorial y H\u00e1bitat, Planificaci\u00f3n: <strong>-$50.000 millones<\/strong><\/p>\n\n\n\n<p>-Ministerio de Educaci\u00f3n, Conectar Igualdad: <strong>-$50.000 millones<\/strong><\/p>\n\n\n\n<p>-Ministerio de Obras P\u00fablicas, Recursos H\u00eddricos: -<strong>$20.000 millones<\/strong><\/p>\n\n\n\n<p>-Ministerio de Transporte, Coordinaci\u00f3n de Pol\u00edticas de Transporte Fluvial y Mar\u00edtimo:<strong> -$10.000 millones<\/strong><\/p>\n\n\n\n<p>-Ministerio de Salud, Prevenci\u00f3n y Control de Enfermedades Transmisibles e Inmunoprevenibles: <strong>-$10.000 millones<\/strong>.<\/p>\n\n\n\n<p><\/p>\n","protected":false},"excerpt":{"rendered":"<p>El recorte representa un 0,3% del PBI y se centrar\u00eda en transferencias a provincias y obras p\u00fablicas subejecutadas. Nueva se\u00f1al de ortodoxia fiscal al FMI y los mercados. El ministro de Econom\u00eda mantuvo otro fin de semana muy activo con el foco en el freno de la expansi\u00f3n del gasto p\u00fablico en lo que resta [&hellip;]<\/p>\n","protected":false},"author":40,"featured_media":350904,"comment_status":"open","ping_status":"open","sticky":false,"template":"","format":"standard","meta":{"_stopmodifiedupdate":false,"_modified_date":"","inline_featured_image":false,"spay_email":"","jetpack_publicize_message":""},"categories":[676],"tags":[696,1300],"jetpack_featured_media_url":"https:\/\/notinor.com\/jujuy\/wp-content\/uploads\/2022\/08\/Dise\u00f1o-sin-t\u00edtulo-2022-08-22T121233.432.jpg","jetpack_publicize_connections":[],"_links":{"self":[{"href":"https:\/\/notinor.com\/jujuy\/wp-json\/wp\/v2\/posts\/350895"}],"collection":[{"href":"https:\/\/notinor.com\/jujuy\/wp-json\/wp\/v2\/posts"}],"about":[{"href":"https:\/\/notinor.com\/jujuy\/wp-json\/wp\/v2\/types\/post"}],"author":[{"embeddable":true,"href":"https:\/\/notinor.com\/jujuy\/wp-json\/wp\/v2\/users\/40"}],"replies":[{"embeddable":true,"href":"https:\/\/notinor.com\/jujuy\/wp-json\/wp\/v2\/comments?post=350895"}],"version-history":[{"count":1,"href":"https:\/\/notinor.com\/jujuy\/wp-json\/wp\/v2\/posts\/350895\/revisions"}],"predecessor-version":[{"id":350905,"href":"https:\/\/notinor.com\/jujuy\/wp-json\/wp\/v2\/posts\/350895\/revisions\/350905"}],"wp:featuredmedia":[{"embeddable":true,"href":"https:\/\/notinor.com\/jujuy\/wp-json\/wp\/v2\/media\/350904"}],"wp:attachment":[{"href":"https:\/\/notinor.com\/jujuy\/wp-json\/wp\/v2\/media?parent=350895"}],"wp:term":[{"taxonomy":"category","embeddable":true,"href":"https:\/\/notinor.com\/jujuy\/wp-json\/wp\/v2\/categories?post=350895"},{"taxonomy":"post_tag","embeddable":true,"href":"https:\/\/notinor.com\/jujuy\/wp-json\/wp\/v2\/tags?post=350895"}],"curies":[{"name":"wp","href":"https:\/\/api.w.org\/{rel}","templated":true}]}}