{"id":350894,"date":"2022-08-22T11:57:24","date_gmt":"2022-08-22T14:57:24","guid":{"rendered":"https:\/\/notinor.com\/jujuy\/?p=350894"},"modified":"2022-08-22T12:24:37","modified_gmt":"2022-08-22T15:24:37","slug":"malvinas-violento-un-local-comercial-y-fue-detenido","status":"publish","type":"post","link":"https:\/\/notinor.com\/jujuy\/malvinas-violento-un-local-comercial-y-fue-detenido\/","title":{"rendered":"Malvinas: Violent\u00f3 un local comercial y fue detenido"},"content":{"rendered":"\n<p class=\"has-medium-font-size\"><strong><em>Efectivos del Comando de Seguridad y Prevenci\u00f3n Ciudadana, de la Polic\u00eda de la Provincia de Jujuy, aprehendieron en la madrugada del ultimo d\u00eda s\u00e1bado, a un sujeto que hab\u00eda violentado, con intenciones de robo, el ingreso de un negocio en barrio Malvinas de la ciudad capital.<\/em><\/strong><\/p>\n\n\n\n<figure class=\"is-layout-flex wp-block-gallery-1 wp-block-gallery aligncenter columns-1 is-cropped\"><ul class=\"blocks-gallery-grid\"><li class=\"blocks-gallery-item\"><figure><img decoding=\"async\" loading=\"lazy\" width=\"640\" height=\"480\" src=\"https:\/\/notinor.com\/jujuy\/wp-content\/uploads\/2022\/08\/DEMORADO-EN-MALVINAS-640x480.jpg\" alt=\"\" data-id=\"350896\" data-full-url=\"https:\/\/notinor.com\/jujuy\/wp-content\/uploads\/2022\/08\/DEMORADO-EN-MALVINAS.jpg\" data-link=\"https:\/\/notinor.com\/jujuy\/?attachment_id=350896\" class=\"wp-image-350896\" srcset=\"https:\/\/notinor.com\/jujuy\/wp-content\/uploads\/2022\/08\/DEMORADO-EN-MALVINAS-640x480.jpg 640w, https:\/\/notinor.com\/jujuy\/wp-content\/uploads\/2022\/08\/DEMORADO-EN-MALVINAS-487x365.jpg 487w, https:\/\/notinor.com\/jujuy\/wp-content\/uploads\/2022\/08\/DEMORADO-EN-MALVINAS-768x576.jpg 768w, https:\/\/notinor.com\/jujuy\/wp-content\/uploads\/2022\/08\/DEMORADO-EN-MALVINAS-750x563.jpg 750w, https:\/\/notinor.com\/jujuy\/wp-content\/uploads\/2022\/08\/DEMORADO-EN-MALVINAS.jpg 1000w\" sizes=\"(max-width: 640px) 100vw, 640px\" \/><\/figure><\/li><\/ul><\/figure>\n\n\n\n<p><strong>Tras haber tomado conocimiento, a trav\u00e9s del Sistema de Emergencias 91<\/strong>1, de que un local comercial sobre calle <a href=\"https:\/\/notinor.com\/jujuy\/detuvieron-a-tres-hombres-que-robaron-una-motocicleta-y-la-desarmaron-por-completo\/\">Burela<\/a>, hab\u00eda sido violentado, los agentes realizaron un rastrillaje por la zona, y con las caracter\u00edsticas aportadas, <strong>lograron localizar al individuo, el cual, al advertir la presencia de los efectivos, intento darse a la fuga, siendo alcanzado a los pocos metros. Al ser retenido, el protagonista se torn\u00f3 agresivo con el personal policial,<\/strong> vociferando insultos y agravios, por lo que fue trasladado de inmediato a la <a href=\"https:\/\/notinor.com\/jujuy\/fue-capturado-cuando-intentaba-robar-un-domicilio-en-barrio-malvinas\/\">Comisaria Seccional 32<\/a>\u00b0.<\/p>\n\n\n\n<p>Al momento de la requisa, <strong>se le encontr\u00f3 entre sus pertenencias, una ri\u00f1onera con documentaci\u00f3n y elementos de mujer, los cuales no pudo justificar su procedencia, as\u00ed tambi\u00e9n se encontr\u00f3 papeles de sustancias prohibidas y otros elementos de consumo.<\/strong><\/p>\n","protected":false},"excerpt":{"rendered":"<p>Efectivos del Comando de Seguridad y Prevenci\u00f3n Ciudadana, de la Polic\u00eda de la Provincia de Jujuy, aprehendieron en la madrugada del ultimo d\u00eda s\u00e1bado, a un sujeto que hab\u00eda violentado, con intenciones de robo, el ingreso de un negocio en barrio Malvinas de la ciudad capital. Tras haber tomado conocimiento, a trav\u00e9s del Sistema de [&hellip;]<\/p>\n","protected":false},"author":52,"featured_media":350896,"comment_status":"open","ping_status":"open","sticky":false,"template":"","format":"standard","meta":{"_stopmodifiedupdate":false,"_modified_date":"","inline_featured_image":false,"spay_email":"","jetpack_publicize_message":""},"categories":[3],"tags":[438,684],"jetpack_featured_media_url":"https:\/\/notinor.com\/jujuy\/wp-content\/uploads\/2022\/08\/DEMORADO-EN-MALVINAS.jpg","jetpack_publicize_connections":[],"_links":{"self":[{"href":"https:\/\/notinor.com\/jujuy\/wp-json\/wp\/v2\/posts\/350894"}],"collection":[{"href":"https:\/\/notinor.com\/jujuy\/wp-json\/wp\/v2\/posts"}],"about":[{"href":"https:\/\/notinor.com\/jujuy\/wp-json\/wp\/v2\/types\/post"}],"author":[{"embeddable":true,"href":"https:\/\/notinor.com\/jujuy\/wp-json\/wp\/v2\/users\/52"}],"replies":[{"embeddable":true,"href":"https:\/\/notinor.com\/jujuy\/wp-json\/wp\/v2\/comments?post=350894"}],"version-history":[{"count":3,"href":"https:\/\/notinor.com\/jujuy\/wp-json\/wp\/v2\/posts\/350894\/revisions"}],"predecessor-version":[{"id":350908,"href":"https:\/\/notinor.com\/jujuy\/wp-json\/wp\/v2\/posts\/350894\/revisions\/350908"}],"wp:featuredmedia":[{"embeddable":true,"href":"https:\/\/notinor.com\/jujuy\/wp-json\/wp\/v2\/media\/350896"}],"wp:attachment":[{"href":"https:\/\/notinor.com\/jujuy\/wp-json\/wp\/v2\/media?parent=350894"}],"wp:term":[{"taxonomy":"category","embeddable":true,"href":"https:\/\/notinor.com\/jujuy\/wp-json\/wp\/v2\/categories?post=350894"},{"taxonomy":"post_tag","embeddable":true,"href":"https:\/\/notinor.com\/jujuy\/wp-json\/wp\/v2\/tags?post=350894"}],"curies":[{"name":"wp","href":"https:\/\/api.w.org\/{rel}","templated":true}]}}