{"id":350885,"date":"2022-08-22T10:45:22","date_gmt":"2022-08-22T13:45:22","guid":{"rendered":"https:\/\/notinor.com\/jujuy\/?p=350885"},"modified":"2022-08-22T11:00:21","modified_gmt":"2022-08-22T14:00:21","slug":"fallecio-el-secretario-parlamentario-de-la-legislatura-de-jujuy-javier-olivera","status":"publish","type":"post","link":"https:\/\/notinor.com\/jujuy\/fallecio-el-secretario-parlamentario-de-la-legislatura-de-jujuy-javier-olivera\/","title":{"rendered":"Falleci\u00f3 el secretario parlamentario de la Legislatura de Jujuy, Javier Olivera"},"content":{"rendered":"\n<p class=\"has-medium-font-size\"><strong><em>Se encontraba en estado grave de salud luego del accidente que tuvo lugar el fin de semana en la ruta nacional 14 de Misiones. Es la cuarta v\u00edctima luego del violento siniestro.<\/em><\/strong><\/p>\n\n\n\n<div class=\"wp-block-image\"><figure class=\"aligncenter is-resized\"><img decoding=\"async\" loading=\"lazy\" src=\"https:\/\/notinor.com\/jujuy\/wp-content\/uploads\/2022\/08\/WhatsApp-Image-2022-08-21-at-5.48.08-PM-2-640x480.jpeg\" alt=\"\" width=\"705\" height=\"529\"\/><\/figure><\/div>\n\n\n\n<p><strong>Se confirm\u00f3 esta ma\u00f1ana que falleci\u00f3 Javier Olivera Rodr\u00edguez, el \u00fanico juje\u00f1o que hab\u00eda sobrevivido al <a href=\"https:\/\/notinor.com\/jujuy\/3-jujenos-murieron-en-un-grave-siniestro-vial-en-misiones\/\" target=\"_blank\" aria-label=\"undefined (abre en una nueva pesta\u00f1a)\" rel=\"noreferrer noopener\">fatal accidente ocurrido este domingo en la provincia de Misiones <\/a><\/strong>cuando la camioneta en el que viajaba junto a su esposa y sus padres impact\u00f3 de frente contra un cami\u00f3n en la Ruta Nacional 14. En primer lugar se dio a conocer que el exjuez federal subrogante Carlos Olivera Pastor y su esposa, y M\u00f3nica Snopek, fueron las primeras v\u00edctimas. Mientras que el secretario parlamentario Javier Olivera se encontraba internado en grave estado.<\/p>\n\n\n\n<p>Olivera Rodr\u00edguez, quien ocupaba el cargo de Secretario Parlamentario en la Legislatura de Jujuy, hab\u00eda sido trasladado en grave estado al hospital Samic de Ober\u00e1 y debido a la complejidad del cuadro fue derivado luego al Hospital Escuela de Agudos \u201cDr. Ram\u00f3n Madariaga\u201d de la ciudad de Posadas en donde falleci\u00f3.<\/p>\n\n\n\n<div class=\"wp-block-image\"><figure class=\"aligncenter is-resized\"><img decoding=\"async\" loading=\"lazy\" src=\"https:\/\/notinor.com\/jujuy\/wp-content\/uploads\/2022\/08\/WhatsApp-Image-2022-08-21-at-5.48.07-PM-640x480.jpeg\" alt=\"\" width=\"730\" height=\"548\"\/><\/figure><\/div>\n\n\n\n<p><strong>El tr\u00e1gico accidente ocurri\u00f3 ayer cerca de las 9 horas, en la localidad de Campo Ram\u00f3n, sobre la Ruta Nacional 14, en el kil\u00f3metro 887, a ra\u00edz de un choque frontal entre una camioneta Toyota Hilux y un cami\u00f3n Ford 4000.<\/strong>\u00a0Seg\u00fan las primeras averiguaciones, la Toyota con cuatro ocupantes oriundos de la Provincia de Jujuy, circulaba sobre la carretera en sentido Ober\u00e1-Campo Viera, cuando por causas que son materias de investigaci\u00f3n colisionaron contra el Ford 4000 que transitaba en sentido contrario.<\/p>\n","protected":false},"excerpt":{"rendered":"<p>Se encontraba en estado grave de salud luego del accidente que tuvo lugar el fin de semana en la ruta nacional 14 de Misiones. Es la cuarta v\u00edctima luego del violento siniestro. Se confirm\u00f3 esta ma\u00f1ana que falleci\u00f3 Javier Olivera Rodr\u00edguez, el \u00fanico juje\u00f1o que hab\u00eda sobrevivido al fatal accidente ocurrido este domingo en la [&hellip;]<\/p>\n","protected":false},"author":40,"featured_media":350886,"comment_status":"open","ping_status":"open","sticky":false,"template":"","format":"standard","meta":{"_stopmodifiedupdate":false,"_modified_date":"","inline_featured_image":false,"spay_email":"","jetpack_publicize_message":""},"categories":[2,3],"tags":[1369,674,1851],"jetpack_featured_media_url":"https:\/\/notinor.com\/jujuy\/wp-content\/uploads\/2022\/08\/Dise\u00f1o-sin-t\u00edtulo-2022-08-22T104237.125.jpg","jetpack_publicize_connections":[],"_links":{"self":[{"href":"https:\/\/notinor.com\/jujuy\/wp-json\/wp\/v2\/posts\/350885"}],"collection":[{"href":"https:\/\/notinor.com\/jujuy\/wp-json\/wp\/v2\/posts"}],"about":[{"href":"https:\/\/notinor.com\/jujuy\/wp-json\/wp\/v2\/types\/post"}],"author":[{"embeddable":true,"href":"https:\/\/notinor.com\/jujuy\/wp-json\/wp\/v2\/users\/40"}],"replies":[{"embeddable":true,"href":"https:\/\/notinor.com\/jujuy\/wp-json\/wp\/v2\/comments?post=350885"}],"version-history":[{"count":3,"href":"https:\/\/notinor.com\/jujuy\/wp-json\/wp\/v2\/posts\/350885\/revisions"}],"predecessor-version":[{"id":350890,"href":"https:\/\/notinor.com\/jujuy\/wp-json\/wp\/v2\/posts\/350885\/revisions\/350890"}],"wp:featuredmedia":[{"embeddable":true,"href":"https:\/\/notinor.com\/jujuy\/wp-json\/wp\/v2\/media\/350886"}],"wp:attachment":[{"href":"https:\/\/notinor.com\/jujuy\/wp-json\/wp\/v2\/media?parent=350885"}],"wp:term":[{"taxonomy":"category","embeddable":true,"href":"https:\/\/notinor.com\/jujuy\/wp-json\/wp\/v2\/categories?post=350885"},{"taxonomy":"post_tag","embeddable":true,"href":"https:\/\/notinor.com\/jujuy\/wp-json\/wp\/v2\/tags?post=350885"}],"curies":[{"name":"wp","href":"https:\/\/api.w.org\/{rel}","templated":true}]}}