{"id":350874,"date":"2022-08-22T09:54:44","date_gmt":"2022-08-22T12:54:44","guid":{"rendered":"https:\/\/notinor.com\/jujuy\/?p=350874"},"modified":"2022-08-22T09:54:50","modified_gmt":"2022-08-22T12:54:50","slug":"carlos-castagneto-advirtio-que-la-afip-va-a-estar-en-todos-lados-y-nego-que-haya-una-presion-tributaria-como-se-dice","status":"publish","type":"post","link":"https:\/\/notinor.com\/jujuy\/carlos-castagneto-advirtio-que-la-afip-va-a-estar-en-todos-lados-y-nego-que-haya-una-presion-tributaria-como-se-dice\/","title":{"rendered":"Carlos Castagneto advirti\u00f3 que \u201cla AFIP va a estar en todos lados\u201d y neg\u00f3 que haya \u201cuna presi\u00f3n tributaria como se dice\u201d"},"content":{"rendered":"\n<p class=\"has-medium-font-size\"><em><strong>El kirchnerista a cargo del organismo impositivo apunt\u00f3 contra empresas, alert\u00f3 que \u201cse termin\u00f3 la \u00e9poca de los vivos\u201d y relativiz\u00f3 el peso de los impuestos.<\/strong><\/em><\/p>\n\n\n\n<div class=\"wp-block-image\"><figure class=\"aligncenter size-large is-resized\"><img decoding=\"async\" loading=\"lazy\" src=\"https:\/\/notinor.com\/jujuy\/wp-content\/uploads\/2022\/08\/Dise\u00f1o-sin-t\u00edtulo-100.jpg\" alt=\"\" class=\"wp-image-350875\" width=\"715\" height=\"358\" srcset=\"https:\/\/notinor.com\/jujuy\/wp-content\/uploads\/2022\/08\/Dise\u00f1o-sin-t\u00edtulo-100.jpg 600w, https:\/\/notinor.com\/jujuy\/wp-content\/uploads\/2022\/08\/Dise\u00f1o-sin-t\u00edtulo-100-360x180.jpg 360w\" sizes=\"(max-width: 715px) 100vw, 715px\" \/><\/figure><\/div>\n\n\n\n<p><strong>Castagneto admiti\u00f3 que hay \u201cmuchos impuestos:\u00a0nacionales, provinciales y tasas municipales\u201d<\/strong>, enumer\u00f3 para luego comenzar <strong>un<\/strong>\u00a0<strong>an\u00e1lisis a contramano<\/strong>\u00a0de lo que se considera sobre el tema y que es una habitual cr\u00edtica opositora: la carga impositiva.<strong>\u201d No digo que son pocos, pero\u00a0tampoco tenemos una presi\u00f3n tributaria como se dice\u201c, contradijo.<\/strong><\/p>\n\n\n\n<p>Entonces dio su visi\u00f3n del panorama. \u201cCuando las empresas amenazan con irse a Brasil, la presi\u00f3n tributaria ah\u00ed es el 37%, y en la \u00e9poca de Macri est\u00e1bamos en 32% y hoy estamos en el 28%\u201d, argument\u00f3. <strong>Entonces, el funcionario que reemplaz\u00f3 a Mercedes Marc\u00f3 del Pont en la AFIP avanz\u00f3 en la cr\u00edtica al empresariado. \u201cEn el mundo se evade y en la Argentina tambi\u00e9n\u201c, asegur\u00f3.<\/strong><\/p>\n\n\n\n<p><strong>\u201cPrimero, porque se maneja mucho efectivo y no se hace factura. Nosotros\u00a0tampoco vamos a perdonar\u00a0aquellos lugares que dicen\u00a0efectivo 20% de descuento\u00a0y sin factura. <\/strong>Vamos a salir, la presencia de la AFIP va a estar por todos lados. Vamos a ser justos con los justos y que aquel que pague se sienta respaldado por el organismo\u201d, se\u00f1al\u00f3 en declaraciones.<\/p>\n\n\n\n<p><strong>\u201cYo quiero una AFIP justa y equitativa, que paguen los que tengan que pagar como en el caso de 222 empresas que hemos detectado que no pagaron Impuesto a las Ganancias\u201d<\/strong>, arremeti\u00f3 el funcionario que le fuera impuesto en su equipo a Sergio Massa, en una puja que gan\u00f3 la vicepresidenta.<\/p>\n\n\n\n<div class=\"wp-block-image\"><figure class=\"aligncenter is-resized\"><img decoding=\"async\" loading=\"lazy\" src=\"https:\/\/www.clarin.com\/img\/2022\/08\/15\/carlos-castagneto-el-titular-de___kaAefov7G_1200x630__1.jpg\" alt=\"\" width=\"753\" height=\"394\"\/><\/figure><\/div>\n\n\n\n<p><strong>En este sentido, asegur\u00f3 que \u201cun tercio de las grandes empresas no pagaron Ganancias y se le ha rechazado la declaraci\u00f3n jurada\u201c. <\/strong>\u201cHay estudios preparados para achicar al m\u00ednimo el pago de Ganancias, y en este caso, le dieron ganancias cero durante tres a\u00f1os, cuando sabemos que algunas, por la pandemia y la guerra en Europa Oriental, han tenido ganancias extraordinarias\u201d, ahond\u00f3.<\/p>\n\n\n\n<p><strong>Castagneto dijo que est\u00e1n realizando \u201cun estudio profundo\u201d al respecto.<\/strong> \u201cTenemos que reconstruir todo lo que no declararon correctamente. Por otro lado, hemos tomado la decisi\u00f3n, con respecto a 1.911 empresas que le estamos pidiendo a las que ganaron 300 millones de pesos de impuestos determinados, que aporten un 15% de esos\u201d, continu\u00f3 y aclar\u00f3 que para algunas empresas ese porcentaje subir\u00e1 al 25%.<\/p>\n","protected":false},"excerpt":{"rendered":"<p>El kirchnerista a cargo del organismo impositivo apunt\u00f3 contra empresas, alert\u00f3 que \u201cse termin\u00f3 la \u00e9poca de los vivos\u201d y relativiz\u00f3 el peso de los impuestos. Castagneto admiti\u00f3 que hay \u201cmuchos impuestos:\u00a0nacionales, provinciales y tasas municipales\u201d, enumer\u00f3 para luego comenzar un\u00a0an\u00e1lisis a contramano\u00a0de lo que se considera sobre el tema y que es una habitual [&hellip;]<\/p>\n","protected":false},"author":40,"featured_media":350875,"comment_status":"open","ping_status":"open","sticky":false,"template":"","format":"standard","meta":{"_stopmodifiedupdate":false,"_modified_date":"","inline_featured_image":false,"spay_email":"","jetpack_publicize_message":""},"categories":[501],"tags":[1795,1846,1847],"jetpack_featured_media_url":"https:\/\/notinor.com\/jujuy\/wp-content\/uploads\/2022\/08\/Dise\u00f1o-sin-t\u00edtulo-100.jpg","jetpack_publicize_connections":[],"_links":{"self":[{"href":"https:\/\/notinor.com\/jujuy\/wp-json\/wp\/v2\/posts\/350874"}],"collection":[{"href":"https:\/\/notinor.com\/jujuy\/wp-json\/wp\/v2\/posts"}],"about":[{"href":"https:\/\/notinor.com\/jujuy\/wp-json\/wp\/v2\/types\/post"}],"author":[{"embeddable":true,"href":"https:\/\/notinor.com\/jujuy\/wp-json\/wp\/v2\/users\/40"}],"replies":[{"embeddable":true,"href":"https:\/\/notinor.com\/jujuy\/wp-json\/wp\/v2\/comments?post=350874"}],"version-history":[{"count":1,"href":"https:\/\/notinor.com\/jujuy\/wp-json\/wp\/v2\/posts\/350874\/revisions"}],"predecessor-version":[{"id":350876,"href":"https:\/\/notinor.com\/jujuy\/wp-json\/wp\/v2\/posts\/350874\/revisions\/350876"}],"wp:featuredmedia":[{"embeddable":true,"href":"https:\/\/notinor.com\/jujuy\/wp-json\/wp\/v2\/media\/350875"}],"wp:attachment":[{"href":"https:\/\/notinor.com\/jujuy\/wp-json\/wp\/v2\/media?parent=350874"}],"wp:term":[{"taxonomy":"category","embeddable":true,"href":"https:\/\/notinor.com\/jujuy\/wp-json\/wp\/v2\/categories?post=350874"},{"taxonomy":"post_tag","embeddable":true,"href":"https:\/\/notinor.com\/jujuy\/wp-json\/wp\/v2\/tags?post=350874"}],"curies":[{"name":"wp","href":"https:\/\/api.w.org\/{rel}","templated":true}]}}