{"id":350849,"date":"2022-08-22T08:40:09","date_gmt":"2022-08-22T11:40:09","guid":{"rendered":"https:\/\/notinor.com\/jujuy\/?p=350849"},"modified":"2022-08-22T12:11:27","modified_gmt":"2022-08-22T15:11:27","slug":"consejo-del-salario-hoy-se-reunira-el-gobierno-con-gremios-y-empresas","status":"publish","type":"post","link":"https:\/\/notinor.com\/jujuy\/consejo-del-salario-hoy-se-reunira-el-gobierno-con-gremios-y-empresas\/","title":{"rendered":"Consejo del Salario: hoy se reunir\u00e1 el Gobierno con gremios y empresas"},"content":{"rendered":"\n<p class=\"has-medium-font-size\"><strong><em>El encuentro tripartito ser\u00e1 encabezado por el ministro de Trabajo de la Naci\u00f3n, Claudio Moroni. La cita estaba prevista originalmente para d\u00edas atr\u00e1s, pero se posterg\u00f3 para este lunes.<\/em><\/strong><\/p>\n\n\n\n<div class=\"wp-block-image\"><figure class=\"aligncenter size-large is-resized\"><img decoding=\"async\" loading=\"lazy\" src=\"https:\/\/notinor.com\/jujuy\/wp-content\/uploads\/2022\/08\/Dise\u00f1o-sin-t\u00edtulo-97.jpg\" alt=\"\" class=\"wp-image-350853\" width=\"757\" height=\"379\" srcset=\"https:\/\/notinor.com\/jujuy\/wp-content\/uploads\/2022\/08\/Dise\u00f1o-sin-t\u00edtulo-97.jpg 600w, https:\/\/notinor.com\/jujuy\/wp-content\/uploads\/2022\/08\/Dise\u00f1o-sin-t\u00edtulo-97-360x180.jpg 360w\" sizes=\"(max-width: 757px) 100vw, 757px\" \/><\/figure><\/div>\n\n\n\n<p><strong>Funcionarios, gremialistas y empresarios negociar\u00e1n este lunes a las 14 en una sesi\u00f3n plenaria del Consejo del Salario la actualizaci\u00f3n del haber m\u00ednimo, vital y m\u00f3vil como tambi\u00e9n de las prestaciones por desempleo<\/strong>, ante la estampida del proceso inflacionario, aunque la CGT, la CTA y la CTA&nbsp; Aut\u00f3noma a\u00fan no determinaron la postura que presentar\u00e1n en la reuni\u00f3n tripartita.<\/p>\n\n\n\n<p>En la previa del plenario, desde las<strong>&nbsp;14<\/strong>&nbsp;se reunir\u00e1n dos representantes por sector de la&nbsp;<strong>Comisi\u00f3n T\u00e9cnica del Consejo Nacional del Empleo, la Productividad y el Salario M\u00ednimo, Vital y M\u00f3vil.<\/strong>&nbsp;Luego, una hora despu\u00e9s, arrancar\u00e1 el plenario de 32 miembros -16 por la parte de las centrales sindicales y 16 por los empresarios-. Ambos encuentros se desarrollar\u00e1n mediante el formato de videoconferencia.<\/p>\n\n\n\n<p>El\u00a0<strong>Gobierno<\/strong>\u00a0hab\u00eda convocado a los integrantes del organismo tripartito, que encabeza el ministro de Trabajo de la Naci\u00f3n,\u00a0<strong>Claudio Moroni<\/strong>, a dos sesiones para el\u00a0<strong>18 de este mes<\/strong>, <a href=\"https:\/\/notinor.com\/jujuy\/salario-minimo-vital-y-movil-el-18-de-agosto-se-reunira-el-consejo-del-salario\/\" target=\"_blank\" aria-label=\"undefined (abre en una nueva pesta\u00f1a)\" rel=\"noreferrer noopener\">pero el encuentro fue postergado hasta este lunes,<\/a> debido a la ausencia en el pa\u00eds del presidente de la Uni\u00f3n Industrial Argentina (UIA),<strong>\u00a0Daniel Funes de Rioja<\/strong>. En esa reuni\u00f3n, deber\u00e1n definir el nuevo piso salarial y sus tramos, y el monto de las prestaciones por desempleo. Fuentes gremiales, aceptaron que no se llegar\u00e1 a cubrir los $ 111.000 que el Indec registr\u00f3 como l\u00ednea de pobreza.<\/p>\n\n\n\n<p>Las fuentes confiaron que los dirigentes que ocupan la mesa chica de la&nbsp;<strong>CGT<\/strong>&nbsp;se reunir\u00e1n desde las 10 del lunes en la sede de la&nbsp;<strong>Asociaci\u00f3n de Trabajadores de la Sanidad Argentina (ATSA).<\/strong><\/p>\n\n\n\n<p><strong>Los participantes deber\u00e1n&nbsp;definir el nuevo piso salarial y sus tramos y el monto de las prestaciones por desempleo<\/strong>, aunque todo indica -es la previsi\u00f3n del sector gremial- que de ninguna manera \"se alcanzar\u00e1n los poco m\u00e1s de 111 mil pesos que el propio Instituto Nacional de Estad\u00edstica y Censos (Indec) sostuvo que son necesarios para no ser pobre\".<\/p>\n\n\n\n<div class=\"wp-block-image\"><figure class=\"aligncenter is-resized\"><img decoding=\"async\" loading=\"lazy\" src=\"https:\/\/www.cronista.com\/files\/image\/316\/316913\/5ffe505c3deb1.jpg\" alt=\"La chicana de Moroni a Larreta: &quot;Yo pens\u00e9 que ment\u00eda m\u00e1s inteligentemente&quot;  - El Cronista\" width=\"776\" height=\"436\"\/><\/figure><\/div>\n\n\n\n<p>Tanto la CTA que conduce el docente Hugo Yasky como su par Aut\u00f3noma (CTAA) que lideran el estatal Hugo Godoy y el visitador m\u00e9dico Ricardo Peidro tambi\u00e9n <strong>convocaron para el lunes -de forma previa al encuentro del Consejo del Salario- a sus respectivas conducciones para determinar la postura que plantear\u00e1n por tarde, en la reuni\u00f3n tripartita.<\/strong><\/p>\n\n\n\n<p>Otras fuentes gremiales detallaron que&nbsp;<strong>la CTA y la CGT podr\u00edan reclamar un 45 por ciento de aumento sobre el actual valor del salario m\u00ednimo, lo que lo elevar\u00eda a poco m\u00e1s de 68 mil pesos<\/strong>, para alcanzar \"las previsiones inflacionarias del a\u00f1o\", aunque existen -a\u00f1adieron- diferencias respecto de la exigencia de los tramos para cobrarlo.<\/p>\n\n\n\n<p><strong>La Corriente Federal de Trabajadores (CFT) en la CGT, que conducen el bancario Sergio Palazzo y el gr\u00e1fico bonaerense H\u00e9ctor Amichetti, ratific\u00f3 que los argentinos deben tener \"sus necesidades b\u00e1sicas cubiertas\"<\/strong>, y sostuvo que las paritarias son la v\u00eda para actualizar los salarios del personal registrado en las variadas actividades.<\/p>\n","protected":false},"excerpt":{"rendered":"<p>El encuentro tripartito ser\u00e1 encabezado por el ministro de Trabajo de la Naci\u00f3n, Claudio Moroni. La cita estaba prevista originalmente para d\u00edas atr\u00e1s, pero se posterg\u00f3 para este lunes. Funcionarios, gremialistas y empresarios negociar\u00e1n este lunes a las 14 en una sesi\u00f3n plenaria del Consejo del Salario la actualizaci\u00f3n del haber m\u00ednimo, vital y m\u00f3vil [&hellip;]<\/p>\n","protected":false},"author":40,"featured_media":350853,"comment_status":"open","ping_status":"open","sticky":false,"template":"","format":"standard","meta":{"_stopmodifiedupdate":false,"_modified_date":"","inline_featured_image":false,"spay_email":"","jetpack_publicize_message":""},"categories":[501],"tags":[1841,1439,1842,1840],"jetpack_featured_media_url":"https:\/\/notinor.com\/jujuy\/wp-content\/uploads\/2022\/08\/Dise\u00f1o-sin-t\u00edtulo-97.jpg","jetpack_publicize_connections":[],"_links":{"self":[{"href":"https:\/\/notinor.com\/jujuy\/wp-json\/wp\/v2\/posts\/350849"}],"collection":[{"href":"https:\/\/notinor.com\/jujuy\/wp-json\/wp\/v2\/posts"}],"about":[{"href":"https:\/\/notinor.com\/jujuy\/wp-json\/wp\/v2\/types\/post"}],"author":[{"embeddable":true,"href":"https:\/\/notinor.com\/jujuy\/wp-json\/wp\/v2\/users\/40"}],"replies":[{"embeddable":true,"href":"https:\/\/notinor.com\/jujuy\/wp-json\/wp\/v2\/comments?post=350849"}],"version-history":[{"count":2,"href":"https:\/\/notinor.com\/jujuy\/wp-json\/wp\/v2\/posts\/350849\/revisions"}],"predecessor-version":[{"id":350901,"href":"https:\/\/notinor.com\/jujuy\/wp-json\/wp\/v2\/posts\/350849\/revisions\/350901"}],"wp:featuredmedia":[{"embeddable":true,"href":"https:\/\/notinor.com\/jujuy\/wp-json\/wp\/v2\/media\/350853"}],"wp:attachment":[{"href":"https:\/\/notinor.com\/jujuy\/wp-json\/wp\/v2\/media?parent=350849"}],"wp:term":[{"taxonomy":"category","embeddable":true,"href":"https:\/\/notinor.com\/jujuy\/wp-json\/wp\/v2\/categories?post=350849"},{"taxonomy":"post_tag","embeddable":true,"href":"https:\/\/notinor.com\/jujuy\/wp-json\/wp\/v2\/tags?post=350849"}],"curies":[{"name":"wp","href":"https:\/\/api.w.org\/{rel}","templated":true}]}}