{"id":350840,"date":"2022-08-22T07:00:00","date_gmt":"2022-08-22T10:00:00","guid":{"rendered":"https:\/\/notinor.com\/jujuy\/?p=350840"},"modified":"2022-08-22T07:00:00","modified_gmt":"2022-08-22T07:00:00","slug":"dia-clave-en-el-juicio-por-vialidad-pediran-la-condena-de-cristina","status":"publish","type":"post","link":"https:\/\/notinor.com\/jujuy\/dia-clave-en-el-juicio-por-vialidad-pediran-la-condena-de-cristina\/","title":{"rendered":"D\u00eda clave en el juicio por Vialidad: pedir\u00e1n la condena de Cristina"},"content":{"rendered":"\n<p class=\"has-medium-font-size\"><strong><em>El juez Diego Luciani pedir\u00e1 la condena de la vicepresidenta por entre 10 y 12 a\u00f1os de prisi\u00f3n y su inhabilitaci\u00f3n para ejercer cargos p\u00fablicos en el marco de la causa por el direccionamiento de la obra p\u00fablica vial a favor de L\u00e1zaro B\u00e1ez.<\/em><\/strong><\/p>\n\n\n\n<div class=\"wp-block-image\"><figure class=\"aligncenter size-large is-resized\"><img decoding=\"async\" loading=\"lazy\" src=\"https:\/\/notinor.com\/jujuy\/wp-content\/uploads\/2022\/08\/Dise\u00f1o-sin-t\u00edtulo-95.jpg\" alt=\"\" class=\"wp-image-350841\" width=\"733\" height=\"367\" srcset=\"https:\/\/notinor.com\/jujuy\/wp-content\/uploads\/2022\/08\/Dise\u00f1o-sin-t\u00edtulo-95.jpg 600w, https:\/\/notinor.com\/jujuy\/wp-content\/uploads\/2022\/08\/Dise\u00f1o-sin-t\u00edtulo-95-360x180.jpg 360w\" sizes=\"(max-width: 733px) 100vw, 733px\" \/><\/figure><\/div>\n\n\n\n<p><strong>En las \u00faltimas horas, los cristinistas dispararon una movida de victimizaci\u00f3n<\/strong> con documentos y solcitadas en donde denunciaron una \u201cpersecuci\u00f3n judicial\u201d. <\/p>\n\n\n\n<p><strong>Cuando su exposici\u00f3n termine, habr\u00e1n sumado unas 80 horas trazando un recorrido de presuntas conductas ilegales, revisando licitaci\u00f3n por licitaci\u00f3n, contrato por contrato, auditoria por auditoria,<\/strong> hasta concluir que toda la operatoria de Austral Construcciones fue dirigida para obtener fondos p\u00fablicos, sin trabas ni controles, pues consideraron probado que los Kirchner se ocuparon de dise\u00f1ar dentro del Estado un sistema a la medida de su plan criminal.<\/p>\n\n\n\n<p><strong>Durante 8 jornadas, los fiscales se detuvieron a describir los delitos que impulsar\u00e1n su petitorio: asociaci\u00f3n il\u00edcita y administraci\u00f3n fraudulenta en perjuicio de la administraci\u00f3n p\u00fablica. <\/strong>Con un registro did\u00e1ctico, fueron enf\u00e1ticos al presentar su hip\u00f3tesis, sin escatimar en ejemplos ni comparaciones, con el prop\u00f3sito de que cualquier persona que accediera a ver su presentaci\u00f3n pudiera comprenderla, y quiz\u00e1s, indignarse junto con ellos.<\/p>\n\n\n\n<p><strong>Los fiscales Diego Luciani y Sergio Mola reforzaron el viernes sus alegatos para sostener que <a href=\"https:\/\/notinor.com\/jujuy\/el-fiscal-luciani-mostro-nuevos-mensajes-en-el-juicio-contra-cristina-kirchner-el-lunes-o-el-martes-limpiamos-a-todos\/\" target=\"_blank\" aria-label=\"undefined (abre en una nueva pesta\u00f1a)\" rel=\"noreferrer noopener\">Cristina Kirchner fue la \u201cjefa de una asociaci\u00f3n il\u00edcita\u201d<\/a> que llev\u00f3 adelante un \u201cplan delictivo destinado a sustraer y apoderarse de los fondos\u201d del Estado,<\/strong> y ahora se espera que este lunes finalicen sus presentaciones con los pedidos de condena para la vicepresidenta y el resto de los 13 imputados en la causa conocida como \u201cVialidad\u201d.<\/p>\n\n\n\n<p><strong>\u201cFueron doce a\u00f1os de arbitrariedades de un apartamiento sistem\u00e1tico de las leyes. Realizaron acciones corruptas, ilegales durante a\u00f1os\u201d,<\/strong> insisti\u00f3 Luciani al exponer de manera virtual ante el Tribunal Oral Federal (TOF) 2, integrado por los jueces Rodrigo Gim\u00e9nez Uriburu y Andr\u00e9s Basso. Luciani repas\u00f3 todos los elementos tendientes a ratificar su hip\u00f3tesis, que indica que entre 2003 y 2015 existieron maniobras para direccionar los fondos destinados a la obra p\u00fablica en Santa Cruz en beneficio del empresario L\u00e1zaro B\u00e1ez.<\/p>\n\n\n\n<h2><strong>La fiscal\u00eda podr\u00eda solicitar la pena m\u00e1xima<\/strong><\/h2>\n\n\n\n<p><strong>El viernes pasado Diego Luciani se refiri\u00f3 a la calificaci\u00f3n penal de las conductas atribuidas <\/strong>a la vicepresidenta Cristina Fern\u00e1ndez de Kirchner, el empresario L\u00e1zaro B\u00e1ez; el ex ministro de Planificaci\u00f3n, Julio De Vido; el ex secretario de Obras P\u00fablicas, Jos\u00e9 L\u00f3pez; el ex subsecretario de Obras P\u00fablicas, Abel Fatala; el ex subsecretario de Coordinaci\u00f3n de Obra P\u00fablica Federal, Carlos Kirchner; el Director Nacional de Vialidad, Nelson Periotti; los ex jefes del distrito Santa Cruz de la Direcci\u00f3n Nacional de Vialidad, Ra\u00fal Daruich y Mauricio Collareda; y los ex presidentes de la Administraci\u00f3n General de Vialidad de Santa Cruz, H\u00e9ctor Garro, Juan Carlos Villafa\u00f1e, Ra\u00fal Pavesi y Jos\u00e9 Santiba\u00f1ez.<\/p>\n\n\n\n<p>El fiscal consider\u00f3 que \u201ccuando existen acuerdos espurios entre empresarios y funcionarios, que perduran en el tiempo con el fin de manipular, direccionar, avasallar la rectitud de las licitaciones p\u00fablicas, con el consecuente saqueo de las arcas del Estado, como ha ocurrido en este caso, es perfectamente posible y adecuado encuadrar las acciones delictivas, en el delito de asociaci\u00f3n il\u00edcita\u201d.<strong> A su vez, el fiscal Sergio Mola deline\u00f3 el delito de administraci\u00f3n fraudulenta en perjuicio de la administraci\u00f3n p\u00fablica.<\/strong><\/p>\n\n\n\n<p><strong>Este lunes Mola y Luciano formalizar\u00e1n sus pedidos de penas <\/strong>para Cristina Kirchner, L\u00e1zaro B\u00e1ez; L\u00f3pez; el exministro de Planificaci\u00f3n Federal, Julio De Vido, y el extitular de la Direcci\u00f3n Nacional de Vialidad, Nelson Periotti, entre otros. El juicio continuar\u00e1 luego con la instancia de alegato de los abogados defensores y reci\u00e9n a fin de a\u00f1o se podr\u00eda conocer la definici\u00f3n de los integrantes del TOF 2.<\/p>\n","protected":false},"excerpt":{"rendered":"<p>El juez Diego Luciani pedir\u00e1 la condena de la vicepresidenta por entre 10 y 12 a\u00f1os de prisi\u00f3n y su inhabilitaci\u00f3n para ejercer cargos p\u00fablicos en el marco de la causa por el direccionamiento de la obra p\u00fablica vial a favor de L\u00e1zaro B\u00e1ez. En las \u00faltimas horas, los cristinistas dispararon una movida de victimizaci\u00f3n [&hellip;]<\/p>\n","protected":false},"author":40,"featured_media":350841,"comment_status":"open","ping_status":"open","sticky":false,"template":"","format":"standard","meta":{"_stopmodifiedupdate":false,"_modified_date":"","inline_featured_image":false,"spay_email":"","jetpack_publicize_message":""},"categories":[2,501],"tags":[1211,1834,1833,1835],"jetpack_featured_media_url":"https:\/\/notinor.com\/jujuy\/wp-content\/uploads\/2022\/08\/Dise\u00f1o-sin-t\u00edtulo-95.jpg","jetpack_publicize_connections":[],"_links":{"self":[{"href":"https:\/\/notinor.com\/jujuy\/wp-json\/wp\/v2\/posts\/350840"}],"collection":[{"href":"https:\/\/notinor.com\/jujuy\/wp-json\/wp\/v2\/posts"}],"about":[{"href":"https:\/\/notinor.com\/jujuy\/wp-json\/wp\/v2\/types\/post"}],"author":[{"embeddable":true,"href":"https:\/\/notinor.com\/jujuy\/wp-json\/wp\/v2\/users\/40"}],"replies":[{"embeddable":true,"href":"https:\/\/notinor.com\/jujuy\/wp-json\/wp\/v2\/comments?post=350840"}],"version-history":[{"count":2,"href":"https:\/\/notinor.com\/jujuy\/wp-json\/wp\/v2\/posts\/350840\/revisions"}],"predecessor-version":[{"id":350843,"href":"https:\/\/notinor.com\/jujuy\/wp-json\/wp\/v2\/posts\/350840\/revisions\/350843"}],"wp:featuredmedia":[{"embeddable":true,"href":"https:\/\/notinor.com\/jujuy\/wp-json\/wp\/v2\/media\/350841"}],"wp:attachment":[{"href":"https:\/\/notinor.com\/jujuy\/wp-json\/wp\/v2\/media?parent=350840"}],"wp:term":[{"taxonomy":"category","embeddable":true,"href":"https:\/\/notinor.com\/jujuy\/wp-json\/wp\/v2\/categories?post=350840"},{"taxonomy":"post_tag","embeddable":true,"href":"https:\/\/notinor.com\/jujuy\/wp-json\/wp\/v2\/tags?post=350840"}],"curies":[{"name":"wp","href":"https:\/\/api.w.org\/{rel}","templated":true}]}}