{"id":350758,"date":"2022-08-22T08:00:00","date_gmt":"2022-08-22T11:00:00","guid":{"rendered":"https:\/\/notinor.com\/jujuy\/?p=350758"},"modified":"2022-08-21T11:51:13","modified_gmt":"2022-08-21T14:51:13","slug":"sin-definiciones-economicas-ni-acuerdos-politicos","status":"publish","type":"post","link":"https:\/\/notinor.com\/jujuy\/sin-definiciones-economicas-ni-acuerdos-politicos\/","title":{"rendered":"Sin definiciones econ\u00f3micas ni acuerdos pol\u00edticos"},"content":{"rendered":"\n<p class=\"has-medium-font-size\"><strong><em>Nos acercamos a la recta final de agosto en medio de un contexto econ\u00f3mico con datos escalofriantes, confusi\u00f3n generalizada por la falta de se\u00f1ales concretas sobre el rumbo e incertidumbre que genera la poco clara implementaci\u00f3n de la nuevas medidas.<\/em><\/strong><\/p>\n\n\n\n<div class=\"wp-block-image\"><figure class=\"aligncenter size-medium is-resized\"><img decoding=\"async\" loading=\"lazy\" src=\"https:\/\/notinor.com\/jujuy\/wp-content\/uploads\/2022\/08\/laberinto-1-365x365.jpg\" alt=\"\" class=\"wp-image-350773\" width=\"760\" height=\"460\"\/><\/figure><\/div>\n\n\n\n<p><strong>A esto hay que sumar el c\u00f3mico, incomprensible e indignante <em>reality <\/em>pol\u00edtico<\/strong> en el que los protagonistas parecen m\u00e1s concentrados en las internas de las coaliciones y en lo que suceder\u00e1 en el a\u00f1o electoral que, por momentos, a pesar de la distancia, aparece tan cercano.<\/p>\n\n\n\n<p>Tras <a href=\"https:\/\/notinor.com\/jujuy\/la-inflacion-de-julio-fue-de-74-la-cifra-mensual-mas-alta-de-los-ultimos-20-anos\/\" target=\"_blank\" aria-label=\"undefined (abre en una nueva pesta\u00f1a)\" rel=\"noreferrer noopener\">el aumento generalizado de los precios del 7,4% promedio en julio,<\/a><strong> <\/strong>de acuerdo a las primeras estimaciones de reconocidas consultoras, <strong>la inflaci\u00f3n de agosto estar\u00e1 por encima del 6%,<\/strong> <strong>lo que confirma la tendencia de una inflaci\u00f3n anual que superar\u00e1 las tres cifras. <\/strong><\/p>\n\n\n\n<p><strong>En el \u00fanico lugar que se percibe cierta sensaci\u00f3n de estabilidad es en las cotizaciones de los distintos tipos de d\u00f3lar<\/strong> que comienzan a consolidarse en lo que aparece como un nuevo piso que ronda los 300 pesos. La \u00faltima semana el blue cerr\u00f3 en torno a 293, con una tendencia sensiblemente alcista, mientras que el contado con liquidaci\u00f3n (CCL) peg\u00f3 un salto de 9 pesos, culminando cerca de los 300. <\/p>\n\n\n\n<p><strong>El Banco Central sigue perdiendo reservas a un ritmo de m\u00e1s de 100 millones de d\u00f3lares diarios<\/strong> para pisar el precio del paralelo. As\u00ed va a ser muy dif\u00edcil reducir la brecha cambiaria que, otra vez, est\u00e1 por encima del 120%. El Riesgo Pa\u00eds parece haber encontrado nuevo piso en marcas por encima de los 2400 puntos.<\/p>\n\n\n\n<p><strong>Se dieron a conocer datos preocupantes sobre la deuda p\u00fablica. Solo los intereses de las LELIQs superan los 400.000 millones de pesos por mes. <\/strong>El presupuesto que consumen los intereses de estas letras, efecto conocido como D\u00e9ficit Cuasifiscal, supera al presupuesto de las jubilaciones.<\/p>\n\n\n\n<div class=\"wp-block-image\"><figure class=\"aligncenter is-resized\"><img decoding=\"async\" loading=\"lazy\" src=\"https:\/\/www.infobae.com\/new-resizer\/4hy1AqCR4QMPZpqpU0Zab8a1_CM=\/1200x900\/filters:format(webp):quality(85)\/\/cloudfront-us-east-1.images.arcpublishing.com\/infobae\/GYHDL3JY2JDFTFIFBFPA3DJ2IY.png\" alt=\"D\u00f3lar hoy: la cotizaci\u00f3n libre subi\u00f3 a $255 y la brecha cambiaria volvi\u00f3 a  superar el 100 por ciento - Infobae\" width=\"800\" height=\"500\"\/><\/figure><\/div>\n\n\n\n<p>Para hacer frente a esta monstruosidad, de casi 5 billones de pesos al a\u00f1o, <strong>el Tesoro anunci\u00f3 que elevar\u00e1 las tasas de inter\u00e9s, llegando a pagar m\u00e1s que el Banco Central;<\/strong> lo que implicar\u00e1 una doble emisi\u00f3n para sostener la locura de un d\u00e9ficit fiscal fuera de control y los intereses de una deuda, en pesos, pero indexada. <\/p>\n\n\n\n<p>Menos mal que dec\u00edan que endeudarse en pesos era mejor\u2026 hoy el Fondo Monetario Internacional (FMI) presta mucho menos. Y menos mal que Alberto Fernandez, en la campa\u00f1a del 2019, dijo que iba a dejar de pagar intereses de las LELIQs para aumentar las jubilaciones un 20%.<strong> Todav\u00eda siguen esperando los abuelos.<\/strong><\/p>\n\n\n\n<p class=\"has-medium-font-size\"><strong>Sin un plan concreto<\/strong><\/p>\n\n\n\n<p>En el Council de las Am\u00e9ricas, Sergio Massa pronunci\u00f3 nuevamente expresiones de deseo. En medio de esas se\u00f1ales de humo, <strong>ratific\u00f3 el cepo cambiario con una advertencia a aquellos que sobrefacturan importaciones o usan mecanismos de triangulaci\u00f3n<\/strong> <strong>para \u201ctratar de robarle d\u00f3lares al Banco Central\u201d y la promesa de darle todos los d\u00f3lares que necesiten \u201ca quienes producen, cuidan la salud e importan servicios o tecnolog\u00eda, para garantizar el crecimiento y el desarrollo de la Argentina\u201d<\/strong>. Palabras m\u00e1s palabras menos, sigue vigente el siniestro esquema de expropiaci\u00f3n de los d\u00f3lares de las exportaciones y el reparto arbitrario de los mismos.<\/p>\n\n\n\n<blockquote class=\"wp-block-quote\"><p><strong>Hasta que no se vea una especie de rumbo, y un liderazgo de Massa sobre \u00e9l, nadie va a tomar decisiones significativas, sino que va a esperar mayor claridad y previsibilidad.<\/strong><\/p><\/blockquote>\n\n\n\n<p>En la misma sinton\u00eda, el secretario de Comercio, <strong>Mat\u00edas Tombolini sigue tarareando la misma melod\u00eda de convocar a empresarios para discutir alg\u00fan tipo de congelamiento,<\/strong> como si los reiterados intentos de controles de precios hubieran demostrado, de manera sustentable en el tiempo, alg\u00fan resultado positivo en el pasado como medida anti-inflacionaria.<\/p>\n\n\n\n<p>De manera que, <strong>Massa y su entorno siguen ratificando pol\u00edticas fracasadas y presentando ideas e iniciativas a cuentagotas, y todo indica que seguimos sin un plan concreto.<\/strong> El sector econ\u00f3mico, l\u00f3gicamente, va a esperar a que termine de presentarlas. Hasta que no se vea una especie de rumbo, y un liderazgo de Massa sobre \u00e9l, <strong>nadie va a tomar decisiones significativas, sino que va a esperar mayor claridad y previsibilidad.<\/strong><\/p>\n\n\n\n<p class=\"has-medium-font-size\"><strong>Conflictividad social<\/strong><\/p>\n\n\n\n<p>Frente a este panorama, en un pa\u00eds que tiene m\u00e1s conflictividad que otras naciones, <strong>est\u00e1 algo caldeado el ambiente sindical y el de los movimientos sociales.<\/strong> Por un lado, algunos exigen reapertura de paritarias libres, otros se plegaron al proyecto del cristinismo de otorgar una suma tentativa de 70.000 pesos en dos cuotas, mientras que <strong>el Gobierno parece inclinarse hacia una soluci\u00f3n intermedia que contemple ambas posibilidades. <\/strong><\/p>\n\n\n\n<div class=\"wp-block-image\"><figure class=\"aligncenter is-resized\"><img decoding=\"async\" loading=\"lazy\" src=\"https:\/\/www.el1digital.com.ar\/wp-content\/uploads\/2021\/10\/CGT.jpeg\" alt=\"Marcha de la CGT: el sindicalismo matancero, movilizado por \u201cla unidad\u201d y  \u201cel trabajo\u201d - El1 Digital\" width=\"800\" height=\"450\"\/><\/figure><\/div>\n\n\n\n<p><strong>Esta grieta sindical se pudo apreciar en <\/strong><a href=\"https:\/\/notinor.com\/jujuy\/alberto-pone-lo-que-tenes-que-poner-reclamo-pablo-moyano-en-la-marcha-de-la-cgt\/\" target=\"_blank\" rel=\"noreferrer noopener\"><strong>la marcha en la que confluyeron m\u00e1s de 100.000 personas<\/strong>,<\/a> de distintas convocatorias y l\u00edneas de pensamiento. Hubo exigencias al Gobierno, algunos lo defendieron, aunque <strong><a href=\"https:\/\/notinor.com\/jujuy\/la-cgt-marchara-esta-tarde-contra-la-inflacion-intolerable-y-los-empresarios\/\" target=\"_blank\" rel=\"noreferrer noopener\">todos coincidieron en las cr\u00edticas a los formadores de precios,<\/a> que hoy son se\u00f1alados como los responsables de la inflaci\u00f3n. <\/strong>Los movimientos sociales simplemente se plegaron para exigir m\u00e1s fondos. Cuando gobernaba Mauricio Macri el culpable era el Presidente.<\/p>\n\n\n\n<p><strong>Las se\u00f1ales desde la pol\u00edtica tampoco son muy esperanzadoras.<\/strong> <strong>Alberto Fern\u00e1ndez no se resigna a perder protagonismo<\/strong>, reducido al rol de maestro de ceremonias en inauguraciones o actos protocolares cuando no est\u00e1 oficiando de mayordomo de la Quinta de Olivos y la Casa Rosada. Y en ello, a veces comete alg\u00fan mamarracho diplom\u00e1tico que solo puede ser igualado, pero nunca superado, por los que cometieron en los \u00faltimos tiempos embajadores militantes como Sabino Vaca Narvaja, Oscar Laborde o Rafael Bielsa.<\/p>\n\n\n\n<p>Esta vez, en su calidad de presidente <em>pro tempore<\/em> de la CELAC, en el cierre del seminario internacional \u201cEl futuro de la integraci\u00f3n: Unidad en la Diversidad\u201d, que tuvo lugar en el Centro Cultural Kirchner, <strong>volvi\u00f3 a asumir la defensa de Cuba y Venezuela<\/strong> -a pesar del reciente destrato que sufri\u00f3 de parte de referentes del chavismo por el avi\u00f3n venezolano-iran\u00ed retenido en Ezeiza por disposici\u00f3n de la Justicia-,<strong> y critic\u00f3 el \u201cimperdonable\u201d bloqueo que<\/strong> <a aria-label=\"undefined (abre en una nueva pesta\u00f1a)\" href=\"https:\/\/notinor.com\/jujuy\/alberto-fernandez-defendio-a-cuba-y-venezuela-y-pidio-que-se-levanten-los-bloqueos-es-imperdonable\/\" target=\"_blank\" rel=\"noreferrer noopener\">seg\u00fan su visi\u00f3n geopol\u00edtica sufren estos dos reg\u00edmenes.<\/a> <\/p>\n\n\n\n<p class=\"has-medium-font-size\"><strong>T\u00edmidos llamados al di\u00e1logo<\/strong><\/p>\n\n\n\n<p><strong>Tanto en el oficialismo como en la oposici\u00f3n suenan t\u00edmidamente llamados al di\u00e1logo para acordar alguna especie de rumbo.<\/strong> <strong>Con algo m\u00e1s de resonancia lo pidi\u00f3 Horacio Rodr\u00edguez Larreta,<\/strong> quien pidi\u00f3 conformar un gobierno de coalici\u00f3n, mientras que Sergio Massa hizo lo propio al convocar a la oposici\u00f3n al di\u00e1logo, aunque sin temario, inst\u00e1ndola a \u201cno tener miedo ni verg\u00fcenza\u201d. <\/p>\n\n\n\n<div class=\"wp-block-image\"><figure class=\"aligncenter is-resized\"><img decoding=\"async\" src=\"https:\/\/tn.com.ar\/resizer\/xDran6tJWf1p1j_jEybOnpAv0vU=\/767x0\/smart\/cloudfront-us-east-1.images.arcpublishing.com\/artear\/LVBHBOPEMZCOBBT5M5K7S32RNQ.jpg\" alt=\"C\u00f3mo quedar\u00e1 conformada la C\u00e1mara de Diputados despu\u00e9s de la jura de los  legisladores | TN\" height=\"450\"\/><\/figure><\/div>\n\n\n\n<p>Donde seguramente no habr\u00e1 ni miedo ni verg\u00fcenza ser\u00e1 en<strong> la c\u00e1mara de Diputados, que se apresta para debatir el nuevo Pacto Fiscal, que permitir\u00e1 a los gobernadores cobrar m\u00e1s impuestos<\/strong>. A este llamado al di\u00e1logo se sum\u00f3 el embajador norteamericano Marc Stanley, quien sugiri\u00f3 no esperar hasta 2023 para articular una mayor\u00eda.<\/p>\n\n\n\n<p><strong>El tema es que las coaliciones ya existen. Son la coalici\u00f3n gobernante y la coalici\u00f3n opositora. Lo que Argentina necesita no es una nueva coalici\u00f3n, sino un acuerdo pol\u00edtico entre coaliciones, <\/strong>algo que dif\u00edcilmente ocurrir\u00e1 si dentro de las propias coaliciones tampoco hay acuerdos entre los l\u00edderes de los sectores que las conforman. <\/p>\n\n\n\n<p>De nada sirve la vocaci\u00f3n al di\u00e1logo que expresan si dentro de la coalici\u00f3n gobernante Cristina Kirchner le dice \u201cno\u201d al di\u00e1logo que propone el ministro de Econom\u00eda, o si dentro de la coalici\u00f3n opositora Mauricio Macri le dice \u201cno\u201d al di\u00e1logo al que convoca el jefe de gobierno porte\u00f1o, porque <strong>no parece haber consenso entre las fuerzas que conforman las coaliciones. Los principales enemigos o adversarios de los l\u00edderes est\u00e1n adentro y no afuera o en frente. <\/strong>Ah\u00ed parece radicar parte del problema.<\/p>\n","protected":false},"excerpt":{"rendered":"<p>Nos acercamos a la recta final de agosto en medio de un contexto econ\u00f3mico con datos escalofriantes, confusi\u00f3n generalizada por la falta de se\u00f1ales concretas sobre el rumbo e incertidumbre que genera la poco clara implementaci\u00f3n de la nuevas medidas. A esto hay que sumar el c\u00f3mico, incomprensible e indignante reality pol\u00edtico en el que [&hellip;]<\/p>\n","protected":false},"author":51,"featured_media":350773,"comment_status":"open","ping_status":"open","sticky":false,"template":"","format":"standard","meta":{"_stopmodifiedupdate":false,"_modified_date":"","inline_featured_image":false,"spay_email":"","jetpack_publicize_message":""},"categories":[2,1035,1127],"tags":[],"jetpack_featured_media_url":"https:\/\/notinor.com\/jujuy\/wp-content\/uploads\/2022\/08\/laberinto-1.jpg","jetpack_publicize_connections":[],"_links":{"self":[{"href":"https:\/\/notinor.com\/jujuy\/wp-json\/wp\/v2\/posts\/350758"}],"collection":[{"href":"https:\/\/notinor.com\/jujuy\/wp-json\/wp\/v2\/posts"}],"about":[{"href":"https:\/\/notinor.com\/jujuy\/wp-json\/wp\/v2\/types\/post"}],"author":[{"embeddable":true,"href":"https:\/\/notinor.com\/jujuy\/wp-json\/wp\/v2\/users\/51"}],"replies":[{"embeddable":true,"href":"https:\/\/notinor.com\/jujuy\/wp-json\/wp\/v2\/comments?post=350758"}],"version-history":[{"count":7,"href":"https:\/\/notinor.com\/jujuy\/wp-json\/wp\/v2\/posts\/350758\/revisions"}],"predecessor-version":[{"id":350780,"href":"https:\/\/notinor.com\/jujuy\/wp-json\/wp\/v2\/posts\/350758\/revisions\/350780"}],"wp:featuredmedia":[{"embeddable":true,"href":"https:\/\/notinor.com\/jujuy\/wp-json\/wp\/v2\/media\/350773"}],"wp:attachment":[{"href":"https:\/\/notinor.com\/jujuy\/wp-json\/wp\/v2\/media?parent=350758"}],"wp:term":[{"taxonomy":"category","embeddable":true,"href":"https:\/\/notinor.com\/jujuy\/wp-json\/wp\/v2\/categories?post=350758"},{"taxonomy":"post_tag","embeddable":true,"href":"https:\/\/notinor.com\/jujuy\/wp-json\/wp\/v2\/tags?post=350758"}],"curies":[{"name":"wp","href":"https:\/\/api.w.org\/{rel}","templated":true}]}}