{"id":350719,"date":"2022-08-20T22:50:09","date_gmt":"2022-08-21T01:50:09","guid":{"rendered":"https:\/\/notinor.com\/jujuy\/?p=350719"},"modified":"2022-08-20T22:58:46","modified_gmt":"2022-08-21T01:58:46","slug":"para-captar-mas-dolares-sergio-massa-anuncio-que-se-reglamentara-el-blanqueo-para-la-construccion","status":"publish","type":"post","link":"https:\/\/notinor.com\/jujuy\/para-captar-mas-dolares-sergio-massa-anuncio-que-se-reglamentara-el-blanqueo-para-la-construccion\/","title":{"rendered":"Para captar m\u00e1s d\u00f3lares, Sergio Massa anunci\u00f3 que se reglamentar\u00e1 el blanqueo para la construcci\u00f3n"},"content":{"rendered":"\n<p class=\"has-medium-font-size\"><strong><em>Era uno de los reclamos del ministro de Econom\u00eda. El Gobierno busca captar 4500 millones de d\u00f3lares.<\/em><\/strong><\/p>\n\n\n\n<div class=\"wp-block-image\"><figure class=\"aligncenter size-large\"><img decoding=\"async\" loading=\"lazy\" width=\"800\" height=\"450\" src=\"https:\/\/notinor.com\/jujuy\/wp-content\/uploads\/2022\/08\/construccion.jpg\" alt=\"\" class=\"wp-image-350720\" srcset=\"https:\/\/notinor.com\/jujuy\/wp-content\/uploads\/2022\/08\/construccion.jpg 800w, https:\/\/notinor.com\/jujuy\/wp-content\/uploads\/2022\/08\/construccion-649x365.jpg 649w, https:\/\/notinor.com\/jujuy\/wp-content\/uploads\/2022\/08\/construccion-500x280.jpg 500w, https:\/\/notinor.com\/jujuy\/wp-content\/uploads\/2022\/08\/construccion-768x432.jpg 768w, https:\/\/notinor.com\/jujuy\/wp-content\/uploads\/2022\/08\/construccion-750x422.jpg 750w\" sizes=\"(max-width: 800px) 100vw, 800px\" \/><\/figure><\/div>\n\n\n\n<p>En medio de la b\u00fasqueda de d\u00f3lares para engrosar las arcas del Banco Central, el Gobierno anunci\u00f3 que <strong>esta semana se publicar\u00e1 la reglamentaci\u00f3n del R\u00e9gimen de Blanqueo para la Construcci\u00f3n,<\/strong> el cual extender\u00e1 por un a\u00f1o el alivio fiscal lanzado en 2021.<\/p>\n\n\n\n<p><strong>As\u00ed lo anunci\u00f3 el ministro de Econom\u00eda, Sergio Massa,<\/strong> a trav\u00e9s de un hilo de tuits que public\u00f3 durante la tarde del s\u00e1bado.<\/p>\n\n\n\n<p>En su anuncio virtual, Massa destac\u00f3 que<strong> \"esta medida de alivio fiscal es clave para impulsar el crecimiento y la financiaci\u00f3n de una de las industrias m\u00e1s pujantes del pa\u00eds\".<\/strong><\/p>\n\n\n\n<p><strong>\"Cuando trabaja la construcci\u00f3n, trabajan las actividades a su alrededor, se crean empleos, se mueve la econom\u00eda y la Argentina crece\",<\/strong> resalt\u00f3.<\/p>\n\n\n\n<p>De acuerdo a la informaci\u00f3n proporcionada por el titular de Hacienda, el llamado <strong>Alivio fiscal para la Construcci\u00f3n Federal Argentina y Acceso a la Vivienda<\/strong> ser\u00e1 promulgado el lunes en el Bolet\u00edn Oficial, cuando se confirme la extensi\u00f3n de la ley N\u00ba 27.679.<\/p>\n\n\n\n<figure class=\"wp-block-embed-twitter wp-block-embed is-type-rich is-provider-twitter\"><div class=\"wp-block-embed__wrapper\">\n<blockquote class=\"twitter-tweet\" data-width=\"500\" data-dnt=\"true\"><p lang=\"es\" dir=\"ltr\">El lunes se publicar\u00e1 en el Bolet\u00edn Oficial la promulgaci\u00f3n de la Ley de Incentivo a la Construcci\u00f3n Federal Argentina y Acceso a la Vivienda N\u00ba 27.679, que extiende por un a\u00f1o el R\u00e9gimen de Blanqueo para la Construcci\u00f3n. <a href=\"https:\/\/t.co\/kCq1PIDyPV\">pic.twitter.com\/kCq1PIDyPV<\/a><\/p>&mdash; Sergio Massa (@SergioMassa) <a href=\"https:\/\/twitter.com\/SergioMassa\/status\/1561096277915729920?ref_src=twsrc%5Etfw\">August 20, 2022<\/a><\/blockquote><script async src=\"https:\/\/platform.twitter.com\/widgets.js\" charset=\"utf-8\"><\/script>\n<\/div><\/figure>\n\n\n\n<p><strong>La iniciativa plantea una serie de medidas pensadas para \"tentar\" a quienes tengan d\u00f3lares (o pesos) por fuera del sistema formal.<\/strong> All\u00ed plantea una declaraci\u00f3n voluntaria de tenencia de moneda nacional y extranjera, que tendr\u00e1 destino para la construcci\u00f3n. Los fondos ser\u00edan alcanzados por un impuesto especial que en una primera etapa ser\u00e1 del 5 %.<\/p>\n\n\n\n<p>Una vez que pasen los primeros 90 d\u00edas, el mismo ser\u00e1 del 10 % y luego del 20 % en una tercera etapa. <strong>De esta manera, el plazo total es de un a\u00f1o, mucho m\u00e1s amplio que el esquema del a\u00f1o pasado y que estuvo vigente durante menos de tres meses.<\/strong><\/p>\n\n\n\n<p>La norma hab\u00eda sido promovida por el propio Massa durante su per\u00edodo como presidente de la C\u00e1mara de Diputados. <strong>\"El tema de construcci\u00f3n, m\u00e1s all\u00e1 de que muchos no le dan importancia, puede representar un adicional de inversi\u00f3n privada de entre 4.000 y 4.500 millones de dolares. Es muy importante tenerlo aprobado\", <\/strong>hab\u00eda dicho el ahora ministro en mayo pasado. En ese momento era uno de los impulsores de la iniciativa junto al titular del bloque PRO, Cristian Ritondo.<\/p>\n\n\n\n<p><strong>La propuesta fue aprobada con 35 votos a favor y 26 en contra. <\/strong>De esta manera logr\u00f3 imponerse al rechazo de los senadores de Juntos por el Cambio.<\/p>\n\n\n\n<p>En su primera versi\u00f3n, <strong>el blanqueo logr\u00f3 la exteriorizaci\u00f3n de solo unos US$ 200 millones, <\/strong>bastante menos que los US$ 5.000 millones que se hab\u00edan proyectado al presentar la propuesta.<\/p>\n","protected":false},"excerpt":{"rendered":"<p>Era uno de los reclamos del ministro de Econom\u00eda. El Gobierno busca captar 4500 millones de d\u00f3lares. En medio de la b\u00fasqueda de d\u00f3lares para engrosar las arcas del Banco Central, el Gobierno anunci\u00f3 que esta semana se publicar\u00e1 la reglamentaci\u00f3n del R\u00e9gimen de Blanqueo para la Construcci\u00f3n, el cual extender\u00e1 por un a\u00f1o el [&hellip;]<\/p>\n","protected":false},"author":49,"featured_media":350720,"comment_status":"open","ping_status":"open","sticky":false,"template":"","format":"standard","meta":{"_stopmodifiedupdate":false,"_modified_date":"","inline_featured_image":false,"spay_email":"","jetpack_publicize_message":""},"categories":[676],"tags":[],"jetpack_featured_media_url":"https:\/\/notinor.com\/jujuy\/wp-content\/uploads\/2022\/08\/construccion.jpg","jetpack_publicize_connections":[],"_links":{"self":[{"href":"https:\/\/notinor.com\/jujuy\/wp-json\/wp\/v2\/posts\/350719"}],"collection":[{"href":"https:\/\/notinor.com\/jujuy\/wp-json\/wp\/v2\/posts"}],"about":[{"href":"https:\/\/notinor.com\/jujuy\/wp-json\/wp\/v2\/types\/post"}],"author":[{"embeddable":true,"href":"https:\/\/notinor.com\/jujuy\/wp-json\/wp\/v2\/users\/49"}],"replies":[{"embeddable":true,"href":"https:\/\/notinor.com\/jujuy\/wp-json\/wp\/v2\/comments?post=350719"}],"version-history":[{"count":2,"href":"https:\/\/notinor.com\/jujuy\/wp-json\/wp\/v2\/posts\/350719\/revisions"}],"predecessor-version":[{"id":350722,"href":"https:\/\/notinor.com\/jujuy\/wp-json\/wp\/v2\/posts\/350719\/revisions\/350722"}],"wp:featuredmedia":[{"embeddable":true,"href":"https:\/\/notinor.com\/jujuy\/wp-json\/wp\/v2\/media\/350720"}],"wp:attachment":[{"href":"https:\/\/notinor.com\/jujuy\/wp-json\/wp\/v2\/media?parent=350719"}],"wp:term":[{"taxonomy":"category","embeddable":true,"href":"https:\/\/notinor.com\/jujuy\/wp-json\/wp\/v2\/categories?post=350719"},{"taxonomy":"post_tag","embeddable":true,"href":"https:\/\/notinor.com\/jujuy\/wp-json\/wp\/v2\/tags?post=350719"}],"curies":[{"name":"wp","href":"https:\/\/api.w.org\/{rel}","templated":true}]}}