{"id":350576,"date":"2022-08-19T12:05:37","date_gmt":"2022-08-19T15:05:37","guid":{"rendered":"https:\/\/notinor.com\/jujuy\/?p=350576"},"modified":"2022-08-19T13:29:46","modified_gmt":"2022-08-19T16:29:46","slug":"conoce-como-es-la-implementacion-de-las-nuevas-disposiciones-tarifarias","status":"publish","type":"post","link":"https:\/\/notinor.com\/jujuy\/conoce-como-es-la-implementacion-de-las-nuevas-disposiciones-tarifarias\/","title":{"rendered":"Conoc\u00e9 como es la implementaci\u00f3n de las nuevas disposiciones tarifarias"},"content":{"rendered":"\n<p class=\"has-medium-font-size\"><strong><em>Ante las diversas versiones y opiniones expresadas en relaci\u00f3n a la implementaci\u00f3n de las nuevas disposiciones tarifarias, desde EJESA compartieron un comunicado institucional con informaci\u00f3n de inter\u00e9s para la comunidad.<\/em><\/strong><\/p>\n\n\n\n<figure class=\"is-layout-flex wp-block-gallery-1 wp-block-gallery aligncenter columns-1 is-cropped\"><ul class=\"blocks-gallery-grid\"><li class=\"blocks-gallery-item\"><figure><img decoding=\"async\" loading=\"lazy\" width=\"600\" height=\"480\" src=\"https:\/\/notinor.com\/jujuy\/wp-content\/uploads\/2022\/08\/ejesa11-600x480.jpg\" alt=\"\" data-id=\"350586\" data-full-url=\"https:\/\/notinor.com\/jujuy\/wp-content\/uploads\/2022\/08\/ejesa11.jpg\" data-link=\"https:\/\/notinor.com\/jujuy\/conoce-como-es-la-implementacion-de-las-nuevas-disposiciones-tarifarias\/ejesa11\/\" class=\"wp-image-350586\" srcset=\"https:\/\/notinor.com\/jujuy\/wp-content\/uploads\/2022\/08\/ejesa11-600x480.jpg 600w, https:\/\/notinor.com\/jujuy\/wp-content\/uploads\/2022\/08\/ejesa11-456x365.jpg 456w, https:\/\/notinor.com\/jujuy\/wp-content\/uploads\/2022\/08\/ejesa11.jpg 717w\" sizes=\"(max-width: 600px) 100vw, 600px\" \/><\/figure><\/li><\/ul><\/figure>\n\n\n\n<p class=\"has-medium-font-size\"><strong>Disposiciones Provinciales:<\/strong><\/p>\n\n\n\n<p>El gobierno de la provincia autoriz\u00f3 una actuaci\u00f3n del <strong>24% del valor agregado de distribuci\u00f3n<\/strong> (resoluciones SUSEPU N\u00b0 100\/2022 y 182\/2022)<\/p>\n\n\n\n<p class=\"has-medium-font-size\"><strong>Destinado a:<\/strong><\/p>\n\n\n\n<ul><li>inversiones t\u00e9cnicas y comerciales,<\/li><li>mejora de la calidad del servicio,<\/li><li>ejecuci\u00f3n de tareas de mantenimiento,<\/li><li>optimizaci\u00f3n de gesti\u00f3n y atenci\u00f3n de los usuarios.<\/li><\/ul>\n\n\n\n<p class=\"has-medium-font-size\"><strong>Disposiciones Nacionales:<\/strong><\/p>\n\n\n\n<p>El gobierno nacional estableci\u00f3 un incremento en los precios de energ\u00eda y potencia: resoluci\u00f3n nacional 105\/2022, febrero de 2022:<\/p>\n\n\n\n<ul><li><strong>34% residenciales<\/strong><\/li><li><strong>50% organismos p\u00fablicos, peque\u00f1os comercios e industrias<\/strong><\/li><\/ul>\n\n\n\n<p class=\"has-medium-font-size\"><strong>Resoluci\u00f3n nacional 305\/2022, abril de 2022:<\/strong><\/p>\n\n\n\n<p>Grandes usuarios: en <strong>energ\u00eda 69%<\/strong> y <strong>potencia 371%<\/strong><\/p>\n\n\n\n<p class=\"has-medium-font-size\"><strong>Incremento de la demanda:<\/strong><\/p>\n\n\n\n<p>Adicionalmente, los consumos de energ\u00eda efectuados durante los meses de mayo a julio, coincidente <strong>con el periodo invernal aumentaron un 30%, respecto a los meses anteriores<\/strong>.<\/p>\n\n\n\n<p class=\"has-medium-font-size\"><strong>Tarifas de Jujuy y el resto del pa\u00eds<\/strong><\/p>\n\n\n\n<p>Conforme lo informado por la Secretaria de energ\u00eda de la Naci\u00f3n, <strong>Jujuy se encuentra entre las provincias con tarifas m\u00e1s bajas.<\/strong><\/p>\n\n\n\n<figure class=\"is-layout-flex wp-block-gallery-3 wp-block-gallery aligncenter columns-1 is-cropped\"><ul class=\"blocks-gallery-grid\"><li class=\"blocks-gallery-item\"><figure><img decoding=\"async\" loading=\"lazy\" width=\"342\" height=\"480\" src=\"https:\/\/notinor.com\/jujuy\/wp-content\/uploads\/2022\/08\/WhatsApp-Image-2022-08-19-at-8.40.46-AM-342x480.jpeg\" alt=\"\" data-id=\"350584\" data-full-url=\"https:\/\/notinor.com\/jujuy\/wp-content\/uploads\/2022\/08\/WhatsApp-Image-2022-08-19-at-8.40.46-AM.jpeg\" data-link=\"https:\/\/notinor.com\/jujuy\/?attachment_id=350584\" class=\"wp-image-350584\" srcset=\"https:\/\/notinor.com\/jujuy\/wp-content\/uploads\/2022\/08\/WhatsApp-Image-2022-08-19-at-8.40.46-AM-342x480.jpeg 342w, https:\/\/notinor.com\/jujuy\/wp-content\/uploads\/2022\/08\/WhatsApp-Image-2022-08-19-at-8.40.46-AM-260x365.jpeg 260w, https:\/\/notinor.com\/jujuy\/wp-content\/uploads\/2022\/08\/WhatsApp-Image-2022-08-19-at-8.40.46-AM-768x1078.jpeg 768w, https:\/\/notinor.com\/jujuy\/wp-content\/uploads\/2022\/08\/WhatsApp-Image-2022-08-19-at-8.40.46-AM-360x504.jpeg 360w, https:\/\/notinor.com\/jujuy\/wp-content\/uploads\/2022\/08\/WhatsApp-Image-2022-08-19-at-8.40.46-AM-750x1053.jpeg 750w, https:\/\/notinor.com\/jujuy\/wp-content\/uploads\/2022\/08\/WhatsApp-Image-2022-08-19-at-8.40.46-AM.jpeg 912w\" sizes=\"(max-width: 342px) 100vw, 342px\" \/><\/figure><\/li><\/ul><\/figure>\n","protected":false},"excerpt":{"rendered":"<p>Ante las diversas versiones y opiniones expresadas en relaci\u00f3n a la implementaci\u00f3n de las nuevas disposiciones tarifarias, desde EJESA compartieron un comunicado institucional con informaci\u00f3n de inter\u00e9s para la comunidad. Disposiciones Provinciales: El gobierno de la provincia autoriz\u00f3 una actuaci\u00f3n del 24% del valor agregado de distribuci\u00f3n (resoluciones SUSEPU N\u00b0 100\/2022 y 182\/2022) Destinado a: [&hellip;]<\/p>\n","protected":false},"author":52,"featured_media":350586,"comment_status":"open","ping_status":"open","sticky":false,"template":"","format":"standard","meta":{"_stopmodifiedupdate":false,"_modified_date":"","inline_featured_image":false,"spay_email":"","jetpack_publicize_message":""},"categories":[490,514],"tags":[623,1777],"jetpack_featured_media_url":"https:\/\/notinor.com\/jujuy\/wp-content\/uploads\/2022\/08\/ejesa11.jpg","jetpack_publicize_connections":[],"_links":{"self":[{"href":"https:\/\/notinor.com\/jujuy\/wp-json\/wp\/v2\/posts\/350576"}],"collection":[{"href":"https:\/\/notinor.com\/jujuy\/wp-json\/wp\/v2\/posts"}],"about":[{"href":"https:\/\/notinor.com\/jujuy\/wp-json\/wp\/v2\/types\/post"}],"author":[{"embeddable":true,"href":"https:\/\/notinor.com\/jujuy\/wp-json\/wp\/v2\/users\/52"}],"replies":[{"embeddable":true,"href":"https:\/\/notinor.com\/jujuy\/wp-json\/wp\/v2\/comments?post=350576"}],"version-history":[{"count":3,"href":"https:\/\/notinor.com\/jujuy\/wp-json\/wp\/v2\/posts\/350576\/revisions"}],"predecessor-version":[{"id":350597,"href":"https:\/\/notinor.com\/jujuy\/wp-json\/wp\/v2\/posts\/350576\/revisions\/350597"}],"wp:featuredmedia":[{"embeddable":true,"href":"https:\/\/notinor.com\/jujuy\/wp-json\/wp\/v2\/media\/350586"}],"wp:attachment":[{"href":"https:\/\/notinor.com\/jujuy\/wp-json\/wp\/v2\/media?parent=350576"}],"wp:term":[{"taxonomy":"category","embeddable":true,"href":"https:\/\/notinor.com\/jujuy\/wp-json\/wp\/v2\/categories?post=350576"},{"taxonomy":"post_tag","embeddable":true,"href":"https:\/\/notinor.com\/jujuy\/wp-json\/wp\/v2\/tags?post=350576"}],"curies":[{"name":"wp","href":"https:\/\/api.w.org\/{rel}","templated":true}]}}