{"id":350572,"date":"2022-08-19T11:29:19","date_gmt":"2022-08-19T14:29:19","guid":{"rendered":"https:\/\/notinor.com\/jujuy\/?p=350572"},"modified":"2022-08-19T11:55:34","modified_gmt":"2022-08-19T14:55:34","slug":"caso-milagro-sala-ahora-tambien-hablo-patricia-jaldin-y-revelo-como-eran-los-viajes-para-llevar-dolares-al-exterior","status":"publish","type":"post","link":"https:\/\/notinor.com\/jujuy\/caso-milagro-sala-ahora-tambien-hablo-patricia-jaldin-y-revelo-como-eran-los-viajes-para-llevar-dolares-al-exterior\/","title":{"rendered":"Caso Milagro Sala: ahora tambi\u00e9n habl\u00f3 Patricia Jald\u00edn y revel\u00f3 c\u00f3mo eran los viajes para llevar d\u00f3lares al exterior"},"content":{"rendered":"\n<p class=\"has-medium-font-size\"><strong><em>La docente que fue colaboradora de la l\u00edder de la Tupac Amaru confiesa haber participado de maniobras con dinero p\u00fablico: \u201cSal\u00eda de la casa de Milagro y cambi\u00e1bamos pesos por d\u00f3lares en un hotel de Buenos Aires\u201d, admite.<\/em><\/strong><\/p>\n\n\n\n<div class=\"wp-block-image\"><figure class=\"aligncenter size-large\"><img decoding=\"async\" loading=\"lazy\" width=\"800\" height=\"450\" src=\"https:\/\/notinor.com\/jujuy\/wp-content\/uploads\/2022\/08\/patricia-jaldin.jpg\" alt=\"\" class=\"wp-image-350574\" srcset=\"https:\/\/notinor.com\/jujuy\/wp-content\/uploads\/2022\/08\/patricia-jaldin.jpg 800w, https:\/\/notinor.com\/jujuy\/wp-content\/uploads\/2022\/08\/patricia-jaldin-649x365.jpg 649w, https:\/\/notinor.com\/jujuy\/wp-content\/uploads\/2022\/08\/patricia-jaldin-500x280.jpg 500w, https:\/\/notinor.com\/jujuy\/wp-content\/uploads\/2022\/08\/patricia-jaldin-768x432.jpg 768w, https:\/\/notinor.com\/jujuy\/wp-content\/uploads\/2022\/08\/patricia-jaldin-750x422.jpg 750w\" sizes=\"(max-width: 800px) 100vw, 800px\" \/><\/figure><\/div>\n\n\n\n<p>Si cualquier destino consta del momento en que uno sabe definitivamente qui\u00e9n es, el de <strong>Patricia Jald\u00edn (53)<\/strong> ha sido siempre la docencia; tiene voz de maestra. Lleva tres d\u00e9cadas abocada a la educaci\u00f3n primaria. En el largo y complicado camino hacia su destino, <strong>en 2003 \u201cla Pato\u201d se cruz\u00f3 con Milagro Sala.<\/strong> Y pas\u00f3 de docente a ser colaboradora de confianza de una de las personas m\u00e1s poderosas de Jujuy.<\/p>\n\n\n\n<p>En 2010, Jald\u00edn se hizo cargo del \u00e1rea educativa de la organizaci\u00f3n de Sala. Desde entonces es directora de Bartolina Sisa, la escuela que fund\u00f3 en el barrio Tupac Amaru. <strong>\u201cLa dire\u201d, como le dicen sus colegas, repite de memoria la matr\u00edcula de la Bartolina Sisa, a\u00f1o por a\u00f1o.<\/strong> De pronto, la maestra cuenta c\u00f3mo se convirti\u00f3 en tesorera de una de las organizaciones sociales m\u00e1s trascendentes de Argentina.<\/p>\n\n\n\n<p>Desde all\u00ed, vio pasar bolsos con dinero, reparti\u00f3 vi\u00e1ticos para las comitivas que viajaban al exterior con Milagro Sala. Y en 2014, viaj\u00f3 al Vaticano junto a la l\u00edder de la Tupac. <strong>Antes de conocer al Papa, pas\u00f3 por la habitaci\u00f3n de Sala a <a href=\"https:\/\/notinor.com\/jujuy\/causa-milagro-sala-los-arrepentidos-podrian-ampliar-su-declaracion-y-presentar-mas-pruebas\/\" target=\"_blank\" aria-label=\"undefined (abre en una nueva pesta\u00f1a)\" rel=\"noreferrer noopener\">devolver los USD 10.000 que le hab\u00edan dado previo a subir al avi\u00f3n.<\/a><\/strong> \u201cToda la plata sal\u00eda de la casa de Milagro\u201d, revela Jald\u00edn en esta entrevista exclusiva.<\/p>\n\n\n\n<p>Entre carpetas y cuadernos para corregir, Jald\u00edn recibe a Infobae en la direcci\u00f3n de Bartolina Sisa. <strong>La escuela est\u00e1 en <a href=\"https:\/\/notinor.com\/jujuy\/el-cantri-el-barrio-que-fue-emblema-del-poder-de-milagro-sala-se-sumerge-en-la-resignacion\/\" target=\"_blank\" aria-label=\"undefined (abre en una nueva pesta\u00f1a)\" rel=\"noreferrer noopener\">\u201cEl Cantri\u201d, barrio Tupac Amaru,<\/a> a 10 kil\u00f3metros de San Salvador de Jujuy, por la Ruta 9.<\/strong> Para llegar a la escuela hay que atravesar un sinuoso camino de ripio. Luego de atravesar una peque\u00f1a colima, la Bartolina emerge ingente entre peque\u00f1as casas con paredes ra\u00eddas.<\/p>\n\n\n\n<p>\u201cMilagro dej\u00f3 tirada a mucha gente\u201d, le dice Jald\u00edn a Infobae. <strong>Desde que la jefa de la Tupac qued\u00f3 detenida en 2016, la maestra comenz\u00f3 a distanciarse. <\/strong>Sala la catalog\u00f3 como \u201ctraidora\u201d por acercarse a la gobernaci\u00f3n de Gerardo Morales. \u201cNo hab\u00eda otra opci\u00f3n\u201d, asegura Jald\u00edn.<\/p>\n\n\n\n<p>Durante este reportaje, la ex tupaquera se suelta y <strong>revela detalles de los negociados de la organizaci\u00f3n, de los viajes al exterior para sacar d\u00f3lares del pa\u00eds,<\/strong> y tambi\u00e9n sobre la forma \u201cviolenta\u201d de construir poder por parte de Sala.<\/p>\n\n\n\n<p><strong>-\u00bfQui\u00e9n es Patricia Jald\u00edn?<\/strong><\/p>\n\n\n\n<p>-Es una maestra que se dedica al trabajo territorial y social. Tambi\u00e9n soy abuela de seis nietos. Estoy muy dedicada a la docencia, con el fin de que esta escuela funcione bien.<\/p>\n\n\n\n<p><strong>-\u00bfQu\u00e9 representa para vos la Escuela Bartolina Sisa?<\/strong><\/p>\n\n\n\n<p>-Es la escuela que fund\u00e9 en 2010 con la Tupac Amaru. Es una instituci\u00f3n que brinda un servicio educativo de calidad para ni\u00f1os y familias con ciertas desigualdades. Esta escuela tambi\u00e9n tiene como misi\u00f3n brindar contenci\u00f3n cuando el ni\u00f1o lo necesita.<\/p>\n\n\n\n<p><strong>-\u00bfC\u00f3mo fue fundar una escuela?<\/strong><\/p>\n\n\n\n<p>-Yo era docente en la provincia. Y en 2003 se dio de empezar a trabajar en la Tupac Amaru. Empec\u00e9 con aulas para j\u00f3venes y adultos que no hab\u00edan terminado la primaria.<\/p>\n\n\n\n<p><strong>-\u00bfY c\u00f3mo surgi\u00f3 el acercamiento a la Tupac?<\/strong><\/p>\n\n\n\n<p>-Era miembro de un sindicato docente. Y en las luchas salariales con el Frente de gremios de ac\u00e1 empezamos a conocernos con Milagro Sala. En los acampes y las marchas, se hizo m\u00e1s frecuente conversar. Y un d\u00eda ella nos propuso trabajar en la Tupac con el tema educaci\u00f3n.<\/p>\n\n\n\n<p><strong>-\u00bfC\u00f3mo sigui\u00f3 despu\u00e9s?<\/strong><\/p>\n\n\n\n<p>-Luego me convoc\u00f3 para fundar la escuela primaria. Porque los cooperativistas no ten\u00edan escuelas cercanas para mandar a sus hijos. La organizaci\u00f3n cre\u00f3 una deuda interna con los trabajadores, ya que de tantas horas de trabajo, los padres estaban muy ausentes y los hijos ten\u00edan problemas de aprendizaje. Ah\u00ed fue cuando se decidi\u00f3 crear la escuela en el Barrio Tupac Amaru. En marzo del 2010 inauguramos la escuela. Ten\u00edamos una matr\u00edcula de casi 400 alumnos. Hoy ya tenemos casi 700 alumnos.<\/p>\n\n\n\n<p><strong>-\u00bfC\u00f3mo se entrelaza la docencia con la tarea social y militante?<\/strong><\/p>\n\n\n\n<p>-En el 2001, yo ya era docente y trabajaba de eso. Pero hab\u00eda familiares que estaban desocupados. Entonces empezamos a armar roperos comunitarios y a militar. Primero empec\u00e9 en la CTA y despu\u00e9s en la Tupac. La docencia te lleva a que no descuides lo que pasa en lo social.<\/p>\n\n\n\n<p><strong>-\u00bfC\u00f3mo era tu v\u00ednculo con Milagro Sala?<\/strong><\/p>\n\n\n\n<p>-Ten\u00edamos una relaci\u00f3n directa. Cada sector respond\u00eda por s\u00ed mismo. Yo estaba a cargo del \u00e1rea de educaci\u00f3n primaria y rend\u00eda cuentas de ese sector. Era un trato directo con ella.<\/p>\n\n\n\n<p><strong>-\u00bfY c\u00f3mo era la relaci\u00f3n?<\/strong><\/p>\n\n\n\n<p>-Milagro es una persona muy especial. Tiene un temperamento que no se le puede decir que no. A veces costaba decirle las malas noticias, cuando algo no funcionaba bien. No le gustaba escuchar lo que en realidad pasaba en los barrios y en las \u00e1reas.<\/p>\n\n\n\n<p><strong>-\u00bfY qu\u00e9 hac\u00eda cuando no le gustaba algo?<\/strong><\/p>\n\n\n\n<p>-Reaccionaba mal, se enojaba much\u00edsimo, despotricaba. Nos dec\u00eda que por qu\u00e9 sal\u00eda todo mal. Pero yo no me call\u00e9 cuando tuve que decirles las cosas. Por ejemplo, cuando ven\u00edan y me dec\u00edan que hab\u00eda ni\u00f1os abusados o violentados en las escuelas. Cuando yo le contaba eso, no le gustaba y gritaba.<\/p>\n\n\n\n<p><strong>-\u00bfA vos te gritaba?<\/strong><\/p>\n\n\n\n<p>-S\u00ed. Levantar la voz y enojarse era su forma de ser. Nosotros \u00edbamos dispuestos a que se enojara y gritara.<\/p>\n\n\n\n<p><strong>-\u00bfEra una persona violenta?<\/strong><\/p>\n\n\n\n<p>-S\u00ed, s\u00ed. Muchas veces le dije que no deb\u00eda reaccionar as\u00ed. Yo le dec\u00eda que se cuidara de tener esas reacciones en la calle. Por eso tenemos una condena social, por sus formas, su voz, sus gestos. La Tupac hizo muchas cosas por los juje\u00f1os. Pero tristemente se opacaba por Milagro Sala. Porque con sus debilidades nos envolvi\u00f3 y todos quedamos en la misma situaci\u00f3n.<\/p>\n\n\n\n<p><strong>-\u00bfAlguna vez sufriste agresiones f\u00edsicas por parte de ella o de su entorno?<\/strong><\/p>\n\n\n\n<p>-F\u00edsicamente no. Pero agresi\u00f3n psicol\u00f3gica y verbal, s\u00ed. Yo comparto las declaraciones de \u201cShakira\u201d (Mirta Guerrero), que dijo que Milagro ten\u00eda una debilidad por los varones y los proteg\u00eda y los mimaba.<\/p>\n\n\n\n<p><strong>- \u201cShakira\u201d tambi\u00e9n cont\u00f3 que Sala orden\u00f3 a un grupo de varones para que la golpearan. \u00bfVos lo sab\u00edas?<\/strong><\/p>\n\n\n\n<p>-S\u00ed, lo sab\u00eda. Ella fue mi compa\u00f1era de trabajo. Mirta me cont\u00f3 que pudo no mostrar dolor ante los golpes y que entonces se iba a poder bancar otras cosas. Milagro Sala se lo hizo para medirla.<\/p>\n\n\n\n<p><strong>-Ahora, someter a una persona a una golpiza, t\u00e9cnicamente es una tortura.<\/strong><\/p>\n\n\n\n<p>\u2013 Y s\u00ed. Cuatro personas golpeando a una mujer en el piso, con la cabeza tapada, que no sabes si s\u00f3lo van a ser golpes.<\/p>\n\n\n\n<p><strong>\u2013 \u00bfLe ten\u00edas miedo a Sala?<\/strong><\/p>\n\n\n\n<p>\u2013 Cuando se enojaba\u2026 \u00a1\u00bfqui\u00e9n no le ten\u00eda miedo?! Hasta los funcionarios le ten\u00edan miedo. Cuando comenc\u00e9 le ten\u00eda admiraci\u00f3n y respeto. Eso debe haber durado hasta que me hizo un reclamo por algo que no comet\u00ed. Eso me doli\u00f3 mucho, porque no me crey\u00f3 y no confi\u00f3.<\/p>\n\n\n\n<p><strong>\u2013 Cuando te referiste a funcionarios, \u00bfeso quiere decir que los ministros de Jujuy le ten\u00edan miedo a Sala?<\/strong><\/p>\n\n\n\n<p>\u2013S\u00ed, porque as\u00ed era su forma. Ella estaba molesta y llegaba a los ministerios y no preguntaba nada. Pateaba los escritorios, pechaba la puerta y entraba.<\/p>\n\n\n\n<p><strong>\u2013 \u00bfVos la has visto hacer eso?<\/strong><\/p>\n\n\n\n<p>\u2013 S\u00ed, s\u00ed. Una vez en el Ministerio de Infraestructura, por ejemplo. Entraba, golpeaba y dec\u00eda que \u201ca m\u00ed me tienen que atender, ustedes son funcionarios\u201d. Entraba siempre acompa\u00f1ada con un s\u00e9quito.<\/p>\n\n\n\n<p class=\"has-medium-font-size\"><strong>Viajes al exterior y bolsos con dinero<\/strong><\/p>\n\n\n\n<p><strong>\u2013 En su \u00faltima declaraci\u00f3n como arrepentida, Shakira habl\u00f3 de viajes que Milagro Sala y dirigentes de la organizaci\u00f3n hac\u00edan al exterior. \u00bfTe constan esos viajes? \u00bfParticipaste de alguno?<\/strong><\/p>\n\n\n\n<p>-S\u00ed, me consta. Milagro viajaba mucho. De hecho, siempre andaba con una mochila a cuesta porque a veces ni llegaba a avisar a su casa. Y Shakira lo sab\u00eda porque ella estaba muy vinculada, le manejaba la agenda a Milagro.<\/p>\n\n\n\n<p><strong>\u2013 \u00bfY vos hiciste alg\u00fan viaje?<\/strong><\/p>\n\n\n\n<p>\u2013S\u00ed, yo viaj\u00e9 a Italia en el 2014. Conoc\u00ed al Papa.<\/p>\n\n\n\n<p><strong>\u2013 \u00bfCu\u00e1ntas personas viajaron?<\/strong><\/p>\n\n\n\n<p>\u2013M\u00e1s de 15 personas.<\/p>\n\n\n\n<p><strong>\u2013\u00bfY desde la Tupac les dieron dinero para llevar?<\/strong><\/p>\n\n\n\n<p>\u2013 S\u00ed, nos dieron un dinero que nos dijeron que de ah\u00ed iba a salir el vi\u00e1tico. Y cuando lleg\u00e1bamos al hotel, deb\u00edamos entregarlo.<\/p>\n\n\n\n<p><strong>\u2013 \u00bfA qui\u00e9n?<\/strong><\/p>\n\n\n\n<p>\u2013 Yo se los entregaba a las chicas de finanzas que estaban ah\u00ed. O \u00edbamos directamente a la habitaci\u00f3n donde estaba Milagro y Ra\u00fal (Noro, esposo de Sala) y se lo dej\u00e1bamos ah\u00ed.<\/p>\n\n\n\n<p><strong>\u2013 \u00bfY cu\u00e1nto dinero era?<\/strong><\/p>\n\n\n\n<p>\u2013 Creo que eran m\u00e1s de USD 10 mil.<\/p>\n\n\n\n<p><strong>\u2013\u00bfY una parte de eso era para vi\u00e1ticos?<\/strong><\/p>\n\n\n\n<p>\u2013No, esos d\u00f3lares los dej\u00e1bamos en el hotel. Despu\u00e9s a parte te daban lo tuyo, para cubrir tus gastos del viaje.<\/p>\n\n\n\n<p><strong>\u2013 \u00bfY qui\u00e9n te daba el dinero antes de salir?<\/strong><\/p>\n\n\n\n<p>\u2013A veces las chicas de finanzas.<\/p>\n\n\n\n<p><strong>\u2013\u00bfQui\u00e9nes son las chicas de finanzas?<\/strong><\/p>\n\n\n\n<p>\u2013Gladis (Noem\u00ed D\u00edaz), a veces la misma \u201cShakira\u201d. O a veces me tocaba a m\u00ed dar vi\u00e1ticos.<\/p>\n\n\n\n<p><strong>\u2013 Y cuando viajaban al exterior, \u00bfsiempre les daban d\u00f3lares?<\/strong><\/p>\n\n\n\n<p>\u2013 S\u00ed, s\u00ed. Yo viaj\u00e9 solamente a Italia.<\/p>\n\n\n\n<p><strong>\u2013Cuando me dec\u00eds que vos tambi\u00e9n a veces dabas vi\u00e1ticos, \u00bfa d\u00f3nde buscabas el dinero?<\/strong><\/p>\n\n\n\n<p>\u2013Todo el dinero se sacaba de la casa de Milagro. En alg\u00fan momento, tambi\u00e9n fui parte del equipo de finanzas. La plata iba para all\u00e1 y de ah\u00ed se retiraba. En su casa de Cuyaya. Se hac\u00edan los n\u00fameros y hab\u00eda una mesa que dec\u00eda \u2018tantas personas viajan, cu\u00e1nto le damos, se resolv\u00eda, se agendaba, y se sacaba ese dinero para pagar.<\/p>\n\n\n\n<p><strong>\u2013 \u00bfO sea, vos explicabas que necesitabas tal vi\u00e1tico para un viaje, te lo autorizaban en la casa de Milagro Sala y te daban el dinero ah\u00ed mismo?<\/strong><\/p>\n\n\n\n<p>\u2013S\u00ed, as\u00ed era. Y se entregaba de mano en mano.<\/p>\n\n\n\n<p><strong>\u2013Y de ese viaje a Italia, \u00bfte consta que todas las personas llevaron dinero?<\/strong><\/p>\n\n\n\n<p>\u2013Todos pasamos por la habitaci\u00f3n y dejamos dinero.<\/p>\n\n\n\n<p><strong>\u2013\u00bfO sea que hab\u00eda miles de d\u00f3lares?<\/strong><\/p>\n\n\n\n<p>\u2013S\u00ed. Pero de ac\u00e1 sal\u00eda efectivo en pesos y en Buenos Aires se cambiaba. En la casa de Milagro hab\u00eda pesos. Y hab\u00eda d\u00f3lares a parte, pero no conozco qu\u00e9 cantidad.<\/p>\n\n\n\n<p><strong>\u2013 \u00bfY a d\u00f3nde llevaban esos pesos?<\/strong><\/p>\n\n\n\n<p>\u2013Al Apart Hotel (frente al edificio de Desarrollo Social), de la Tupac, en Buenos Aires. Ah\u00ed se hac\u00eda el cambio.<\/p>\n\n\n\n<p><strong>\u2013 \u00bfQui\u00e9nes llevaban el dinero a Buenos Aires?<\/strong><\/p>\n\n\n\n<p>\u2013Eran varias personas cercanas a ella.<\/p>\n\n\n\n<p><strong>\u2013\u00bfJos\u00e9 Choque, por ejemplo?<\/strong><\/p>\n\n\n\n<p>\u2013S\u00ed, Jos\u00e9 era una persona muy de confianza del equipo de Milagro.<\/p>\n\n\n\n<p><strong>\u2013\u00bfEn la organizaci\u00f3n era vox populi ese manejo de dinero?<\/strong><\/p>\n\n\n\n<p>\u2013Lo sab\u00eda toda la gente. De hecho, cuando se pagaba a los trabajadores de obra, a los cooperativistas y a todos los sectores, pasaban a cobrar por la sede de la Tupac Amaru en Jujuy, en la calle Alvear. Los d\u00edas de cobro era un d\u00eda de fiesta para los comerciantes de la zona, porque hab\u00eda filas y filas de cooperativistas de la organizaci\u00f3n cobrando.<\/p>\n\n\n\n<p><strong>\u2013\u00bfTodos los miembros de la Tupac pasaban a cobrar por ah\u00ed?<\/strong><\/p>\n\n\n\n<p>\u2013S\u00ed, todos sub\u00edan a la sede central y les pagaban en efectivo. Llegaban los bolsos con plata, se armaban como cajas y se les pagaba. La plata ven\u00eda de Cuyaya (casa de Sala), se colocaba en una habitaci\u00f3n y luego se hac\u00edan los pagos.<\/p>\n\n\n\n<p><strong>\u2013\u00bfY de d\u00f3nde proven\u00eda ese dinero?<\/strong><\/p>\n\n\n\n<p>\u2013De provincia y de Naci\u00f3n, por las obras asignadas a distintas cooperativas de la Tupac en el interior y de la capital.<\/p>\n\n\n\n<p><strong>\u2013Y en ese hotel de Buenos Aires, adem\u00e1s de cambiar pesos por d\u00f3lares, \u00bfqu\u00e9 se hac\u00eda?<\/strong><\/p>\n\n\n\n<p>\u2013Era un lugar de reuniones y encuentros con la dirigencia Tupac de Buenos Aires y de otras provincias.<\/p>\n\n\n\n<p><strong>\u2013\u00bfVos estuviste ah\u00ed?<\/strong><\/p>\n\n\n\n<p>\u2013S\u00ed, varias veces.<\/p>\n\n\n\n<p><strong>\u2013En alguna de las causas se investiga que hab\u00eda asignada la construcci\u00f3n de 2000 viviendas y en verdad se constru\u00edan menos. \u00bfQu\u00e9 pasaba con el resto del dinero que no se destinaba a las construcciones?<\/strong><\/p>\n\n\n\n<p>\u2013Como me sum\u00e9 tarde a su equipo de confianza, no me consta eso. Lo que s\u00ed sab\u00eda era lo bien que nos atend\u00eda el gobierno nacional por ese entonces. Llegaba mucha plata para gastos. Descubr\u00ed tarde de d\u00f3nde ven\u00eda esa plata extra que se gastaba en otra cosa que no era la construcci\u00f3n de viviendas.<\/p>\n\n\n\n<p><strong>\u2013\u00bfC\u00f3mo plata extra? \u00bfY en qu\u00e9 se gastaba?<\/strong><\/p>\n\n\n\n<p>\u2013Plata que se usaba para la compra de veh\u00edculos, en regalos costosos. Milagro ten\u00eda muchos veh\u00edculos y tambi\u00e9n le regalaba a gente cercana a ella. Por ejemplo, hay algunos que tienen camionetas Amarok que les dio Milagro.<\/p>\n\n\n\n<p><strong>\u2013\u00bfPero a qui\u00e9n le daba estos regalos?<\/strong><\/p>\n\n\n\n<p>\u2013A gente de confianza de ella y a encargados de obras, que eran premiados y ten\u00edan un veh\u00edculo. Les regalaba Amarok, casas amobladas, cosas as\u00ed.<\/p>\n\n\n\n<p><strong>\u2013\u00bfY qu\u00e9 te pasaba con todo eso que ve\u00edas y escuchabas? \u00bfAlguna vez le dijiste algo a ella?<\/strong><\/p>\n\n\n\n<p>\u2013(Se r\u00ede) No, no se cuestionaba. Las \u00f3rdenes se cumpl\u00edan. Un lema en la organizaci\u00f3n era que las \u00f3rdenes no se discuten, se cumplen. Te dec\u00edan \u2018no preguntes, hacelo\u2019. En alguna oportunidad le hice alg\u00fan tipo de observaci\u00f3n y no le gust\u00f3.<\/p>\n\n\n\n<p><strong>\u2013Hablaste de muchos viajes a Buenos Aires. Adem\u00e1s de las reuniones entre dirigentes de la Tupac, \u00bfa qu\u00e9 viajaban tanto?<\/strong><\/p>\n\n\n\n<p>\u2013Tambi\u00e9n se hac\u00edan reuniones con funcionarios nacionales. Alejandro \u201cCoco\u201d Garfagnini era el referente nacional que se ocupaba de armar la agenda de ella en Buenos Aires.<\/p>\n\n\n\n<p><strong>\u2013\u00bfVos alguna vez estuviste junto a ella con alg\u00fan ministro nacional?<\/strong><\/p>\n\n\n\n<p>\u2013No, a esas reuniones s\u00f3lo iban Milagro, su marido y su c\u00edrculo m\u00e1s \u00edntimo.<\/p>\n\n\n\n<p><strong>\u2013Durante el tiempo que estuviste cerca de ella, crees que Milagro ten\u00eda m\u00e1s poder que el gobernador?<\/strong><\/p>\n\n\n\n<p>\u2013Ten\u00eda tanto poder como el gobernador. Al punto de que cuando se inundaban los barrios ac\u00e1, hab\u00eda gente que corr\u00eda a verla a ella para que lo solucionara. Cuando hab\u00eda gente complicada de salud, la iban a ver y ella la mandaba a atender en Buenos Aires. Ten\u00eda poder y creo que lo sigue teniendo.<\/p>\n\n\n\n<p><strong>\u2013\u00bfSent\u00eds que ella los abandon\u00f3?<\/strong><\/p>\n\n\n\n<p>\u2013S\u00ed, ella y su dirigencia. A partir del 2016. Yo ah\u00ed la vi en la c\u00e1rcel, le dije que ac\u00e1 en el barrio hab\u00eda hambre, robos, usurpaci\u00f3n, saqueos. Y sus funcionarios pol\u00edticos, a los que pusimos todos a ocupar un lugar de poder, podr\u00edan haber sido nuestro nexo con el gobierno. Las obras y las instituciones ten\u00edan que continuar. Pero no lo hicieron y se olvidaron de todos nosotros. Se ocuparon de cuidarse entre ellos y a nosotros nos llamaron traidores.<\/p>\n\n\n\n<p><strong>\u2013\u00bfPor qu\u00e9?<\/strong><\/p>\n\n\n\n<p>\u2013Porque nos sentamos a hablar con el gobierno provincial de Morales. No hab\u00eda otra opci\u00f3n. Nos tuvimos que organizar solos, con ollas populares, para darle de comer a la gente del barrio.<\/p>\n\n\n\n<p><strong>\u2013\u00bfY el gobierno nacional?<\/strong><\/p>\n\n\n\n<p>\u2013Tampoco. No entiendo por qu\u00e9 no nos socorrieron en las \u00e9pocas dif\u00edciles. Tanta plata que se dice que hay desde la obra p\u00fablica, de vialidad, los bolsones de L\u00e1zaro B\u00e1ez, y nosotros ac\u00e1 estamos haciendo vaquita para que coman los ni\u00f1os.<\/p>\n\n\n\n<p><strong>\u2013El presidente estuvo en Jujuy.<\/strong><\/p>\n\n\n\n<p>\u2013El presidente s\u00f3lo vino a ver a Milagro Sala. De nosotros nadie se ocupa. Nosotros tuvimos que salir solos y por poner la cara con el actual gobierno provincial nos dijeron traidores.<\/p>\n\n\n\n<p><strong>\u2013\u00bfY qu\u00e9 pas\u00f3 desde que Milagro Sala los consider\u00f3 \u201ctraidores\u201d?<\/strong><\/p>\n\n\n\n<p>\u2013Lo pagamos caro. Tuvimos amenazas, aprietes, insultos. A m\u00ed me rompieron tres veces el parabrisas del auto y me pincharon las gomas. Nos cost\u00f3 mucho de ambos lados y resistimos. Hay familias de pie. Nos cost\u00f3 mucho y seguimos. Las instituciones deben quedar, las personas somos circunstanciales.<\/p>\n\n\n\n<p><strong>\u2013 \u00bfY c\u00f3mo fue la relaci\u00f3n con Sala desde que la detuvieron?<\/strong><\/p>\n\n\n\n<p>\u2013 Ella dec\u00eda que primero que nada le solucion\u00e1ramos lo de su libertad. Nos dec\u00eda que no le abri\u00e9ramos las puertas a nadie del gobierno provincial. No entend\u00eda, no ten\u00eda ni idea de lo que pasaba afuera. Despu\u00e9s de estar detenida perdi\u00f3 la noci\u00f3n.<\/p>\n\n\n\n<p><strong>\u2013Si ten\u00e9s que definirla, \u00bfqu\u00e9 es Milagro Sala?<\/strong><\/p>\n\n\n\n<p>\u2013Es una mujer llena de odio, de rencor. Es ego\u00edsta, encerrada en s\u00ed misma que no quiere mirar m\u00e1s all\u00e1 y que est\u00e1 actuando inmovilizada por ese odio. Ella est\u00e1 dejando salir su ira, su violencia y por eso act\u00faa as\u00ed.<\/p>\n\n\n\n<p><strong>\u2013\u00bfAlguna vez la quisiste?<\/strong><\/p>\n\n\n\n<p>\u2013La idolatr\u00e9 y llegu\u00e9 a ponerla como ejemplo.<\/p>\n\n\n\n<p><strong>\u2013\u00bfTe defraud\u00f3?<\/strong><\/p>\n\n\n\n<p>\u2013S\u00ed.<\/p>\n\n\n\n<p><strong>\u2013\u00bfPara vos la Tupac Amaru termin\u00f3?<\/strong><\/p>\n\n\n\n<p>\u2013La Tupac tuvo su ciclo y dej\u00f3 obras que hay que sostenerlas. Si Tupac Amaru viviera, se levanta y nos desmembra a todos, porque todos hicimos muchas cosas mal. Tanta culpa tiene el que hace como el que deja hacer. Nosotros tambi\u00e9n tenemos mucha culpa en esto.<\/p>\n\n\n\n<p><strong>\u2013\u00bfTe arrepentis de algo?<\/strong><\/p>\n\n\n\n<p>\u2013De no haber cuidado a mi familia. Entraba a trabajar a las 7 y volv\u00eda a la 1 de la ma\u00f1ana. Mis hijos hoy son grandes y me dicen que aunque ten\u00edan todo, no me ten\u00edan a m\u00ed.<\/p>\n\n\n\n<p><strong>\u2013\u00bfVolver\u00edas a hablar con Milagro?<\/strong><\/p>\n\n\n\n<p>\u2013No. Es algo cerrado. Pero me gustar\u00eda que sepa que dej\u00f3 tirada a mucha gente. S\u00f3lo atendi\u00f3 al que le fue a decir algo bonito que ella quer\u00eda escuchar.<\/p>\n","protected":false},"excerpt":{"rendered":"<p>La docente que fue colaboradora de la l\u00edder de la Tupac Amaru confiesa haber participado de maniobras con dinero p\u00fablico: \u201cSal\u00eda de la casa de Milagro y cambi\u00e1bamos pesos por d\u00f3lares en un hotel de Buenos Aires\u201d, admite. Si cualquier destino consta del momento en que uno sabe definitivamente qui\u00e9n es, el de Patricia Jald\u00edn [&hellip;]<\/p>\n","protected":false},"author":49,"featured_media":350574,"comment_status":"open","ping_status":"open","sticky":false,"template":"","format":"standard","meta":{"_stopmodifiedupdate":false,"_modified_date":"","inline_featured_image":false,"spay_email":"","jetpack_publicize_message":""},"categories":[2,514],"tags":[],"jetpack_featured_media_url":"https:\/\/notinor.com\/jujuy\/wp-content\/uploads\/2022\/08\/patricia-jaldin.jpg","jetpack_publicize_connections":[],"_links":{"self":[{"href":"https:\/\/notinor.com\/jujuy\/wp-json\/wp\/v2\/posts\/350572"}],"collection":[{"href":"https:\/\/notinor.com\/jujuy\/wp-json\/wp\/v2\/posts"}],"about":[{"href":"https:\/\/notinor.com\/jujuy\/wp-json\/wp\/v2\/types\/post"}],"author":[{"embeddable":true,"href":"https:\/\/notinor.com\/jujuy\/wp-json\/wp\/v2\/users\/49"}],"replies":[{"embeddable":true,"href":"https:\/\/notinor.com\/jujuy\/wp-json\/wp\/v2\/comments?post=350572"}],"version-history":[{"count":2,"href":"https:\/\/notinor.com\/jujuy\/wp-json\/wp\/v2\/posts\/350572\/revisions"}],"predecessor-version":[{"id":350583,"href":"https:\/\/notinor.com\/jujuy\/wp-json\/wp\/v2\/posts\/350572\/revisions\/350583"}],"wp:featuredmedia":[{"embeddable":true,"href":"https:\/\/notinor.com\/jujuy\/wp-json\/wp\/v2\/media\/350574"}],"wp:attachment":[{"href":"https:\/\/notinor.com\/jujuy\/wp-json\/wp\/v2\/media?parent=350572"}],"wp:term":[{"taxonomy":"category","embeddable":true,"href":"https:\/\/notinor.com\/jujuy\/wp-json\/wp\/v2\/categories?post=350572"},{"taxonomy":"post_tag","embeddable":true,"href":"https:\/\/notinor.com\/jujuy\/wp-json\/wp\/v2\/tags?post=350572"}],"curies":[{"name":"wp","href":"https:\/\/api.w.org\/{rel}","templated":true}]}}